{"id":1770,"date":"2019-06-03T08:36:01","date_gmt":"2019-06-03T06:36:01","guid":{"rendered":"http:\/\/annapisze.art\/?p=1770"},"modified":"2019-06-03T10:20:11","modified_gmt":"2019-06-03T08:20:11","slug":"zegnaj-maju-na-rok","status":"publish","type":"post","link":"https:\/\/annapisze.art\/?p=1770","title":{"rendered":"\u017begnaj, maju, na rok&#8230;"},"content":{"rendered":"<p>Weekend pogodny, ciep\u0142y, s\u0142oneczny, taki powinien by\u0107. W blasku s\u0142o\u0144ca od razu chce si\u0119 \u017cy\u0107. Wsp\u00f3\u0142czuj\u0119 osobom, kt\u00f3re lata nie lubi\u0105, takich jest przecie\u017c ca\u0142kiem sporo. Najcz\u0119\u015bciej ze wzgl\u0119d\u00f3w zdrowotnych maj\u0105 negatywny stosunek do lata. A ja kocham s\u0142o\u0144ce i ciep\u0142o, i<br \/>\nnie znosz\u0119 zimy.<br \/>\nNie do wiary, \u017ce maj mamy ju\u017c za sob\u0105. Przez rok czekam na ten najpi\u0119kniejszy miesi\u0105c w roku a on ju\u017c sobie poszed\u0142 \ud83d\ude41 Tak bardzo nie chcia\u0142am, \u017ceby mija\u0142, i\u017c nie zauwa\u017cy\u0142am ostatniego majowego dnia. Wci\u0105\u017c mi si\u0119 zdawa\u0142o, \u017ce 1 czerwca b\u0119dzie dopiero nazajutrz.<br \/>\nZadzwoni\u0142a przyjaci\u00f3\u0142ka M. z \u017cyczeniami &#8211; bo my sobie sk\u0142adamy z r\u00f3\u017cnych dziwnych (dla niewtajemniczonych) okazji &#8211; a ja nie uwierzy\u0142am, \u017ce jest Dzie\u0144 Dziecka! Niestety, kalendarz potwierdzi\u0142, \u017ce to ja si\u0119 myl\u0119! Wi\u0119c szybko za telefon i do wszystkich dzieci ze<br \/>\nsp\u00f3\u017anionymi ca\u0142usami &#8222;dzieckowymi&#8221;. Dzieci si\u0119 nie przej\u0119\u0142y a ja tak. Skoro jednak \u015bwi\u0119to sta\u0142o si\u0119 faktem, zafundowali\u015bmy sobie z M\u0119\u017cem lody do kawy, zgodnie z sms-em od Ma\u0142ego: &#8222;Wam, dzieciaki nieco starsze, te\u017c wszystkiego co najlepsze&#8221;. Najlepsze wyda\u0142y nam si\u0119 lody oraz nalewka z pigwy, dla zdrowotno\u015bci oczywi\u015bcie \ud83d\ude42 Babcia D. by\u0142a zadowolona bo lubi lody ale nie kojarzy\u0142a daty, my nie przypominali\u015bmy, bo chcia\u0142aby i\u015b\u0107 do sklepu po jakie\u015b prezenty wi\u0119c lepiej, \u017ce nie pami\u0119ta\u0142a, by\u0142by problem. A tak &#8211; posiedzia\u0142a w<br \/>\nogr\u00f3dku korzystaj\u0105c z \u0142adnej pogody, porusza\u0142a si\u0119 troch\u0119 i to pow\u00f3d do rado\u015bci, bo przecie\u017c ruch jest jej bardzo potrzebny. Na co dzie\u0144 trudno j\u0105 do niego zach\u0119ci\u0107.<br \/>\nPoranki witaj\u0105 mnie tak przecudne, \u017ce a\u017c dech zapiera. Dos\u0142ownie, nie w przeno\u015bni \ud83d\ude42 Osza\u0142amiaj\u0105cy zapach \u015bwie\u017cych, zroszonych nocn\u0105 ros\u0105 ro\u015blin mog\u0119 wdycha\u0107 i wdycha\u0107 i chyba wpad\u0142abym w trans hipnotyczny gdyby nie psiaki, kt\u00f3re t\u0119 czynno\u015b\u0107 przerywaj\u0105 co chwil\u0119. I dobrze, bo inaczej nie mog\u0142abym si\u0119 napawa\u0107 widokiem mg\u0142y unosz\u0105cej si\u0119 nad \u0142\u0105k\u0105, s\u0142o\u0144ca przebijaj\u0105cego si\u0119 przez jeszcze zielone \u015bwie\u017c\u0105 zieleni\u0105 li\u015bcie. Je\u015bli temperatura b\u0119dzie wysoka &#8211; jak zapowiadaj\u0105 &#8211; to takie \u015bwie\u017ce nie b\u0119d\u0105. Z regu\u0142y ju\u017c w czerwcu trawa staje si\u0119 \u017c\u00f3\u0142ta miejscami, wypalona s\u0142o\u0144cem. Korzystam wi\u0119c p\u00f3ki mo\u017cna. Po ostatnich ulewach do lasku nie da\u0142o si\u0119 przej\u015b\u0107, woda miejscami sta\u0142a do\u015b\u0107 g\u0142\u0119boko, wczoraj ju\u017c obesch\u0142a i posz\u0142am z psiakami. Trawa uros\u0142a do pasa, na szcz\u0119\u015bcie kto\u015b wyci\u0105\u0142 \u015bcie\u017ck\u0119 i mo\u017cna i\u015b\u0107 w las. Psiaki zabezpieczamy przed kleszczami, wi\u0119c mam nadziej\u0119, \u017ce nic im nie grozi. A swoj\u0105 drog\u0105 jako dziecko nie s\u0142ysza\u0142am o \u017cadnych kleszczach, biega\u0142o si\u0119 po \u0142\u0105kach, polach, po lesie na bosaka, w kr\u00f3tkich spodenkach i nikomu nic si\u0119 nie dzia\u0142o. Jak mo\u017cna latem chodzi\u0107 ubranym od st\u00f3p do g\u0142\u00f3w? To jakby nie by\u0142o lata i wakacji!<br \/>\nTroch\u0119 ogr\u00f3dkowych prac mam zaliczonych. Oberwa\u0142am przekwitni\u0119ty bez z wielkim \u017calem, \u017ce ju\u017c trzeba, tak szybko \ud83d\ude41 Ma\u0142y lilaczek Meyera te\u017c ju\u017c po kwitni\u0119ciu. Obci\u0119\u0142am mu sporo ga\u0142\u0105zek bo rozr\u00f3s\u0142 si\u0119 na boki i do przodu za bardzo, teraz jest zgrabniejszy i nie zajmuje tak du\u017co miejsca. Co rok tak robi\u0119 i wychodzi mu na zdrowie. Czeka nas przyci\u0119cie iglak\u00f3w. Nam nie przeszkadzaj\u0105 tuj\u0119, s\u0105 pi\u0119kne i sprawiaj\u0105 rado\u015b\u0107. Ale tylko nam, s\u0105siadom podobno zas\u0142aniaj\u0105 s\u0142o\u0144ce, troch\u0119 trzeba je wi\u0119c b\u0119dzie skr\u00f3ci\u0107. Nasze ogr\u00f3deczki s\u0105<br \/>\nmikroskopijne i musimy si\u0119 liczy\u0107 z tak bliskim s\u0105siedztwem. C\u00f3\u017c, samo \u017cycie. Przypominaj\u0105 si\u0119 ogrody z dzieci\u0144stwa, du\u017ce, z wielkimi jab\u0142oniami starych odmian, jakich ju\u017c dzi\u015b nie ma. Tak mi si\u0119 na nich fajnie siedzia\u0142o i czyta\u0142o ksi\u0105\u017cki, deklamowa\u0142o wiersze i marzy\u0142o&#8230;<br \/>\nMaj by\u0142 dla nas wyj\u0105tkowo m\u0119cz\u0105cy pod wzgl\u0119dem medycznym, nagromadzi\u0142o si\u0119 wizyt i zabieg\u00f3w i og\u00f3lnie kontakt\u00f3w ze s\u0142u\u017cb\u0105 zdrowia by\u0142a ogromna ilo\u015b\u0107. Ostatnia to operacja za\u0107my u M\u0119\u017ca, kt\u00f3ra mia\u0142a si\u0119 odby\u0107 w listopadzie a tu &#8211; niespodzianka. Telefon z przychodni, \u017ce terminy si\u0119 zmieni\u0142y, zatrudnili chyba dodatkowych lekarzy bo robi\u0105 wi\u0119cej zabieg\u00f3w i M\u0119\u017ca termin przeniesiono na maj. Dzi\u015b babcia D. ma wizyt\u0119 u pani doktor od osteoporozy, s\u0142ysz\u0119 wod\u0119 w \u0142azience wi\u0119c chyba si\u0119 szykuje. Na razie jest ok, nie ma napad\u00f3w z\u0142o\u015bci a mnie serce mi\u0119knie, kiedy jest mi\u0142a i sympatyczna. Oby jak najd\u0142u\u017cej.<br \/>\nDobrego tygodnia \u017cycz\u0119, spokojnego, ciep\u0142ego i duuu\u017co s\u0142oneczka w duszy, w sercu, w g\u0142owie te\u017c \ud83d\ude42 \ud83d\ude42 \ud83d\ude42<\/p>\n<div id=\"attachment_1668\" style=\"width: 510px\" class=\"wp-caption aligncenter\"><img loading=\"lazy\" decoding=\"async\" aria-describedby=\"caption-attachment-1668\" class=\"wp-image-1668\" src=\"https:\/\/annapisze.art\/wp-content\/uploads\/2019\/04\/100_2828-300x226.jpg\" alt=\"\" width=\"500\" height=\"376\" srcset=\"https:\/\/annapisze.art\/wp-content\/uploads\/2019\/04\/100_2828-300x226.jpg 300w, https:\/\/annapisze.art\/wp-content\/uploads\/2019\/04\/100_2828-1024x771.jpg 1024w\" sizes=\"auto, (max-width: 500px) 100vw, 500px\" \/><p id=\"caption-attachment-1668\" class=\"wp-caption-text\">Tego s\u0142odkiego psiaczka spotykali\u015bmy po drodze do schroniska pod Bere\u015bnikiem<\/p><\/div>\n<div class=\"fcbkbttn_buttons_block\" id=\"fcbkbttn_middle\"><div class=\"fcbkbttn_like \"><fb:like href=\"https:\/\/annapisze.art\/?p=1770\" action=\"like\" colorscheme=\"light\" layout=\"box_count\"  size=\"small\"><\/fb:like><\/div><div class=\"fb-share-button  \" data-href=\"https:\/\/annapisze.art\/?p=1770\" data-type=\"button_count\" data-size=\"small\"><\/div><\/div>","protected":false},"excerpt":{"rendered":"<p>Weekend pogodny, ciep\u0142y, s\u0142oneczny, taki powinien by\u0107. W blasku s\u0142o\u0144ca od razu chce si\u0119 \u017cy\u0107. Wsp\u00f3\u0142czuj\u0119 osobom, kt\u00f3re lata nie lubi\u0105, takich jest przecie\u017c ca\u0142kiem sporo. Najcz\u0119\u015bciej ze wzgl\u0119d\u00f3w zdrowotnych maj\u0105 negatywny stosunek do lata. A ja kocham s\u0142o\u0144ce i &hellip; <a href=\"https:\/\/annapisze.art\/?p=1770\">Czytaj dalej <span class=\"meta-nav\">&rarr;<\/span><\/a><\/p>\n","protected":false},"author":1,"featured_media":0,"comment_status":"open","ping_status":"open","sticky":false,"template":"","format":"standard","meta":{"footnotes":""},"categories":[8],"tags":[],"class_list":["post-1770","post","type-post","status-publish","format-standard","hentry","category-mysle-sobie"],"_links":{"self":[{"href":"https:\/\/annapisze.art\/index.php?rest_route=\/wp\/v2\/posts\/1770","targetHints":{"allow":["GET"]}}],"collection":[{"href":"https:\/\/annapisze.art\/index.php?rest_route=\/wp\/v2\/posts"}],"about":[{"href":"https:\/\/annapisze.art\/index.php?rest_route=\/wp\/v2\/types\/post"}],"author":[{"embeddable":true,"href":"https:\/\/annapisze.art\/index.php?rest_route=\/wp\/v2\/users\/1"}],"replies":[{"embeddable":true,"href":"https:\/\/annapisze.art\/index.php?rest_route=%2Fwp%2Fv2%2Fcomments&post=1770"}],"version-history":[{"count":5,"href":"https:\/\/annapisze.art\/index.php?rest_route=\/wp\/v2\/posts\/1770\/revisions"}],"predecessor-version":[{"id":1775,"href":"https:\/\/annapisze.art\/index.php?rest_route=\/wp\/v2\/posts\/1770\/revisions\/1775"}],"wp:attachment":[{"href":"https:\/\/annapisze.art\/index.php?rest_route=%2Fwp%2Fv2%2Fmedia&parent=1770"}],"wp:term":[{"taxonomy":"category","embeddable":true,"href":"https:\/\/annapisze.art\/index.php?rest_route=%2Fwp%2Fv2%2Fcategories&post=1770"},{"taxonomy":"post_tag","embeddable":true,"href":"https:\/\/annapisze.art\/index.php?rest_route=%2Fwp%2Fv2%2Ftags&post=1770"}],"curies":[{"name":"wp","href":"https:\/\/api.w.org\/{rel}","templated":true}]}}