{"id":1733,"date":"2019-05-03T19:51:29","date_gmt":"2019-05-03T17:51:29","guid":{"rendered":"http:\/\/annapisze.art\/?p=1733"},"modified":"2019-11-09T22:13:38","modified_gmt":"2019-11-09T21:13:38","slug":"3-maja","status":"publish","type":"post","link":"https:\/\/annapisze.art\/?p=1733","title":{"rendered":"3 Maja"},"content":{"rendered":"<p>Dzi\u015b ju\u017c mija trzeci dzie\u0144 maja. Zrobi\u0142o si\u0119 ch\u0142odniej, ale poniewa\u017c nie chodz\u0119 po Pieninach, jest mi to oboj\u0119tne, aby tylko z psami da\u0142o si\u0119 wyj\u015b\u0107, wi\u0119cej nic nie trzeba. W minione d\u0142ugie majowe weekendy podczas kt\u00f3rych wyje\u017cd\u017cali\u015bmy z M\u0119\u017cem, mieli\u015bmy pogod\u0119\u00a0najprzer\u00f3\u017cniejsz\u0105. By\u0142y upa\u0142y, po kt\u00f3rych wraca\u0142am opalona jak po letnich wakacjach, by\u0142y te\u017c deszczowe dni ale nam to wtedy nie przeszkadza\u0142o w pokonywaniu d\u0142ugich tras. Zdarzy\u0142 si\u0119 grad du\u017cy niczym przepi\u00f3rcze jajeczka. Nigdy nie zapomn\u0119 jak wybrali\u015bmy si\u0119 do Zakopanego, odstali\u015bmy swoje w d\u0142ugim ogonku po bilet na kolejk\u0119, \u017ceby wjecha\u0107 na Kasprowy a tam &#8211; \u015bnieg! Ja z go\u0142ymi nogami na \u015bniegu! By\u0142a niejednokrotnie t\u0119cza na niebie, by\u0142o \u015bwi\u0119to w\u00f3d na placu Dietla, by\u0142y uroczysto\u015bci zwi\u0105zane ze \u015bwi\u0119tem Trzeciego Maja, \u015bwi\u0119tem Konstytucji.<br \/>\nW Szczawnicy 3 maja odbywaj\u0105 si\u0119 uroczysto\u015bci patriotyczne na Przys\u0142opie, obok malutkiej osady g\u00f3ralskiej znajduj\u0105cej si\u0119 na szlaku na Przehyb\u0119. Tego dnia czci si\u0119 r\u00f3wnie\u017c pami\u0119\u0107 poleg\u0142ych za ojczyzn\u0119 partyzant\u00f3w AK oraz spalon\u0105 \u017cywcem we w\u0142asnym domu rodzin\u0119<br \/>\nFijas\u00f3w. Na polanie stoi kaplica, tam zawsze w dniu 3 maja odprawiana jest msza, na kt\u00f3r\u0105 t\u0142umnie przybywaj\u0105 mieszka\u0144cy oraz tury\u015bci. Dalek\u0105 tras\u0119 trzeba pokona\u0107 z miasteczka do polanki na Przehybie. Nam si\u0119 to zdarzy\u0142o kilkakrotnie, ogl\u0105dali\u015bmy te\u017c z<br \/>\nprzyjemno\u015bci\u0105 banderi\u0119 konn\u0105, kt\u00f3ra zawsze towarzyszy uroczysto\u015bciom.<\/p>\n<div id=\"attachment_1723\" style=\"width: 510px\" class=\"wp-caption aligncenter\"><img loading=\"lazy\" decoding=\"async\" aria-describedby=\"caption-attachment-1723\" class=\"wp-image-1723\" src=\"https:\/\/annapisze.art\/wp-content\/uploads\/2019\/05\/P1300011-300x224.jpg\" alt=\"\" width=\"500\" height=\"374\" srcset=\"https:\/\/annapisze.art\/wp-content\/uploads\/2019\/05\/P1300011-300x224.jpg 300w, https:\/\/annapisze.art\/wp-content\/uploads\/2019\/05\/P1300011-1024x766.jpg 1024w\" sizes=\"auto, (max-width: 500px) 100vw, 500px\" \/><p id=\"caption-attachment-1723\" class=\"wp-caption-text\">Maj\u00f3wka na \u015bniegu na Kasprowym<\/p><\/div>\n<div id=\"attachment_1726\" style=\"width: 510px\" class=\"wp-caption aligncenter\"><img loading=\"lazy\" decoding=\"async\" aria-describedby=\"caption-attachment-1726\" class=\"wp-image-1726\" src=\"https:\/\/annapisze.art\/wp-content\/uploads\/2019\/05\/100_0267-300x226.jpg\" alt=\"\" width=\"500\" height=\"376\" srcset=\"https:\/\/annapisze.art\/wp-content\/uploads\/2019\/05\/100_0267-300x226.jpg 300w, https:\/\/annapisze.art\/wp-content\/uploads\/2019\/05\/100_0267-1024x771.jpg 1024w\" sizes=\"auto, (max-width: 500px) 100vw, 500px\" \/><p id=\"caption-attachment-1726\" class=\"wp-caption-text\">Kaplica na Przys\u0142opie, z przodu ksi\u0119ga pami\u0105tkowa, do kt\u00f3rej si\u0119 wpisuj\u0105 go\u015bcie<\/p><\/div>\n<div id=\"attachment_1728\" style=\"width: 510px\" class=\"wp-caption aligncenter\"><img loading=\"lazy\" decoding=\"async\" aria-describedby=\"caption-attachment-1728\" class=\"wp-image-1728\" src=\"https:\/\/annapisze.art\/wp-content\/uploads\/2019\/05\/100_0254-300x226.jpg\" alt=\"\" width=\"500\" height=\"376\" srcset=\"https:\/\/annapisze.art\/wp-content\/uploads\/2019\/05\/100_0254-300x226.jpg 300w, https:\/\/annapisze.art\/wp-content\/uploads\/2019\/05\/100_0254-1024x771.jpg 1024w\" sizes=\"auto, (max-width: 500px) 100vw, 500px\" \/><p id=\"caption-attachment-1728\" class=\"wp-caption-text\">T\u0142umy ludzi przybywaj\u0105 na uroczysto\u015bci<\/p><\/div>\n<div id=\"attachment_1730\" style=\"width: 510px\" class=\"wp-caption aligncenter\"><img loading=\"lazy\" decoding=\"async\" aria-describedby=\"caption-attachment-1730\" class=\"wp-image-1730\" src=\"https:\/\/annapisze.art\/wp-content\/uploads\/2019\/05\/100_0260-300x226.jpg\" alt=\"\" width=\"500\" height=\"376\" srcset=\"https:\/\/annapisze.art\/wp-content\/uploads\/2019\/05\/100_0260-300x226.jpg 300w, https:\/\/annapisze.art\/wp-content\/uploads\/2019\/05\/100_0260-1024x771.jpg 1024w\" sizes=\"auto, (max-width: 500px) 100vw, 500px\" \/><p id=\"caption-attachment-1730\" class=\"wp-caption-text\">Tu wida\u0107 jak pi\u0119knie po\u0142o\u017cona jest kaplica<\/p><\/div>\n<div id=\"attachment_1725\" style=\"width: 510px\" class=\"wp-caption aligncenter\"><img loading=\"lazy\" decoding=\"async\" aria-describedby=\"caption-attachment-1725\" class=\"wp-image-1725\" src=\"https:\/\/annapisze.art\/wp-content\/uploads\/2019\/05\/100_0270-300x226.jpg\" alt=\"\" width=\"500\" height=\"376\" srcset=\"https:\/\/annapisze.art\/wp-content\/uploads\/2019\/05\/100_0270-300x226.jpg 300w, https:\/\/annapisze.art\/wp-content\/uploads\/2019\/05\/100_0270-1024x771.jpg 1024w\" sizes=\"auto, (max-width: 500px) 100vw, 500px\" \/><p id=\"caption-attachment-1725\" class=\"wp-caption-text\">Z okazji \u015bwi\u0119ta dekoracje s\u0105 na trasie przejazdu banderii konnej<\/p><\/div>\n<div id=\"attachment_1729\" style=\"width: 510px\" class=\"wp-caption aligncenter\"><img loading=\"lazy\" decoding=\"async\" aria-describedby=\"caption-attachment-1729\" class=\"wp-image-1729\" src=\"https:\/\/annapisze.art\/wp-content\/uploads\/2019\/05\/100_0255-300x226.jpg\" alt=\"\" width=\"500\" height=\"376\" srcset=\"https:\/\/annapisze.art\/wp-content\/uploads\/2019\/05\/100_0255-300x226.jpg 300w, https:\/\/annapisze.art\/wp-content\/uploads\/2019\/05\/100_0255-1024x771.jpg 1024w\" sizes=\"auto, (max-width: 500px) 100vw, 500px\" \/><p id=\"caption-attachment-1729\" class=\"wp-caption-text\">Konie w g\u00f3rach, czy\u017c to nie pi\u0119kne?<\/p><\/div>\n<p>Oczywi\u015bcie nie m\u00f3wi\u0119 o jako\u015bci zdj\u0119\u0107, tylko o tym, co na nich wida\u0107. Szczerze m\u00f3wi\u0105c nie wiem czy widzicie cokolwiek. Je\u015bli kiedy\u015b uda si\u0119 zrobi\u0107 porz\u0105dne fotki ( czyli je\u015bli uda sie pojecha\u0107 do Szczawnicy) to je wstawi\u0119. nie przysz\u0142oby mi wcze\u015bniej do g\u0142owy, \u017ce b\u0119d\u0119 je komu\u015b pokazywa\u0107. Nam wystarcza\u0142y, mo\u017cemy je ogl\u0105da\u0107 w k\u00f3\u0142ko na okr\u0105g\u0142o \ud83d\ude42<\/p>\n<p>Musz\u0119 jeszcze koniecznie wspomnie\u0107 o mi\u0142ym akcencie dzisiejszego dnia \ud83d\ude42 Ot\u00f3\u017c z ma\u0142\u017conkiem i synkiem wpad\u0142a do nas blogowa nasza\u00a0Myszka z bloga kotimyszkot.wordpress.com , kt\u00f3ra maj\u00f3wk\u0119 rodzinnie sp\u0119dza\u0142a w W-wie zwiedzaj\u0105c ile tylko si\u0119 da\u0142o. Przemi\u0142e m\u0142ode\u00a0ma\u0142\u017ce\u0144stwo i cudowny, s\u0142odki ma\u0142y synek, kt\u00f3ry o\u015bwiadczy\u0142, \u017ce&#8221;ju\u017c je z du\u017cego talerza bo ju\u017c jest du\u017cy&#8221; \ud83d\ude42 \ud83d\ude42 \ud83d\ude42 Dosta\u0142am m.in.\u00a0\u015bliczn\u0105 pelargoni\u0119, pi\u0119knie dokorowan\u0105 \u015bwiec\u0119 i czarodziejsk\u0105 r\u00f3\u017cd\u017ck\u0119 dla Calineczki \ud83d\ude42 Szkoda, \u017ce nie mam mocy aby jej u\u017cywa\u0107 \ud83d\ude09 Ile\u017c\u00a0dobrego mog\u0142abym zrobi\u0107! Wci\u0105\u017c powtarzam, \u017ce gdybym mia\u0142a czapk\u0119 niewidk\u0119, siedmiomilowe buty i kije samobije zrobi\u0142abym porz\u0105dek\u00a0w mie\u015bcie i sko\u0144czy\u0142oby si\u0119 demolowanie przystank\u00f3w i bazgrolenie po murach.\u00a0Bardzo mi\u0142e by\u0142o spotkanie i z pewno\u015bci\u0105 nigdy go nie zapomn\u0119, zawsze wchodz\u0105c na blog Myszki b\u0119d\u0119 mia\u0142a przed oczami \u015bliczn\u0105\u00a0dziewczyn\u0119 tryskaj\u0105c\u0105 ogromn\u0105 ilo\u015bci\u0105 dobrej energii \ud83d\ude42<\/p>\n<div class=\"fcbkbttn_buttons_block\" id=\"fcbkbttn_middle\"><div class=\"fcbkbttn_like \"><fb:like href=\"https:\/\/annapisze.art\/?p=1733\" action=\"like\" colorscheme=\"light\" layout=\"box_count\"  size=\"small\"><\/fb:like><\/div><div class=\"fb-share-button  \" data-href=\"https:\/\/annapisze.art\/?p=1733\" data-type=\"button_count\" data-size=\"small\"><\/div><\/div>","protected":false},"excerpt":{"rendered":"<p>Dzi\u015b ju\u017c mija trzeci dzie\u0144 maja. Zrobi\u0142o si\u0119 ch\u0142odniej, ale poniewa\u017c nie chodz\u0119 po Pieninach, jest mi to oboj\u0119tne, aby tylko z psami da\u0142o si\u0119 wyj\u015b\u0107, wi\u0119cej nic nie trzeba. W minione d\u0142ugie majowe weekendy podczas kt\u00f3rych wyje\u017cd\u017cali\u015bmy z M\u0119\u017cem, &hellip; <a href=\"https:\/\/annapisze.art\/?p=1733\">Czytaj dalej <span class=\"meta-nav\">&rarr;<\/span><\/a><\/p>\n","protected":false},"author":1,"featured_media":0,"comment_status":"open","ping_status":"open","sticky":false,"template":"","format":"standard","meta":{"footnotes":""},"categories":[8,20],"tags":[],"class_list":["post-1733","post","type-post","status-publish","format-standard","hentry","category-mysle-sobie","category-szczawnica"],"_links":{"self":[{"href":"https:\/\/annapisze.art\/index.php?rest_route=\/wp\/v2\/posts\/1733","targetHints":{"allow":["GET"]}}],"collection":[{"href":"https:\/\/annapisze.art\/index.php?rest_route=\/wp\/v2\/posts"}],"about":[{"href":"https:\/\/annapisze.art\/index.php?rest_route=\/wp\/v2\/types\/post"}],"author":[{"embeddable":true,"href":"https:\/\/annapisze.art\/index.php?rest_route=\/wp\/v2\/users\/1"}],"replies":[{"embeddable":true,"href":"https:\/\/annapisze.art\/index.php?rest_route=%2Fwp%2Fv2%2Fcomments&post=1733"}],"version-history":[{"count":1,"href":"https:\/\/annapisze.art\/index.php?rest_route=\/wp\/v2\/posts\/1733\/revisions"}],"predecessor-version":[{"id":1735,"href":"https:\/\/annapisze.art\/index.php?rest_route=\/wp\/v2\/posts\/1733\/revisions\/1735"}],"wp:attachment":[{"href":"https:\/\/annapisze.art\/index.php?rest_route=%2Fwp%2Fv2%2Fmedia&parent=1733"}],"wp:term":[{"taxonomy":"category","embeddable":true,"href":"https:\/\/annapisze.art\/index.php?rest_route=%2Fwp%2Fv2%2Fcategories&post=1733"},{"taxonomy":"post_tag","embeddable":true,"href":"https:\/\/annapisze.art\/index.php?rest_route=%2Fwp%2Fv2%2Ftags&post=1733"}],"curies":[{"name":"wp","href":"https:\/\/api.w.org\/{rel}","templated":true}]}}