{"id":165,"date":"2019-02-25T19:19:15","date_gmt":"2019-02-25T18:19:15","guid":{"rendered":"http:\/\/annapisze.art\/?p=165"},"modified":"2019-02-25T19:19:15","modified_gmt":"2019-02-25T18:19:15","slug":"wiem-ze-zyje","status":"publish","type":"post","link":"https:\/\/annapisze.art\/?p=165","title":{"rendered":"Wiem, \u017ce \u017cyj\u0119 :)"},"content":{"rendered":"<p>Kaloszy w Biedronce nie by\u0142o, musz\u0119 si\u0119 nastawi\u0107 na dalsz\u0105 wypraw\u0119 w celu ich zakupienia. Jedne mam, ale nie nadaj\u0105 si\u0119 na spacer z psem, s\u0105 \u015bliczne, na obcasie i w kwiatuszki \ud83d\ude42 Gdybym umia\u0142a zrobione zdj\u0119cie wstawi\u0107 na stron\u0119, to bym je pokaza\u0142a. Ale nie potrafi\u0119. Na razie \ud83d\ude42 Deszcz na szcz\u0119\u015bcie przesta\u0142 pada\u0107. S\u0142oneczko w tej chwili w Piasecznie \u015bwieci, \u0142adnie \u015bwiat wygl\u0105da przez okno. Na zewn\u0105trz te\u017c \u0142adnie, niestety &#8211; zimno, szron na trawie jak w pa\u017adzierniku, moje peonie g\u0142\u00f3wki pospuszcza\u0142y, nie wiem czy jeszcze je podnios\u0105, czy przemarz\u0142y na amen. Ogromna szkoda, bo s\u0105 przepi\u0119kne a wiosna bez nich by\u0142aby smutna. Ubarwiaj\u0105 ca\u0142\u0105 grz\u0105dk\u0119 wzd\u0142u\u017c siatki przez co ten fragment osiedlowej uliczki staje si\u0119 kolorowy i pachn\u0105cy.<br \/>\nFranek wczoraj przyszed\u0142, przywita\u0142 si\u0119, obszed\u0142 teren kontroluj\u0105c czy nie ma potwora, kt\u00f3ry na niego szczeka\u0142 przez szyb\u0119, czyli Skitusia, zrobi\u0142 ma\u0142y post\u00f3j przy pe\u0142nej miseczce i poszed\u0142 do szafy babci D. Lubi tam spa\u0107 a na babci\u0119 D. ma wp\u0142yw terapeutyczny. Staruszka si\u0119 u\u015bmiecha, g\u0142adzi jego mi\u0119ciutkie futerko (ma wyj\u0105tkowo mi\u0119kkie), wy\u015bcieli\u0142a mu kocem doln\u0105 p\u00f3\u0142k\u0119 i tam sobie Franu\u015b \u015bpi. Dzi\u015b id\u0105c z Szilk\u0105 na pierwszy spacer spotka\u0142am Frankowego opiekuna i dowiedzia\u0142am si\u0119, \u017ce kotu\u015b urodzi\u0142 si\u0119 w szafie:) Pewnie dlatego tak dobrze mu si\u0119 tam \u015bpi.<br \/>\nDefinitywnie sko\u0144czy\u0142am &#8222;Pasma \u017cycia&#8221;, kt\u00f3re zacz\u0119\u0142am pisa\u0107 w 2005 roku. Dopiero teraz uda\u0142o mi si\u0119 uko\u0144czy\u0107, bo wcze\u015bniej nie mia\u0142am do tego ani si\u0142y ani g\u0142owy, poniewa\u017c ostatnie czasy w pracy by\u0142y &#8230; tu zmilcz\u0119. Jeszcze za wcze\u015bnie, \u017ceby o tym m\u00f3wi\u0107. W ka\u017cdym razie patrzenie jak stado &#8230; niszczy kilkudziesi\u0119cioletni owoc pracy wielu os\u00f3b, s\u0142u\u017c\u0105cy zreszt\u0105 &#8211; dos\u0142ownie &#8211; tysi\u0105com ludzi przez lata istnienia, do \u0142atwych nie nale\u017cy&#8230; \u017bycie jednak toczy si\u0119 dalej&#8230; Wiem, \u017ce ka\u017cdy kiedy\u015b dostanie to, na co zas\u0142u\u017cy\u0142, wi\u0119c na tej my\u015bli na razie poprzestan\u0119.<br \/>\nPoniewa\u017c &#8222;Pasma&#8221; nie s\u0105 takie kr\u00f3ciutkie jak te ju\u017c prezentowane dyrdyma\u0142ki, w przysz\u0142o\u015bci &#8222;puszcz\u0119&#8221; tutaj kilka fragment\u00f3w. A teraz wracam do ursynowskiej sagi, kt\u00f3rej pierwsza cz\u0119\u015b\u0107 &#8211; &#8222;Wej\u015bcie w \u015bwiat\u0142o&#8221;- wysz\u0142a wieki temu. Druga &#8211; &#8222;Po co wr\u00f3ci\u0142a\u015b, Agato&#8221; &#8211; w\u0142a\u015bnie zosta\u0142a przeze mnie zdj\u0119ta ze strychu w postaci maszynopisu na po\u017c\u00f3\u0142k\u0142ym papierze i wymaga poprawek oraz przerzucenia do Lapcia (Felek jeszcze nie zosta\u0142 zreanimowany, Du\u017cy powiedzia\u0142, \u017ce wyko\u0144czy\u0142am go prawie zupe\u0142nie i wymaga d\u0142u\u017cszego &#8222;leczenia&#8221;). Trzecia &#8211; &#8222;Widocznie tak mia\u0142o by\u0107&#8221; &#8211; w postaci lu\u017anych zapisk\u00f3w &#8222;siedzi&#8221; w du\u017cym pudle na regale z ksi\u0105\u017ckami. I czeka. Tak wi\u0119c zaj\u0119\u0107 i plan\u00f3w mam co niemiara, obym zd\u0105\u017cy\u0142a, bo chc\u0119 dzieciom uporz\u0105dkowane zostawi\u0107:). I zupe\u0142nie nie rozumiem jak kto\u015b pyta: nie nudzisz si\u0119 na emeryturze?<\/p>\n<p>O matko! <strong>Ja dopiero teraz wiem, \u017ce \u017cyj\u0119!!!<\/strong><\/p>\n<p>10.05.2017<\/p>\n<div class=\"fcbkbttn_buttons_block\" id=\"fcbkbttn_middle\"><div class=\"fcbkbttn_like \"><fb:like href=\"https:\/\/annapisze.art\/?p=165\" action=\"like\" colorscheme=\"light\" layout=\"box_count\"  size=\"small\"><\/fb:like><\/div><div class=\"fb-share-button  \" data-href=\"https:\/\/annapisze.art\/?p=165\" data-type=\"button_count\" data-size=\"small\"><\/div><\/div>","protected":false},"excerpt":{"rendered":"<p>Kaloszy w Biedronce nie by\u0142o, musz\u0119 si\u0119 nastawi\u0107 na dalsz\u0105 wypraw\u0119 w celu ich zakupienia. Jedne mam, ale nie nadaj\u0105 si\u0119 na spacer z psem, s\u0105 \u015bliczne, na obcasie i w kwiatuszki \ud83d\ude42 Gdybym umia\u0142a zrobione zdj\u0119cie wstawi\u0107 na stron\u0119, &hellip; <a href=\"https:\/\/annapisze.art\/?p=165\">Czytaj dalej <span class=\"meta-nav\">&rarr;<\/span><\/a><\/p>\n","protected":false},"author":1,"featured_media":0,"comment_status":"open","ping_status":"open","sticky":false,"template":"","format":"standard","meta":{"footnotes":""},"categories":[8],"tags":[],"class_list":["post-165","post","type-post","status-publish","format-standard","hentry","category-mysle-sobie"],"_links":{"self":[{"href":"https:\/\/annapisze.art\/index.php?rest_route=\/wp\/v2\/posts\/165","targetHints":{"allow":["GET"]}}],"collection":[{"href":"https:\/\/annapisze.art\/index.php?rest_route=\/wp\/v2\/posts"}],"about":[{"href":"https:\/\/annapisze.art\/index.php?rest_route=\/wp\/v2\/types\/post"}],"author":[{"embeddable":true,"href":"https:\/\/annapisze.art\/index.php?rest_route=\/wp\/v2\/users\/1"}],"replies":[{"embeddable":true,"href":"https:\/\/annapisze.art\/index.php?rest_route=%2Fwp%2Fv2%2Fcomments&post=165"}],"version-history":[{"count":1,"href":"https:\/\/annapisze.art\/index.php?rest_route=\/wp\/v2\/posts\/165\/revisions"}],"predecessor-version":[{"id":166,"href":"https:\/\/annapisze.art\/index.php?rest_route=\/wp\/v2\/posts\/165\/revisions\/166"}],"wp:attachment":[{"href":"https:\/\/annapisze.art\/index.php?rest_route=%2Fwp%2Fv2%2Fmedia&parent=165"}],"wp:term":[{"taxonomy":"category","embeddable":true,"href":"https:\/\/annapisze.art\/index.php?rest_route=%2Fwp%2Fv2%2Fcategories&post=165"},{"taxonomy":"post_tag","embeddable":true,"href":"https:\/\/annapisze.art\/index.php?rest_route=%2Fwp%2Fv2%2Ftags&post=165"}],"curies":[{"name":"wp","href":"https:\/\/api.w.org\/{rel}","templated":true}]}}