{"id":1611,"date":"2019-04-08T08:20:44","date_gmt":"2019-04-08T06:20:44","guid":{"rendered":"http:\/\/annapisze.art\/?p=1611"},"modified":"2019-04-08T08:21:20","modified_gmt":"2019-04-08T06:21:20","slug":"1611","status":"publish","type":"post","link":"https:\/\/annapisze.art\/?p=1611","title":{"rendered":"Pracowity weekend"},"content":{"rendered":"<div id=\"attachment_1595\" style=\"width: 510px\" class=\"wp-caption aligncenter\"><img loading=\"lazy\" decoding=\"async\" aria-describedby=\"caption-attachment-1595\" class=\"wp-image-1595\" src=\"https:\/\/annapisze.art\/wp-content\/uploads\/2019\/03\/100_6938-300x226.jpg\" alt=\"\" width=\"500\" height=\"376\" srcset=\"https:\/\/annapisze.art\/wp-content\/uploads\/2019\/03\/100_6938-300x226.jpg 300w, https:\/\/annapisze.art\/wp-content\/uploads\/2019\/03\/100_6938-1024x771.jpg 1024w\" sizes=\"auto, (max-width: 500px) 100vw, 500px\" \/><p id=\"caption-attachment-1595\" class=\"wp-caption-text\">Odpoczywaj\u0105cy Skitu\u015b<\/p><\/div>\n<p>W pi\u0105tek oczywi\u015bcie ogl\u0105da\u0142am Taniec z Gwiazdami, nie odpuszcz\u0119 je\u015bli tylko jaka\u015b si\u0142a wy\u017csza nie zainterweniuje. Odpad\u0142 Quczaj, szkoda, \u017cal mi go bardzo. Sam powiedzia\u0142, \u017ce zata\u0144czy\u0142 ile m\u00f3g\u0142, by\u0142 sob\u0105, nikogo nie udawa\u0142. &#8222;Ka\u017cdy odcinek to krok do przodu.<br \/>\nZwyci\u0119\u017ca\u0142em za ka\u017cdym razem gdy przygotowywa\u0142em si\u0119 do nast\u0119pnego odcinka&#8221; &#8211; tak powiedzia\u0142 ma\u0142y g\u00f3ral o wielkim sercu, m\u0105dry ch\u0142opak.<br \/>\nW sobot\u0119 &#8211; ledwo ledwo, przysypiaj\u0105c w przerwach na reklam\u0119 &#8211; \u015bledzi\u0142am program Twoja Twarz Brzmi Znajomo podziwiaj\u0105c wykonawc\u00f3w i charakteryzator\u00f3w, co b\u0119dzie trwa\u0142o do ko\u0144ca edycji. Znaczy &#8211; m\u00f3j podziw b\u0119dzie trwa\u0142.<br \/>\nPoza tym weekend up\u0142yn\u0105\u0142 pod znakiem konwencji partyjnych. kto chcia\u0142 m\u00f3g\u0142 si\u0119 nas\u0142ucha\u0107 obietnic, plan\u00f3w, projekt\u00f3w, mijania si\u0119 z prawd\u0105 w gigantycznym wymiarze itd., itp&#8230;. Nie mia\u0142am ochoty s\u0142ucha\u0107 w my\u015bl, \u017ce przekonanych nie trzeba przekonywa\u0107. Posz\u0142am w sobot\u0119 te ma\u0142e 900 m. po zakupy na niedziel\u0119 do drugiej Biedronki i wr\u00f3ci\u0142am robi\u0105c drugie 900 m. z w\u00f3zkiem pe\u0142nym zakup\u00f3w. M\u0105\u017c podjecha\u0142 potem po ci\u0119\u017csze rzeczy.<br \/>\nPlanowa\u0142am na niedziel\u0119 zrobi\u0107 potraw\u0119 wg Uli przepisu czyli udka kurczaka na ry\u017cu w porach. Niestety, por\u00f3w w sklepie nie by\u0142o. Pomys\u0142 na zup\u0119 selerow\u0105 tak\u017ce nie m\u00f3g\u0142 zosta\u0107 zrealizowany z tego samego powodu &#8211; czyli braku por\u00f3w, kt\u00f3re do tej zupy s\u0105 potrzebne.<br \/>\nKoncepcj\u0119 wi\u0119c zmieni\u0142am. Przygotowa\u0142am filety kurczakowe w z\u0142ocistej przyprawie i pol\u0119dwiczki te\u017c drobiowe z sol\u0105, pieprzem i schowawszy do lod\u00f3wki aby si\u0119 przegryz\u0142y ruszy\u0142am do ogr\u00f3dka.<br \/>\nWykonali\u015bmy spore prace porz\u0105dkowe, m.in. uwolnili\u015bmy drewutni\u0119 z resztek drewna. Przy nowym sposobie segregowania odpad\u00f3w trzeba by\u0142o zrobi\u0107 miejsce na wszystkie worki, \u017ceby pod drzwiami nie sta\u0142y. Dotychczasowy spos\u00f3b odbierania work\u00f3w bardzo mi odpowiada\u0142. Co tydzie\u0144 normalne \u015bmieci oraz \u017c\u00f3\u0142te worki z plastikiem, metalem i papierem by\u0142y odbierane, co dwa tygodnie zielone ze szk\u0142em wymiennie z traw\u0105 i innymi ogr\u00f3dkowo-domowymi biodegradowalnymi odpadami. We w\u0142asnym zakresie dok\u0142adniej segreguj\u0119 zawsze, bo np. puszki do osobnej reklam\u00f3wki zbieram zanim trafi\u0105 do \u017c\u00f3\u0142tego worka, papier w og\u00f3le osobno k\u0142ad\u0119 obok w podpisanym worku. Teraz dostarczono nowy harmonogram i tam stoi wyra\u017anie, \u017ce po papier i szk\u0142o panowie z Zak\u0142adu Oczyszczania zjawi\u0105 si\u0119 raz w miesi\u0105cu, po metal i plastik dwa razy. Ju\u017c sobie wyobra\u017cam te &#8222;urocze&#8221; zapachy rozchodz\u0105ce si\u0119 na ca\u0142\u0105 okolic\u0119 w upalne dni&#8230;<br \/>\nNie my\u015blcie sobie, \u017ce bez powodu tak\u0105 uczt\u0119 szykowa\u0142am. Dzieciaki z Calineczk\u0105 mia\u0142y w niedziel\u0119 przyjecha\u0107 na obiad z racji M\u0119\u017cowych imienin i urodzin. Upiek\u0142am jeszcze szarlotk\u0119, tak\u0105 now\u0105, ca\u0142kiem kruszonkow\u0105. Dobra wysz\u0142a, wprawdzie mnie bardziej smakuje taka jak\u0105 od lat robi\u0142am, rodzince jednak smakowa\u0142a bardzo. Zrobi\u0142am jeszcze kolorowe galaretki z serkiem waniliowym i owocami a dzieci przynios\u0142y pyszny tort czekoladowy, bowiem M\u0105\u017c wszystko czekoladowe lubi najbardziej (lody te\u017c). Calineczka za\u015b upodobania kulinarne ma sprecyzowane dok\u0142adnie. Uwielbia makarony i kasze. Dla mnie to nies\u0142ychane, kasz nie lubi\u0119 w og\u00f3le a ziemniaki przedk\u0142adam nad wszystkie makarony \u015bwiata. Krasnusia udowadnia na ka\u017cdym kroku, \u017ce jest os\u00f3bk\u0105 konkretn\u0105, zdecydowan\u0105 i broni swojego zdania nie daj\u0105c sobie wcisn\u0105\u0107 tego, czego nie chce. Tak przecie\u017c od pocz\u0105tku by\u0142o z mlekiem, m\u00f3wi\u0142am wtedy jak\u0105 gehenn\u0105 dla Synowej by\u0142o karmienie male\u0144stwa, kt\u00f3re przecie\u017c urodzi\u0142o si\u0119 z bardzo nisk\u0105 wag\u0105. Teraz panienka &#8222;wsuwa\u0142a&#8221; makaron z mase\u0142kiem a\u017c mi\u0142o by\u0142o patrze\u0107, a potem maszerowa\u0142a po schodach na g\u00f3r\u0119 i na d\u00f3\u0142, i na g\u00f3r\u0119 i na d\u00f3\u0142 itd. Nie trzeba dodawa\u0107, \u017ce osoby towarzysz\u0105ce wymienia\u0142y si\u0119 po kilku<br \/>\nkursach:)))<br \/>\nPsiaki dosta\u0142y po bia\u0142ej ko\u015bci do gryzienia, Skitek wielk\u0105, Szilka mniejsz\u0105 bo przecie\u017c ma pyszczek mniejszy.<br \/>\nBabcia D. pomaga\u0142a w ogr\u00f3dku a potem zjad\u0142a obiad i deser &#8211; co mnie bardzo cieszy. Kiedy jest w takim w miar\u0119 &#8222;normalnym&#8221; stanie ogarniaj\u0105 mnie ciep\u0142e uczucia. My\u015bl\u0119 sobie wtedy, \u017ce tak w\u0142a\u015bnie powinno by\u0107, po prostu normalnie.<\/p>\n<div id=\"attachment_1596\" style=\"width: 510px\" class=\"wp-caption aligncenter\"><img loading=\"lazy\" decoding=\"async\" aria-describedby=\"caption-attachment-1596\" class=\"wp-image-1596\" src=\"https:\/\/annapisze.art\/wp-content\/uploads\/2019\/03\/100_6939-300x226.jpg\" alt=\"\" width=\"500\" height=\"376\" srcset=\"https:\/\/annapisze.art\/wp-content\/uploads\/2019\/03\/100_6939-300x226.jpg 300w, https:\/\/annapisze.art\/wp-content\/uploads\/2019\/03\/100_6939-1024x771.jpg 1024w\" sizes=\"auto, (max-width: 500px) 100vw, 500px\" \/><p id=\"caption-attachment-1596\" class=\"wp-caption-text\">Rozmy\u015blaj\u0105ca Szilunia<\/p><\/div>\n<div class=\"fcbkbttn_buttons_block\" id=\"fcbkbttn_middle\"><div class=\"fcbkbttn_like \"><fb:like href=\"https:\/\/annapisze.art\/?p=1611\" action=\"like\" colorscheme=\"light\" layout=\"box_count\"  size=\"small\"><\/fb:like><\/div><div class=\"fb-share-button  \" data-href=\"https:\/\/annapisze.art\/?p=1611\" data-type=\"button_count\" data-size=\"small\"><\/div><\/div>","protected":false},"excerpt":{"rendered":"<p>W pi\u0105tek oczywi\u015bcie ogl\u0105da\u0142am Taniec z Gwiazdami, nie odpuszcz\u0119 je\u015bli tylko jaka\u015b si\u0142a wy\u017csza nie zainterweniuje. Odpad\u0142 Quczaj, szkoda, \u017cal mi go bardzo. Sam powiedzia\u0142, \u017ce zata\u0144czy\u0142 ile m\u00f3g\u0142, by\u0142 sob\u0105, nikogo nie udawa\u0142. &#8222;Ka\u017cdy odcinek to krok do przodu. &hellip; <a href=\"https:\/\/annapisze.art\/?p=1611\">Czytaj dalej <span class=\"meta-nav\">&rarr;<\/span><\/a><\/p>\n","protected":false},"author":1,"featured_media":0,"comment_status":"open","ping_status":"open","sticky":false,"template":"","format":"standard","meta":{"footnotes":""},"categories":[8],"tags":[],"class_list":["post-1611","post","type-post","status-publish","format-standard","hentry","category-mysle-sobie"],"_links":{"self":[{"href":"https:\/\/annapisze.art\/index.php?rest_route=\/wp\/v2\/posts\/1611","targetHints":{"allow":["GET"]}}],"collection":[{"href":"https:\/\/annapisze.art\/index.php?rest_route=\/wp\/v2\/posts"}],"about":[{"href":"https:\/\/annapisze.art\/index.php?rest_route=\/wp\/v2\/types\/post"}],"author":[{"embeddable":true,"href":"https:\/\/annapisze.art\/index.php?rest_route=\/wp\/v2\/users\/1"}],"replies":[{"embeddable":true,"href":"https:\/\/annapisze.art\/index.php?rest_route=%2Fwp%2Fv2%2Fcomments&post=1611"}],"version-history":[{"count":2,"href":"https:\/\/annapisze.art\/index.php?rest_route=\/wp\/v2\/posts\/1611\/revisions"}],"predecessor-version":[{"id":1613,"href":"https:\/\/annapisze.art\/index.php?rest_route=\/wp\/v2\/posts\/1611\/revisions\/1613"}],"wp:attachment":[{"href":"https:\/\/annapisze.art\/index.php?rest_route=%2Fwp%2Fv2%2Fmedia&parent=1611"}],"wp:term":[{"taxonomy":"category","embeddable":true,"href":"https:\/\/annapisze.art\/index.php?rest_route=%2Fwp%2Fv2%2Fcategories&post=1611"},{"taxonomy":"post_tag","embeddable":true,"href":"https:\/\/annapisze.art\/index.php?rest_route=%2Fwp%2Fv2%2Ftags&post=1611"}],"curies":[{"name":"wp","href":"https:\/\/api.w.org\/{rel}","templated":true}]}}