{"id":1607,"date":"2019-04-05T08:21:20","date_gmt":"2019-04-05T06:21:20","guid":{"rendered":"http:\/\/annapisze.art\/?p=1607"},"modified":"2019-11-09T22:23:36","modified_gmt":"2019-11-09T21:23:36","slug":"krasnusia-i-srubki","status":"publish","type":"post","link":"https:\/\/annapisze.art\/?p=1607","title":{"rendered":"Krasnusia i \u015brubki:)))"},"content":{"rendered":"<p>Wczoraj by\u0142am u Calineczki i spotka\u0142a mnie najwi\u0119ksza przyjemno\u015b\u0107: u\u015bpi\u0142am szkrabusi\u0119 i trzyma\u0142am j\u0105 przytulon\u0105 dop\u00f3ki si\u0119 nie obudzi\u0142a. Ile\u017c uczu\u0107 wtedy si\u0119 we mnie odzywa, ile wspomnie\u0144. Widz\u0119 w niej ma\u0142ego synka czyli jej tatusia i wzbiera we mnie taka czu\u0142o\u015b\u0107,<br \/>\ntaka mi\u0142o\u015b\u0107, \u017ce nie ma s\u0142\u00f3w aby j\u0105 opisa\u0107. Pewnie ka\u017cda z bab\u0107 odczuwa to samo, nie jestem wyj\u0105tkiem. Mo\u017ce dlatego, \u017ce babcia mo\u017ce sobie pozwoli\u0107 na zatrzymanie si\u0119 i prze\u017cycie chwili, tej cudownej chwili z wnuczk\u0105 w ramionach. Mama musi z rzeczywisto\u015bci\u0105 bra\u0107 si\u0119 za bary, wype\u0142nia\u0107 mas\u0119 obowi\u0105zk\u00f3w i po prostu nie ma czasu i si\u0142y. A babcia ma t\u0119 chwil\u0119 dla siebie i male\u0144stwa, i jest najszcz\u0119\u015bliwsza na \u015bwiecie:))) Wiem, \u017ce si\u0119 powtarzam lecz to takie niezmiernie wa\u017cne s\u0105 uczucia!<br \/>\nCalineczka jest os\u00f3bk\u0105 ruchliw\u0105 niezwykle, przedsi\u0119biorcz\u0105 i my\u015bl\u0105c\u0105, co wida\u0107 szczeg\u00f3lnie podczas pr\u00f3b zdobycia czego\u015b, co akurat chce mie\u0107 w \u0142apkach. Albo &#8211; wida\u0107 jak szare kom\u00f3rki intensywnie pracuj\u0105 nad jakim\u015b problemem a potem buzia si\u0119 rozja\u015bnia bo krasnalka\/krasnoludka\/krasnusia ju\u017c wie, wymy\u015bli\u0142a, wpad\u0142a na pomys\u0142. Je\u015bli ma dwie ksi\u0105\u017ceczki do ogl\u0105dania i w jednej s\u0105 misie, czy inne maskotki, lalki, przytulanki a w drugiej samochody &#8211; z ca\u0142\u0105 pewno\u015bci\u0105 wybierze drug\u0105. Ju\u017c m\u00f3wi\u0142am kiedy\u015b, \u017ce narz\u0119dzia, \u015brubki i temu podobne rzeczy najbardziej ze wszystkiego j\u0105 interesuj\u0105. Wczoraj Du\u017cy montowa\u0142 kupiony fotelik na rower. Jak tylko zobaczy\u0142a, \u017ce tata ma jakie\u015b metalowe co\u015b &#8211; przecie\u017c nie wiedzia\u0142a co to jest &#8211; nie odst\u0119powa\u0142a go na krok. Pia\u0142a z rado\u015bci i zachwytu, natychmiast wzi\u0119\u0142a do r\u0105czek jak\u0105\u015b cz\u0119\u015b\u0107 osobno le\u017c\u0105c\u0105, koniecznie chcia\u0142a przykr\u0119ca\u0107 \u015bruby, chocia\u017c przytrzyma\u0107 \u015brubokr\u0119t musia\u0142a, ca\u0142a si\u0119 trz\u0119s\u0142a z rado\u015bci kiedy ju\u017c mog\u0142a sobie usi\u0105\u015b\u0107 w tym czym\u015b, wej\u015b\u0107 do \u015brodka. Ogl\u0105da\u0142a dok\u0142adnie, sprawdza\u0142a jak si\u0119 zamyka pa\u0142\u0105k zabezpieczaj\u0105cy dziecko na siedzeniu. No, jednym s\u0142owem widz\u0119 j\u0105 za kierownic\u0105 bolida w Formule 1;)))<\/p>\n<p>Wia\u0142o wczoraj, wieje dzisiaj ale s\u0142o\u0144ce \u015bwieci i rozgania smutki, zach\u0119ca do wyj\u015bcia na zewn\u0105trz. A tam &#8211; zaczyna by\u0107 zielono, miejscami nawet kolorowo. Poza krokusikami mlecze \u017c\u00f3\u0142te widzia\u0142am. My\u015bla\u0142am, \u017ce mi si\u0119 przywidzia\u0142o ale nie, ju\u017c rosn\u0105. Pewnie przez brak prawdziwej zimy w tym roku, takiej z wielkimi, d\u0142ugotrwa\u0142ymi mrozami. Mnie to nie przeszkadza, nie lubi\u0119 zimy lecz &#8211; gdyby by\u0142a w odpowiednim czasie, wymrozi\u0142aby troch\u0119 kleszczy. Teraz niech nie wraca bo pora wiosny nadesz\u0142a. A gdzie wiosna najpi\u0119kniejsza? Wiadomo, ka\u017cdy ma swoj\u0105 najpi\u0119kniejsz\u0105 wiosn\u0119 we w\u0142asnym najpi\u0119kniejszym miejscu na ziemi.<\/p>\n<p>Jako\u015b\u0107 zdj\u0119\u0107 jest beznadziejna, ale nawet ona nie jest w stanie zepsu\u0107 i zakry\u0107 pi\u0119kna g\u00f3r moich ukochanych.<\/p>\n<div id=\"attachment_1436\" style=\"width: 510px\" class=\"wp-caption aligncenter\"><img loading=\"lazy\" decoding=\"async\" aria-describedby=\"caption-attachment-1436\" class=\"wp-image-1436\" src=\"https:\/\/annapisze.art\/wp-content\/uploads\/2019\/03\/P3300026-300x224.jpg\" alt=\"\" width=\"500\" height=\"374\" srcset=\"https:\/\/annapisze.art\/wp-content\/uploads\/2019\/03\/P3300026-300x224.jpg 300w, https:\/\/annapisze.art\/wp-content\/uploads\/2019\/03\/P3300026-768x575.jpg 768w, https:\/\/annapisze.art\/wp-content\/uploads\/2019\/03\/P3300026-1024x766.jpg 1024w\" sizes=\"auto, (max-width: 500px) 100vw, 500px\" \/><p id=\"caption-attachment-1436\" class=\"wp-caption-text\">Jak mo\u017cna si\u0119 nie zachwyca\u0107 zielon\u0105 przestrzeni\u0105?<\/p><\/div>\n<div id=\"attachment_1450\" style=\"width: 510px\" class=\"wp-caption aligncenter\"><img loading=\"lazy\" decoding=\"async\" aria-describedby=\"caption-attachment-1450\" class=\"wp-image-1450\" src=\"https:\/\/annapisze.art\/wp-content\/uploads\/2019\/03\/100_6089-300x226.jpg\" alt=\"\" width=\"500\" height=\"376\" \/><p id=\"caption-attachment-1450\" class=\"wp-caption-text\">To wprawdzie troch\u0119 p\u00f3\u017aniejsza pora, ale jeszcze wiosna<\/p><\/div>\n<div id=\"attachment_1451\" style=\"width: 510px\" class=\"wp-caption aligncenter\"><img loading=\"lazy\" decoding=\"async\" aria-describedby=\"caption-attachment-1451\" class=\"wp-image-1451\" src=\"https:\/\/annapisze.art\/wp-content\/uploads\/2019\/03\/100_6090-300x226.jpg\" alt=\"\" width=\"500\" height=\"376\" srcset=\"https:\/\/annapisze.art\/wp-content\/uploads\/2019\/03\/100_6090-300x226.jpg 300w, https:\/\/annapisze.art\/wp-content\/uploads\/2019\/03\/100_6090-768x578.jpg 768w, https:\/\/annapisze.art\/wp-content\/uploads\/2019\/03\/100_6090-1024x771.jpg 1024w\" sizes=\"auto, (max-width: 500px) 100vw, 500px\" \/><p id=\"caption-attachment-1451\" class=\"wp-caption-text\">T\u0119skni\u0119 bezustannie za tymi widokami ogl\u0105danymi w naturze<\/p><\/div>\n<div class=\"fcbkbttn_buttons_block\" id=\"fcbkbttn_middle\"><div class=\"fcbkbttn_like \"><fb:like href=\"https:\/\/annapisze.art\/?p=1607\" action=\"like\" colorscheme=\"light\" layout=\"box_count\"  size=\"small\"><\/fb:like><\/div><div class=\"fb-share-button  \" data-href=\"https:\/\/annapisze.art\/?p=1607\" data-type=\"button_count\" data-size=\"small\"><\/div><\/div>","protected":false},"excerpt":{"rendered":"<p>Wczoraj by\u0142am u Calineczki i spotka\u0142a mnie najwi\u0119ksza przyjemno\u015b\u0107: u\u015bpi\u0142am szkrabusi\u0119 i trzyma\u0142am j\u0105 przytulon\u0105 dop\u00f3ki si\u0119 nie obudzi\u0142a. Ile\u017c uczu\u0107 wtedy si\u0119 we mnie odzywa, ile wspomnie\u0144. Widz\u0119 w niej ma\u0142ego synka czyli jej tatusia i wzbiera we mnie &hellip; <a href=\"https:\/\/annapisze.art\/?p=1607\">Czytaj dalej <span class=\"meta-nav\">&rarr;<\/span><\/a><\/p>\n","protected":false},"author":1,"featured_media":0,"comment_status":"open","ping_status":"open","sticky":false,"template":"","format":"standard","meta":{"footnotes":""},"categories":[8,20],"tags":[],"class_list":["post-1607","post","type-post","status-publish","format-standard","hentry","category-mysle-sobie","category-szczawnica"],"_links":{"self":[{"href":"https:\/\/annapisze.art\/index.php?rest_route=\/wp\/v2\/posts\/1607","targetHints":{"allow":["GET"]}}],"collection":[{"href":"https:\/\/annapisze.art\/index.php?rest_route=\/wp\/v2\/posts"}],"about":[{"href":"https:\/\/annapisze.art\/index.php?rest_route=\/wp\/v2\/types\/post"}],"author":[{"embeddable":true,"href":"https:\/\/annapisze.art\/index.php?rest_route=\/wp\/v2\/users\/1"}],"replies":[{"embeddable":true,"href":"https:\/\/annapisze.art\/index.php?rest_route=%2Fwp%2Fv2%2Fcomments&post=1607"}],"version-history":[{"count":2,"href":"https:\/\/annapisze.art\/index.php?rest_route=\/wp\/v2\/posts\/1607\/revisions"}],"predecessor-version":[{"id":1609,"href":"https:\/\/annapisze.art\/index.php?rest_route=\/wp\/v2\/posts\/1607\/revisions\/1609"}],"wp:attachment":[{"href":"https:\/\/annapisze.art\/index.php?rest_route=%2Fwp%2Fv2%2Fmedia&parent=1607"}],"wp:term":[{"taxonomy":"category","embeddable":true,"href":"https:\/\/annapisze.art\/index.php?rest_route=%2Fwp%2Fv2%2Fcategories&post=1607"},{"taxonomy":"post_tag","embeddable":true,"href":"https:\/\/annapisze.art\/index.php?rest_route=%2Fwp%2Fv2%2Ftags&post=1607"}],"curies":[{"name":"wp","href":"https:\/\/api.w.org\/{rel}","templated":true}]}}