{"id":1498,"date":"2019-03-20T07:06:57","date_gmt":"2019-03-20T06:06:57","guid":{"rendered":"http:\/\/annapisze.art\/?p=1498"},"modified":"2019-11-09T22:27:15","modified_gmt":"2019-11-09T21:27:15","slug":"wiosny-dzien-pierwszy","status":"publish","type":"post","link":"https:\/\/annapisze.art\/?p=1498","title":{"rendered":"Wiosny dzie\u0144 pierwszy"},"content":{"rendered":"<p>Tak wygl\u0105da wiosna w Szczawnicy. Wprawdzie nie w tym roku ale co za r\u00f3\u017cnica? Zawsze jest cudnie. Tu wida\u0107 kwitn\u0105ce jab\u0142onie, wi\u0119c to musia\u0142o by\u0107 du\u017co p\u00f3\u017aniej zrobione zdj\u0119cie. To jedna z naszych ulubionych tras spacerowych, zaraz za osiedlem id\u0105c w stron\u0119 Czardy, czyli karczmy, kt\u00f3r\u0105 polubili\u015bmy od pierwszego pobytu. Mo\u017cna do niej doj\u015b\u0107 podczas ka\u017cdej pogody, jest w naszej cz\u0119\u015bci miasteczka, wi\u0119c\u00a0cz\u0119sto tam wpadamy kiedy odwiedzamy nasz\u0105 ukochan\u0105 Per\u0142\u0119 Pienin. \u00a0Poniewa\u017c dzi\u015b jest pierwszy dzie\u0144 astronomicznej wiosny \u017cycz\u0119 pogody i pi\u0119kna wok\u00f3\u0142 Was takich jak na fotce a do tego ASTRONOMICZNIE du\u017co rado\u015bci i cudownych chwil przez ca\u0142\u0105 wiosn\u0119:)))<\/p>\n<p><img loading=\"lazy\" decoding=\"async\" class=\"aligncenter wp-image-1665\" src=\"https:\/\/annapisze.art\/wp-content\/uploads\/2019\/04\/100_0385-300x226.jpg\" alt=\"\" width=\"500\" height=\"376\" srcset=\"https:\/\/annapisze.art\/wp-content\/uploads\/2019\/04\/100_0385-300x226.jpg 300w, https:\/\/annapisze.art\/wp-content\/uploads\/2019\/04\/100_0385-1024x771.jpg 1024w\" sizes=\"auto, (max-width: 500px) 100vw, 500px\" \/><img loading=\"lazy\" decoding=\"async\" class=\"aligncenter wp-image-1670\" src=\"https:\/\/annapisze.art\/wp-content\/uploads\/2019\/04\/100_6086-300x226.jpg\" alt=\"\" width=\"500\" height=\"376\" srcset=\"https:\/\/annapisze.art\/wp-content\/uploads\/2019\/04\/100_6086-300x226.jpg 300w, https:\/\/annapisze.art\/wp-content\/uploads\/2019\/04\/100_6086-1024x771.jpg 1024w\" sizes=\"auto, (max-width: 500px) 100vw, 500px\" \/><\/p>\n<p><img loading=\"lazy\" decoding=\"async\" class=\"aligncenter wp-image-1634\" src=\"https:\/\/annapisze.art\/wp-content\/uploads\/2019\/04\/P2280019-300x224.jpg\" alt=\"\" width=\"500\" height=\"374\" srcset=\"https:\/\/annapisze.art\/wp-content\/uploads\/2019\/04\/P2280019-300x224.jpg 300w, https:\/\/annapisze.art\/wp-content\/uploads\/2019\/04\/P2280019-1024x766.jpg 1024w\" sizes=\"auto, (max-width: 500px) 100vw, 500px\" \/><\/p>\n<div class=\"fcbkbttn_buttons_block\" id=\"fcbkbttn_middle\"><div class=\"fcbkbttn_like \"><fb:like href=\"https:\/\/annapisze.art\/?p=1498\" action=\"like\" colorscheme=\"light\" layout=\"box_count\"  size=\"small\"><\/fb:like><\/div><div class=\"fb-share-button  \" data-href=\"https:\/\/annapisze.art\/?p=1498\" data-type=\"button_count\" data-size=\"small\"><\/div><\/div>","protected":false},"excerpt":{"rendered":"<p>Tak wygl\u0105da wiosna w Szczawnicy. Wprawdzie nie w tym roku ale co za r\u00f3\u017cnica? Zawsze jest cudnie. Tu wida\u0107 kwitn\u0105ce jab\u0142onie, wi\u0119c to musia\u0142o by\u0107 du\u017co p\u00f3\u017aniej zrobione zdj\u0119cie. To jedna z naszych ulubionych tras spacerowych, zaraz za osiedlem id\u0105c &hellip; <a href=\"https:\/\/annapisze.art\/?p=1498\">Czytaj dalej <span class=\"meta-nav\">&rarr;<\/span><\/a><\/p>\n","protected":false},"author":1,"featured_media":0,"comment_status":"open","ping_status":"open","sticky":false,"template":"","format":"standard","meta":{"footnotes":""},"categories":[8,20],"tags":[],"class_list":["post-1498","post","type-post","status-publish","format-standard","hentry","category-mysle-sobie","category-szczawnica"],"_links":{"self":[{"href":"https:\/\/annapisze.art\/index.php?rest_route=\/wp\/v2\/posts\/1498","targetHints":{"allow":["GET"]}}],"collection":[{"href":"https:\/\/annapisze.art\/index.php?rest_route=\/wp\/v2\/posts"}],"about":[{"href":"https:\/\/annapisze.art\/index.php?rest_route=\/wp\/v2\/types\/post"}],"author":[{"embeddable":true,"href":"https:\/\/annapisze.art\/index.php?rest_route=\/wp\/v2\/users\/1"}],"replies":[{"embeddable":true,"href":"https:\/\/annapisze.art\/index.php?rest_route=%2Fwp%2Fv2%2Fcomments&post=1498"}],"version-history":[{"count":5,"href":"https:\/\/annapisze.art\/index.php?rest_route=\/wp\/v2\/posts\/1498\/revisions"}],"predecessor-version":[{"id":1675,"href":"https:\/\/annapisze.art\/index.php?rest_route=\/wp\/v2\/posts\/1498\/revisions\/1675"}],"wp:attachment":[{"href":"https:\/\/annapisze.art\/index.php?rest_route=%2Fwp%2Fv2%2Fmedia&parent=1498"}],"wp:term":[{"taxonomy":"category","embeddable":true,"href":"https:\/\/annapisze.art\/index.php?rest_route=%2Fwp%2Fv2%2Fcategories&post=1498"},{"taxonomy":"post_tag","embeddable":true,"href":"https:\/\/annapisze.art\/index.php?rest_route=%2Fwp%2Fv2%2Ftags&post=1498"}],"curies":[{"name":"wp","href":"https:\/\/api.w.org\/{rel}","templated":true}]}}