{"id":1490,"date":"2019-03-18T07:43:55","date_gmt":"2019-03-18T06:43:55","guid":{"rendered":"http:\/\/annapisze.art\/?p=1490"},"modified":"2019-11-09T22:28:14","modified_gmt":"2019-11-09T21:28:14","slug":"pasztet-z-selera-z-migdalami","status":"publish","type":"post","link":"https:\/\/annapisze.art\/?p=1490","title":{"rendered":"Pasztet z selera z migda\u0142ami"},"content":{"rendered":"<p>Obieca\u0142am Ewie wypr\u00f3bowany przepis na pasztet z selera. Lubi\u0142am zawsze przegl\u0105da\u0107 ksi\u0105\u017cki z przepisami. Kolorowych broszurek-zeszycik\u00f3w w rodzaju &#8222;Przepisy czytelnik\u00f3w&#8221;, &#8222;Przy\u015blij przepis&#8221; itp. mam mn\u00f3stwo, nami\u0119tnie je kupowa\u0142am w pracowym kiosku<br \/>\nprzewiduj\u0105c, \u017ce na emeryturze to ju\u017c ma\u0142o co sobie kupowa\u0107 b\u0119d\u0119, a poniewa\u017c przepisy s\u0105 ponadczasowe, dobrze robi\u0142am. Ksi\u0105\u017cek oczywi\u015bcie te\u017c mam mas\u0119, bo to jedyne dobra, kt\u00f3re od dzieci\u0144stwa lubi\u0142am najbardziej. Najwi\u0119ksz\u0105 rado\u015bci\u0105 by\u0142o na ka\u017cd\u0105 okazj\u0119 w<br \/>\nrodzaju imieniny, urodziny itd. otrzyma\u0107 now\u0105. My\u015bl\u0119 sobie, \u017ce nawyk czytania wynosi si\u0119 w pierwszym rz\u0119dzie z domu. Z tat\u0105 nurkowa\u0142am po ksi\u0119garniach od najwcze\u015bniejszych lat, od zawsze &#8211; jak pami\u0119tam. Z mam\u0105 wyrywa\u0142y\u015bmy sobie ksi\u0105\u017cki, bo czyta\u0142y\u015bmy te same.<br \/>\nZobaczywszy &#8222;Winnetou&#8221; w ksi\u0119garni potrafi\u0142am przez ca\u0142e miasto przebiec do domu (to by\u0142o w Opolu, na pocz\u0105tku podstaw\u00f3wki), \u017ceby wzi\u0105\u0107 pieni\u0105dze (swoje uzbierane na ksi\u0105\u017cki) i kupi\u0107. Kocha\u0142am si\u0119 wtedy w wodzu Apacz\u00f3w, wymy\u015bla\u0142am jakim sposobem ocala\u0142<br \/>\n(oczywi\u015bcie ja go od \u015bmierci uratowa\u0142am, jakby inaczej;) ), przetrzymywa\u0142am ksi\u0105\u017ck\u0119 z biblioteki szkolnej nie mog\u0105c si\u0119 z ni\u017c rozsta\u0107.<br \/>\nKupi\u0142am wtedy i od tej pory mia\u0142am swojego Winnetou. Mam ten sam egzemplarz ca\u0142y czas. Wprawdzie schowany w pude\u0142ku bo si\u0119 rozpada ze staro\u015bci, ale jest. Tak samo &#8222;Ba\u015bnie z 1001 nocy&#8221;, kt\u00f3re od mamy dosta\u0142am b\u0119d\u0105c u babci w Tenczynku, jeszcze zanim posz\u0142am do szko\u0142y.<br \/>\nI si\u0119 rozgada\u0142am. Gada\u0107 to ja mog\u0119 &#8222;na pi\u015bmie&#8221;, u\u017cywanie strun g\u0142osowych mnie m\u0119czy i og\u00f3lnie nie posiad\u0142am zdolno\u015bci oratorskich.<br \/>\nMia\u0142am przecie\u017c tylko poda\u0107 przepis na pasztet. No to podaj\u0119:)<\/p>\n<p><strong>Pasztet z selera i migda\u0142\u00f3w<\/strong><\/p>\n<p>&#8211; 2 du\u017ce selery korzeniowe<br \/>\n&#8211; du\u017ca cebula<br \/>\n&#8211; 3 \u0142y\u017cki oleju<br \/>\n&#8211; 30 dkg migda\u0142\u00f3w<br \/>\n&#8211; 2 \u0142y\u017cki musztardy sarepskiej<br \/>\n&#8211; 2 jajka<br \/>\n&#8211; olej i bu\u0142ka tarta do formy<br \/>\n&#8211; s\u00f3l, pieprz<\/p>\n<p>1\/ seler i cebul\u0119 pokroi\u0107 w kostk\u0119, przesma\u017cy\u0107 na oleju<br \/>\n2\/ migda\u0142y zala\u0107 wrz\u0105tkiem, po kilku minutach odcedzi\u0107, obra\u0107 ze sk\u00f3rki, doda\u0107 do selera z cebul\u0105, zmiksowa\u0107<br \/>\n3\/ do powsta\u0142ej masy doda\u0107 musztard\u0119, jajka, przyprawy, dok\u0142adnie wymiesza\u0107<br \/>\n4\/ keks\u00f3wk\u0119 nat\u0142u\u015bci\u0107 olejem, wysypa\u0107 bu\u0142k\u0105, piec 40min\/ 180 st.<\/p>\n<p>Upiek\u0142am ten pasztet Ma\u0142emu na jak\u0105\u015b okazj\u0119, w formie z Ikea w kszta\u0142cie serca. Wyszed\u0142 smaczny i da\u0142 si\u0119 pokroi\u0107.<\/p>\n<div class=\"fcbkbttn_buttons_block\" id=\"fcbkbttn_middle\"><div class=\"fcbkbttn_like \"><fb:like href=\"https:\/\/annapisze.art\/?p=1490\" action=\"like\" colorscheme=\"light\" layout=\"box_count\"  size=\"small\"><\/fb:like><\/div><div class=\"fb-share-button  \" data-href=\"https:\/\/annapisze.art\/?p=1490\" data-type=\"button_count\" data-size=\"small\"><\/div><\/div>","protected":false},"excerpt":{"rendered":"<p>Obieca\u0142am Ewie wypr\u00f3bowany przepis na pasztet z selera. Lubi\u0142am zawsze przegl\u0105da\u0107 ksi\u0105\u017cki z przepisami. Kolorowych broszurek-zeszycik\u00f3w w rodzaju &#8222;Przepisy czytelnik\u00f3w&#8221;, &#8222;Przy\u015blij przepis&#8221; itp. mam mn\u00f3stwo, nami\u0119tnie je kupowa\u0142am w pracowym kiosku przewiduj\u0105c, \u017ce na emeryturze to ju\u017c ma\u0142o co sobie &hellip; <a href=\"https:\/\/annapisze.art\/?p=1490\">Czytaj dalej <span class=\"meta-nav\">&rarr;<\/span><\/a><\/p>\n","protected":false},"author":1,"featured_media":0,"comment_status":"open","ping_status":"open","sticky":false,"template":"","format":"standard","meta":{"footnotes":""},"categories":[22,8],"tags":[],"class_list":["post-1490","post","type-post","status-publish","format-standard","hentry","category-kuchennie-i-smacznie","category-mysle-sobie"],"_links":{"self":[{"href":"https:\/\/annapisze.art\/index.php?rest_route=\/wp\/v2\/posts\/1490","targetHints":{"allow":["GET"]}}],"collection":[{"href":"https:\/\/annapisze.art\/index.php?rest_route=\/wp\/v2\/posts"}],"about":[{"href":"https:\/\/annapisze.art\/index.php?rest_route=\/wp\/v2\/types\/post"}],"author":[{"embeddable":true,"href":"https:\/\/annapisze.art\/index.php?rest_route=\/wp\/v2\/users\/1"}],"replies":[{"embeddable":true,"href":"https:\/\/annapisze.art\/index.php?rest_route=%2Fwp%2Fv2%2Fcomments&post=1490"}],"version-history":[{"count":2,"href":"https:\/\/annapisze.art\/index.php?rest_route=\/wp\/v2\/posts\/1490\/revisions"}],"predecessor-version":[{"id":1493,"href":"https:\/\/annapisze.art\/index.php?rest_route=\/wp\/v2\/posts\/1490\/revisions\/1493"}],"wp:attachment":[{"href":"https:\/\/annapisze.art\/index.php?rest_route=%2Fwp%2Fv2%2Fmedia&parent=1490"}],"wp:term":[{"taxonomy":"category","embeddable":true,"href":"https:\/\/annapisze.art\/index.php?rest_route=%2Fwp%2Fv2%2Fcategories&post=1490"},{"taxonomy":"post_tag","embeddable":true,"href":"https:\/\/annapisze.art\/index.php?rest_route=%2Fwp%2Fv2%2Ftags&post=1490"}],"curies":[{"name":"wp","href":"https:\/\/api.w.org\/{rel}","templated":true}]}}