{"id":1396,"date":"2019-03-14T07:09:07","date_gmt":"2019-03-14T06:09:07","guid":{"rendered":"http:\/\/annapisze.art\/?p=1396"},"modified":"2019-03-14T07:09:07","modified_gmt":"2019-03-14T06:09:07","slug":"rekordowy-rekord","status":"publish","type":"post","link":"https:\/\/annapisze.art\/?p=1396","title":{"rendered":"Rekordowy rekord"},"content":{"rendered":"<p>Tradycyjnie ju\u017c 8 marca Jurek Owsiak poda\u0142 sum\u0119 zebran\u0105 podczas styczniowego fina\u0142u WO\u015aP. Tym razem ze \u015bwi\u0119tem rado\u015bci, wsp\u00f3lnoty, \u015bwi\u0119tem pomagania \u0142\u0105czy si\u0119 wspomnienie tragicznego wydarzenia, morderstwa b\u0119d\u0105cego wynikiem dopuszczania do swobodnego, bezkarnego wyra\u017cania nienawi\u015bci oraz zachowa\u0144 w publicznej sferze \u017cycia promuj\u0105cych t\u0119 nienawi\u015b\u0107 do wszystkich &#8222;innych&#8221;; do promowania wr\u0119cz mowy nienawi\u015bci, kt\u00f3ra pad\u0142a na podatny grunt powoduj\u0105c \u015bmier\u0107. Pomin\u0119 dalsze wywody, wszystkie my\u015bli powstaj\u0105ce w zwi\u0105zku z tamtym wydarzeniem, z powodami jego zaistnienia&#8230;<br \/>\nNajwa\u017cniejsze, \u017ce okazali\u015bmy si\u0119 hojnym spo\u0142ecze\u0144stwem, dobrym, pi\u0119knym narodem wspieraj\u0105cym dobre przedsi\u0119wzi\u0119cia w dobrym celu na przek\u00f3r ciemnym stronom mocy. Rekord zosta\u0142 pobity, zebrano dok\u0142adnie 175 938 717, 56 z\u0142. Czyli prawie 176 milion\u00f3w. Musia\u0142am liczy\u0107 te cyferki, \u017ceby prawid\u0142owo odczyta\u0107. Jak ju\u017c odczyta\u0142am to si\u0119 baaardzo ucieszy\u0142am, ile\u017c dobrego mo\u017cna dzi\u0119ki temu uczyni\u0107, ile istnie\u0144 uratowa\u0107, male\u0144kich serduszek sprowokowa\u0107 do bicia&#8230; \u0142za si\u0119 w oku kr\u0119ci z rado\u015bci i jednocze\u015bnie przys\u0142owiowy n\u00f3\u017c si\u0119 w kieszeni otwiera na my\u015bl o tych, kt\u00f3rzy k\u0142ody rzucaj\u0105 i kalumniami ciskaj\u0105, by ten pi\u0119kny projekt zohydzi\u0107 i zniszczy\u0107.<br \/>\nAkurat pisa\u0142am te s\u0142owa w niedziel\u0119 podczas programu &#8222;Twoja twarz brzmi znajomo&#8221; i w tym momencie Antek Smykiewicz za\u015bpiewa\u0142 &#8222;The Sound of Silence&#8221;, niesamowity utw\u00f3r, kt\u00f3ry w\u0142a\u015bnie z tym ostatnim fina\u0142em WO\u015aP i wydarzeniami p\u00f3\u017aniejszymi sta\u0142 si\u0119 nierozerwalnie po\u0142\u0105czony, nabra\u0142 specjalnego znaczenia, wzruszenie te\u017c mnie ogarn\u0119\u0142o \u00a0na wspomnienie nieprzebranych t\u0142um\u00f3w \u017cegnaj\u0105cych swojego prezydenta&#8230;<br \/>\nTen rekordowy wynik daje nadziej\u0119 na przysz\u0142o\u015b\u0107, na to, \u017ce Jasna Strona Mocy jeszcze nie zgin\u0119\u0142a, jest i \u017cyje:)))<\/p>\n<div class=\"fcbkbttn_buttons_block\" id=\"fcbkbttn_middle\"><div class=\"fcbkbttn_like \"><fb:like href=\"https:\/\/annapisze.art\/?p=1396\" action=\"like\" colorscheme=\"light\" layout=\"box_count\"  size=\"small\"><\/fb:like><\/div><div class=\"fb-share-button  \" data-href=\"https:\/\/annapisze.art\/?p=1396\" data-type=\"button_count\" data-size=\"small\"><\/div><\/div>","protected":false},"excerpt":{"rendered":"<p>Tradycyjnie ju\u017c 8 marca Jurek Owsiak poda\u0142 sum\u0119 zebran\u0105 podczas styczniowego fina\u0142u WO\u015aP. Tym razem ze \u015bwi\u0119tem rado\u015bci, wsp\u00f3lnoty, \u015bwi\u0119tem pomagania \u0142\u0105czy si\u0119 wspomnienie tragicznego wydarzenia, morderstwa b\u0119d\u0105cego wynikiem dopuszczania do swobodnego, bezkarnego wyra\u017cania nienawi\u015bci oraz zachowa\u0144 w publicznej sferze &hellip; <a href=\"https:\/\/annapisze.art\/?p=1396\">Czytaj dalej <span class=\"meta-nav\">&rarr;<\/span><\/a><\/p>\n","protected":false},"author":1,"featured_media":0,"comment_status":"open","ping_status":"open","sticky":false,"template":"","format":"standard","meta":{"footnotes":""},"categories":[8],"tags":[],"class_list":["post-1396","post","type-post","status-publish","format-standard","hentry","category-mysle-sobie"],"_links":{"self":[{"href":"https:\/\/annapisze.art\/index.php?rest_route=\/wp\/v2\/posts\/1396","targetHints":{"allow":["GET"]}}],"collection":[{"href":"https:\/\/annapisze.art\/index.php?rest_route=\/wp\/v2\/posts"}],"about":[{"href":"https:\/\/annapisze.art\/index.php?rest_route=\/wp\/v2\/types\/post"}],"author":[{"embeddable":true,"href":"https:\/\/annapisze.art\/index.php?rest_route=\/wp\/v2\/users\/1"}],"replies":[{"embeddable":true,"href":"https:\/\/annapisze.art\/index.php?rest_route=%2Fwp%2Fv2%2Fcomments&post=1396"}],"version-history":[{"count":1,"href":"https:\/\/annapisze.art\/index.php?rest_route=\/wp\/v2\/posts\/1396\/revisions"}],"predecessor-version":[{"id":1397,"href":"https:\/\/annapisze.art\/index.php?rest_route=\/wp\/v2\/posts\/1396\/revisions\/1397"}],"wp:attachment":[{"href":"https:\/\/annapisze.art\/index.php?rest_route=%2Fwp%2Fv2%2Fmedia&parent=1396"}],"wp:term":[{"taxonomy":"category","embeddable":true,"href":"https:\/\/annapisze.art\/index.php?rest_route=%2Fwp%2Fv2%2Fcategories&post=1396"},{"taxonomy":"post_tag","embeddable":true,"href":"https:\/\/annapisze.art\/index.php?rest_route=%2Fwp%2Fv2%2Ftags&post=1396"}],"curies":[{"name":"wp","href":"https:\/\/api.w.org\/{rel}","templated":true}]}}