{"id":1339,"date":"2019-03-04T19:07:24","date_gmt":"2019-03-04T18:07:24","guid":{"rendered":"http:\/\/annapisze.art\/?p=1339"},"modified":"2019-03-04T19:17:44","modified_gmt":"2019-03-04T18:17:44","slug":"dzien-dluzszy","status":"publish","type":"post","link":"https:\/\/annapisze.art\/?p=1339","title":{"rendered":"Dzie\u0144 d\u0142u\u017cszy:)"},"content":{"rendered":"<p>Dzi\u015b prawdziwa wiosna w powietrzu. Wybra\u0142am si\u0119 po zakupy, przez ca\u0142y tydzie\u0144 nie by\u0142am w sklepie, wi\u0119c to i owo si\u0119 sko\u0144czy\u0142o, nale\u017ca\u0142o odnowi\u0107 zapasy. Poniewa\u017c blisko i na chwil\u0119 &#8211; ubra\u0142am cienk\u0105 kurtk\u0119 i dobrze zrobi\u0142am, bo zgrza\u0142abym si\u0119 jak mysz ko\u015bcielna. Swoj\u0105 drog\u0105 dlaczego si\u0119 m\u00f3wi &#8211; jak mysz ko\u015bcielna &#8211; czy kto\u015b wie? Mamy zakodowanych mn\u00f3stwo r\u00f3\u017cnych powiedzonek, u\u017cywanych automatycznie a jak si\u0119 zastanowi\u0107 to nie wiadomo sk\u0105d si\u0119 wzi\u0119\u0142y i jakiego\u015b sensu trudno si\u0119 doszuka\u0107.<br \/>\nJak co roku wiosn\u0105, kiedy \u015bniegu ju\u017c nie ma, bardziej wyra\u017anie rzucaj\u0105 si\u0119 w oczy tony \u015bmieci zostawianych na poboczach, trawnikach, ko\u0142o tor\u00f3w to ju\u017c w og\u00f3le jedno wysypisko si\u0119 tworzy. Jeszcze nie tak dawno chodzili\u015bmy z psami takim fajnym skr\u00f3tem obok dzia\u0142ek, potem nieu\u017cytkami a\u017c do tzw. centrum handlowego. M\u00f3wi\u0119 &#8222;tzw.&#8221; bo to jeden budynek z kilkoma sklepami, ale nazwa szumna by\u0107 musi. Teraz moda na s\u0142owo &#8222;centrum&#8221;. Tak mi si\u0119 skojarzy\u0142o odno\u015bnie mody na nazwy. Najpierw np. by\u0142 Dom Kultury, potem Centrum Kultury, teraz u\u017cywa si\u0119 okre\u015blenia Arena &#8211; wcale nie w zwi\u0105zku z aren\u0105 cyrkow\u0105, widzia\u0142am ju\u017c ciucholand z &#8222;aren\u0105&#8221; w nazwie. To \u015bwiadczy chyba tylko o tym, \u017ce j\u0119zyk jest wci\u0105\u017c \u017cywy i rozwija si\u0119, poszerzaj\u0105c znaczenie s\u0142\u00f3w.<br \/>\nC\u00f3\u017c mnie tak znosi na boki, dryfuj\u0119 zamiast wprost d\u0105\u017cy\u0107 do celu. A chcia\u0142am tylko powiedzie\u0107, \u017ce mnie cholera wzi\u0119\u0142a, bo nawet pod ogrodzeniem schroniska jakie\u015b paskudne typy \u015bmieci wyrzucaj\u0105, o zgrozo, cz\u0119\u015bci samochodowej karoserii si\u0119 walaj\u0105! Butelki szklane i plastikowe, puszki po piwie i opakowania po zak\u0105skach to normalka, ale kawa\u0142ki aut? A dalej, gdzie przej\u015bcie by\u0142o to ju\u017c ci\u0119\u017car\u00f3wkami chyba jakie\u015b resztki z ogrod\u00f3w wywo\u017c\u0105, bo naprawd\u0119 wielka ilo\u015b\u0107 si\u0119 zgromadzi\u0142a. Oj, marudz\u0119, wiem, \u017ce marudz\u0119 ale tak by si\u0119 chcia\u0142o mie\u0107 wok\u00f3\u0142 \u0142adne miejsca, czyste, uporz\u0105dkowane gdzie bezpiecznie da\u0142oby si\u0119 spacerowa\u0107 bez gro\u017aby zatrucia (ju\u017c olejem czy innym chemicznym \u015bwi\u0144stwem by\u0142 teren ska\u017cony), skaleczenia czy utoni\u0119cia w odpadkach. M\u0105\u017c \u017cartowa\u0142, \u017ce bar pod chmurk\u0105 ju\u017c otwarty. No dobrze, ale nie mogliby zabra\u0107 ze sob\u0105 tych pozosta\u0142o\u015bci po konsumpcji? Przecie\u017c jak przynie\u015bli pe\u0142ne to puste \u0142atwiej zabra\u0107 z powrotem, prawda? Tak samo jest na turystycznych szlakach g\u00f3rskich. Ci &#8222;tury\u015bci&#8221; wnosz\u0105 pe\u0142ne naczynia r\u00f3\u017cniste a potem fruuu i w krzakach l\u0105duj\u0105 puste. Czy nasze spo\u0142ecze\u0144stwo kiedykolwiek si\u0119 zmieni pod tym wzgl\u0119dem? Wiem, pytanie retoryczne.<br \/>\nO wiele przyjemniej idzie si\u0119 miejscami rzadziej ucz\u0119szczanymi. Tam wiosn\u0119 naprawd\u0119 mo\u017cna poczu\u0107 i zobaczy\u0107. \u0179dziebe\u0142ka \u015bwie\u017cej trawy zaczynaj\u0105 si\u0119 pokazywa\u0107, Szilunia je wyszukuje i zjada. Ptaszki \u015bpiewaj\u0105, skacz\u0105 po ga\u0142\u0105zkach a\u017c mi\u0142o popatrze\u0107. Bez ma p\u0105ki nabrzmia\u0142e, mam nadziej\u0119, \u017ce on, ten m\u00f3j bez, zdaje sobie spraw\u0119 z tego, i\u017c dopiero jest luty i nie zechce pachnie\u0107 ju\u017c teraz. Kusi mnie aby wyj\u015b\u0107 do ogr\u00f3dka,<br \/>\nlecz nie, nie dam si\u0119 omami\u0107, poniewa\u017c jeszcze do ko\u0144ca nie wydobrza\u0142am, wi\u0119c zachowuj\u0105c resztki zdrowego rozs\u0105dku opr\u0119 si\u0119 pokusie;) Jedynie rozsypa\u0142am na trawie kilka torebek (po cukrze) przez zim\u0119 ususzonej (zu\u017cytej) herbaty. Zawsze to naturalny naw\u00f3z. Jak dobrze, \u017ce dzie\u0144 ju\u017c d\u0142u\u017cszy i s\u0142oneczko coraz wy\u017cej i d\u0142u\u017cej \u015bwieci.\u00a0O, a teraz Franu\u015b przyszed\u0142 w odwiedziny:)))<\/p>\n<p>19.02.2019<\/p>\n<div id=\"posts-container\" class=\"body\">\n<div id=\"comments-list\" class=\"comments-list\">\n<ul>\n<li><a href=\"http:\/\/www.blox.pl\/html?page=userProfilePreview&amp;username=krzysztof213\">krzysztof213<\/a> <time title=\"2019\/02\/19 21:26:52\" datetime=\"19.02.2019\">p\u00f3\u0142 miesi\u0105ca temu<\/time>I chocia\u017c tu nie daruj sobie samego samej narzekania<br \/>\nBo ludziom na \u017cywo lepiej za du\u017co nie m\u00f3wi\u0107<br \/>\nI pi\u0119kne i\u015b\u0107 peryferiami<br \/>\nI nie zazdroszcz\u0119 ale tak i\u015b\u0107 z psem na spacer<br \/>\nZawsze lepiej ni\u017c samemu i ba widz\u0119 \u017ce ludzie rozmawiaj\u0105 z psami bardziej ni\u017c z lud\u017ami &#8230;<\/li>\n<li><a href=\"http:\/\/www.blox.pl\/html?page=userProfilePreview&amp;username=krzysztof213\">krzysztof213<\/a> <time title=\"2019\/02\/19 21:28:42\" datetime=\"19.02.2019\">p\u00f3\u0142 miesi\u0105ca temu<\/time>I nie centrum handlowe i jeszcze lepiej galeria hmm jak handlowa to ok<br \/>\nAle ludzue chodz\u0105 do galerii i nie \u017ce sztuk\u0105 hmm \u017cartuje z przek\u0105sem<\/li>\n<li><a href=\"http:\/\/www.blox.pl\/html?page=userProfilePreview&amp;username=emma_b\">emma_b<\/a> <time title=\"2019\/02\/19 22:00:46\" datetime=\"19.02.2019\">p\u00f3\u0142 miesi\u0105ca temu<\/time>jak o \u015bmieciach czytam, natychmiast n\u00f3\u017c mi si\u0119 w kieszeni otwiera. mam ten sam problem z lasem i pla\u017c\u0105. zgroza!<\/li>\n<li><a href=\"http:\/\/www.mycastle.blox.pl\/\">e.urlik<\/a> <time title=\"2019\/02\/20 10:41:02\" datetime=\"20.02.2019\">12 dni temu<\/time>Wok\u00f3\u0142 mnie same lasy pe\u0142ne \u015bmieci. Lasy s\u0105 pi\u0119kne, brzozowo-sosnowo-d\u0119bowe, ale idioci maj\u0105 to gdzie\u015b. Tak\u0105 Ziemi\u0119 dostan\u0105 w spadku nasze dzieci. Dalej uczmy religii, zamiast bycia cz\u0142owiekiem i odpowiedzialnym obywatelem. A Krzysztof ma racj\u0119: psy \u0142\u0105cz\u0105 i \u0142agodz\u0105 obyczaje. I dobrze, \u017ce kot przychodzi.<\/li>\n<li><a href=\"http:\/\/www.blox.pl\/html?page=userProfilePreview&amp;username=babciabezmohera\">babciabezmohera<\/a> <time title=\"2019\/02\/20 11:07:49\" datetime=\"20.02.2019\">12 dni temu<\/time>Znam powiedzenie 'biedny jak mysz ko\u015bcielna&#8217;- i ono da si\u0119 logicznie uzasadni\u0107. \ud83d\ude09<br \/>\nA \u015bmieci s\u0105 irytuj\u0105ce. Moje miasteczko w zasadzie jest bardzo czyste, ale po otwarciu sporego marketu wok\u00f3\u0142 stworzy\u0142a si\u0119 strefa \u015bmieci najrozmaitszych. My\u015bl\u0119, \u017ce ten \u017ce sklep powinien wystawi\u0107 ze 2-3 kosze albo regularnie sprz\u0105ta\u0107. \ud83d\ude41<\/li>\n<li><a href=\"http:\/\/www.blox.pl\/html?page=userProfilePreview&amp;username=kotimyszkot\">kotimyszkot<\/a> <time title=\"2019\/02\/20 11:24:20\" datetime=\"20.02.2019\">12 dni temu<\/time>Z t\u0105 mysz\u0105 to i ja bardziej s\u0142ysza\u0142am powiedzenie &#8222;biedny jak mysz ko\u015bcielna&#8221;, a o poceniu &#8222;spoci\u0107 si\u0119 jak ruda mysz&#8221; (nie wiem czemu akurat ruda poci si\u0119 bardziej \ud83d\ude09<br \/>\nNajtrudniej wyt\u0142umaczy\u0107 nasze powiedzonka dziecku, dla kt\u00f3rego s\u0142owo ma jedno znaczenie i jeszcze &#8222;za Chiny ludowe&#8221; nie \u0142apie niuans\u00f3w \ud83d\ude09 To ju\u017c \u0142atwiej uczy\u0107 go porz\u0105dku i bardzo przyk\u0142adam do tego wag\u0119.. cho\u0107 jak z nim w\u0119drujemy, to a\u017c wstyd za te \u015bmieci i brud kt\u00f3ry widzimy dooko\u0142a. Ostatnio mnie pyta &#8211; Mamo, czemu ten pan wyrzuci\u0142 butelk\u0119 na traw\u0119, a powinien do kosza? Ano powinien dziecko.. powinien.<\/li>\n<li><a href=\"http:\/\/www.blox.pl\/html?page=userProfilePreview&amp;username=annazadroza\">annazadroza<\/a> <time title=\"2019\/02\/20 11:53:44\" datetime=\"20.02.2019\">12 dni temu<\/time>Krzysiu:-) Zapomnia\u0142am o &#8222;galeriach&#8221;, kt\u00f3re nic wsp\u00f3lnego ze sztuk\u0105 nie maj\u0105.<br \/>\nCo do rozmowy z psami &#8211; to one s\u0105 cudowne i czasem zdecydowanie wi\u0119cej maj\u0105 nam do powiedzenia ni\u017c niekt\u00f3rzy osobnicy na dw\u00f3ch nogach. Moja Szilka np. normalnie rozmawia, a zas\u00f3b s\u0142\u00f3w ma duuu\u017cy:) Skitu\u015b natomiast nie gada, tylko si\u0119 patrzy wielkimi \u015blepiami albo si\u0119 przytula:)))<\/li>\n<li><a href=\"http:\/\/www.blox.pl\/html?page=userProfilePreview&amp;username=annazadroza\">annazadroza<\/a> <time title=\"2019\/02\/20 11:55:15\" datetime=\"20.02.2019\">12 dni temu<\/time>Emmo:-) Dlatego no\u017ca nie nosz\u0119 ze sob\u0105, \u017ceby mi si\u0119 nagle sam nie otworzy\u0142&#8230;<\/li>\n<li><a href=\"http:\/\/www.blox.pl\/html?page=userProfilePreview&amp;username=annazadroza\">annazadroza<\/a> <time title=\"2019\/02\/20 11:58:25\" datetime=\"20.02.2019\">12 dni temu<\/time>Ewu\u015b:-) Masz racj\u0119, nie uczy si\u0119 tego co potrzeba, wr\u0119cz przeciwnie. A teraz t\u0119 deform\u0119 i zepsut\u0105 szko\u0142\u0119 pani z wytrzeszczem zostawi i b\u0119dzie si\u0119 ewakuowa\u0107 za granic\u0119&#8230;<\/li>\n<li><a href=\"http:\/\/www.blox.pl\/html?page=userProfilePreview&amp;username=annazadroza\">annazadroza<\/a> <time title=\"2019\/02\/20 12:02:59\" datetime=\"20.02.2019\">12 dni temu<\/time>BBM:-) Chyba tym, \u017ce nic do jedzenia w ko\u015bciele nie ma, przynajmniej dla myszy?<br \/>\nPewnie, \u017ce przed wszystkimi sklepami powinny by\u0107 pojemniki na \u015bmieci, przy drogach, chodnikach te\u017c. Chocia\u017c&#8230; nieraz wida\u0107 kosz przy \u0142aweczce a masa butelek i puszek i tak si\u0119 poniewiera obok na ziemi. Jest jakie\u015b og\u00f3lne pozwolenie na \u015bmiecenie w miejscach publicznych.<\/li>\n<li><a href=\"http:\/\/www.blox.pl\/html?page=userProfilePreview&amp;username=annazadroza\">annazadroza<\/a> <time title=\"2019\/02\/20 12:06:48\" datetime=\"20.02.2019\">12 dni temu<\/time>Myszokocie:-) O rudej myszy nie s\u0142ysza\u0142am. Znam tylko rudego kota:)<br \/>\nNa pytanie synka a\u017c prosi si\u0119 g\u0142o\u015bno powiedzie\u0107 &#8211; &#8222;bo ten pan jest brudasem&#8221; &#8211; patrz\u0105c delikwentowi w oczy, mo\u017ce by si\u0119 zawstydzi\u0142? Ale pewnie nie&#8230;<\/li>\n<\/ul>\n<\/div>\n<\/div>\n<footer id=\"footer\" class=\"body\">\u00a9 Anna Blog<br \/>\n<a href=\"http:\/\/www.blox.pl\/html\"><img loading=\"lazy\" decoding=\"async\" src=\"http:\/\/biv.gazeta.pl\/css\/blox\/themes\/glowny\/images\/blox-logo.png\" width=\"25\" height=\"25\" \/><\/a><\/footer>\n<div class=\"fcbkbttn_buttons_block\" id=\"fcbkbttn_middle\"><div class=\"fcbkbttn_like \"><fb:like href=\"https:\/\/annapisze.art\/?p=1339\" action=\"like\" colorscheme=\"light\" layout=\"box_count\"  size=\"small\"><\/fb:like><\/div><div class=\"fb-share-button  \" data-href=\"https:\/\/annapisze.art\/?p=1339\" data-type=\"button_count\" data-size=\"small\"><\/div><\/div>","protected":false},"excerpt":{"rendered":"<p>Dzi\u015b prawdziwa wiosna w powietrzu. Wybra\u0142am si\u0119 po zakupy, przez ca\u0142y tydzie\u0144 nie by\u0142am w sklepie, wi\u0119c to i owo si\u0119 sko\u0144czy\u0142o, nale\u017ca\u0142o odnowi\u0107 zapasy. Poniewa\u017c blisko i na chwil\u0119 &#8211; ubra\u0142am cienk\u0105 kurtk\u0119 i dobrze zrobi\u0142am, bo zgrza\u0142abym si\u0119 &hellip; <a href=\"https:\/\/annapisze.art\/?p=1339\">Czytaj dalej <span class=\"meta-nav\">&rarr;<\/span><\/a><\/p>\n","protected":false},"author":1,"featured_media":0,"comment_status":"open","ping_status":"open","sticky":false,"template":"","format":"standard","meta":{"footnotes":""},"categories":[8],"tags":[],"class_list":["post-1339","post","type-post","status-publish","format-standard","hentry","category-mysle-sobie"],"_links":{"self":[{"href":"https:\/\/annapisze.art\/index.php?rest_route=\/wp\/v2\/posts\/1339","targetHints":{"allow":["GET"]}}],"collection":[{"href":"https:\/\/annapisze.art\/index.php?rest_route=\/wp\/v2\/posts"}],"about":[{"href":"https:\/\/annapisze.art\/index.php?rest_route=\/wp\/v2\/types\/post"}],"author":[{"embeddable":true,"href":"https:\/\/annapisze.art\/index.php?rest_route=\/wp\/v2\/users\/1"}],"replies":[{"embeddable":true,"href":"https:\/\/annapisze.art\/index.php?rest_route=%2Fwp%2Fv2%2Fcomments&post=1339"}],"version-history":[{"count":2,"href":"https:\/\/annapisze.art\/index.php?rest_route=\/wp\/v2\/posts\/1339\/revisions"}],"predecessor-version":[{"id":1343,"href":"https:\/\/annapisze.art\/index.php?rest_route=\/wp\/v2\/posts\/1339\/revisions\/1343"}],"wp:attachment":[{"href":"https:\/\/annapisze.art\/index.php?rest_route=%2Fwp%2Fv2%2Fmedia&parent=1339"}],"wp:term":[{"taxonomy":"category","embeddable":true,"href":"https:\/\/annapisze.art\/index.php?rest_route=%2Fwp%2Fv2%2Fcategories&post=1339"},{"taxonomy":"post_tag","embeddable":true,"href":"https:\/\/annapisze.art\/index.php?rest_route=%2Fwp%2Fv2%2Ftags&post=1339"}],"curies":[{"name":"wp","href":"https:\/\/api.w.org\/{rel}","templated":true}]}}