{"id":1337,"date":"2019-03-04T19:05:38","date_gmt":"2019-03-04T18:05:38","guid":{"rendered":"http:\/\/annapisze.art\/?p=1337"},"modified":"2019-03-04T19:05:38","modified_gmt":"2019-03-04T18:05:38","slug":"brawo-dla-krakowa","status":"publish","type":"post","link":"https:\/\/annapisze.art\/?p=1337","title":{"rendered":"Brawo dla Krakowa!"},"content":{"rendered":"<p>Dzi\u0119kuj\u0119 Wam wszystkim za dobre s\u0142owa, \u017cyczenia, Ciep\u0142e i Puchate! Z pewno\u015bci\u0105 dzi\u0119ki temu jest m i lepiej i nawet wczoraj wyszli\u015bmy rodzinnie z psami na spacer, czym wielce uradowane by\u0142y:)<br \/>\nWczoraj us\u0142ysza\u0142am w tv, \u017ce radni w Krakowie przyznali opiekunom niepe\u0142nosprawnych dodatek w wysoko\u015bci 500 z\u0142. miesi\u0119cznie. O tak\u0105 sum\u0119 walczyli w Sejmie rodzice, g\u0142\u00f3wnie matki, kt\u00f3rym stra\u017cnicy wykr\u0119cali r\u0119ce i si\u0142\u0105 odrywali od okiennych framug. A one tylko chcia\u0142y upomnie\u0107 si\u0119 o swoje dzieci, kt\u00f3re cho\u0107 uko\u0144czy\u0142y 18 lat, to niepe\u0142nosprawno\u015bci nie zostawi\u0142y za sob\u0105 i b\u0119d\u0105 si\u0119 z ni\u0105 boryka\u0107 do swoich ostatnich dni. Swoich i rodzic\u00f3w.<br \/>\nProtest zacz\u0105\u0142 si\u0119 18. IV.2018 r. Od razu mam w oczach mam\u0119, kt\u00f3r\u0105 najbardziej zapami\u0119ta\u0142am, pani\u0105 Iwon\u0119 Hartwich, ona wtedy przedstawi\u0142a dwa g\u0142\u00f3wne postulaty. Chodzi\u0142o o wprowadzenie dodatku rehabilitacyjnego dla os\u00f3b z niepe\u0142nosprawno\u015bci\u0105 niezdolnych do samodzielnej egzystencji po uko\u0144czeniu 18-go roku \u017cycia w kwocie 500 z\u0142. miesi\u0119cznie. W drugim postulacie chodzi\u0142o o zr\u00f3wnanie kwoty renty socjalnej z najni\u017csz\u0105 rent\u0105 z ZUS z tytu\u0142u ca\u0142kowitej niezdolno\u015bci do pracy, oraz stopniowe podwy\u017cszanie tej kwoty do r\u00f3wnowarto\u015bci<br \/>\nminimum socjalnego.<br \/>\nW 2014 r. za rz\u0105d\u00f3w PO-PSL koczowali rodzice w Sejmie przez 17 dni i wywalczyli podwy\u017cszenie \u015bwiadczenia piel\u0119gnacyjnego dla rodzic\u00f3w, kt\u00f3rzy musieli zrezygnowa\u0107 z pracy, \u017ceby opiekowa\u0107 si\u0119 dzieckiem bez wzgl\u0119du na jego wiek &#8211; do najni\u017cszej krajowej.<br \/>\n11.V.2018 Sejm przyj\u0105\u0142 ustaw\u0119 o wsparciu dla niepe\u0142nosprawnych wprowadzaj\u0105c\u0105 udogodnienia w dost\u0119pie do \u015bwiadcze\u0144 opieki zdrowotnej, us\u0142ug farmaceutycznych oraz wyrob\u00f3w medycznych. Nic jednak z tego nie b\u0119d\u0105 mia\u0142y dzieci niewidome, upo\u015bledzone czy z zespo\u0142em Dawna &#8211; m\u00f3wili rodzice. Oni prosili o 500 z\u0142. na \u017cycie.<br \/>\nProtest zosta\u0142 zawieszony po 40-tu dniach. Przez czas trwania by\u0142 tematem szeroko omawianym w mediach. Ludzie, kt\u00f3rzy poj\u0119cia nie mieli co oznacza opieka nad niepe\u0142nosprawn\u0105 osob\u0105 przez 24 godziny na dob\u0119 zastanowili si\u0119, co\u015b zrozumieli, inaczej spojrzeli na problem, pomagali, wyra\u017cali poparcie i sympati\u0119. Dla mnie te matki s\u0105 prawdziwymi bohaterkami. Dobrze, \u017ce radni w Krakowie to zrozumieli, oby w innych miejscowo\u015bciach te\u017c tak si\u0119 sta\u0142o. Napisa\u0142am jeszcze o stosunku tzw. obro\u0144c\u00f3w \u017cycia \u00a0ale mi si\u0119 skasowa\u0142o. Widocznie nie s\u0105 warci wzmianki, bo tylko z\u0142e emocje budz\u0105 si\u0119&#8230; Tak samo jak wtedy, gdy widz\u0119 reklamy \u015brodk\u00f3w na potencj\u0119 dla facet\u00f3w. A gdzie reklama \u015brodk\u00f3w dla kobiet, \u017ceby si\u0119 mog\u0142y obroni\u0107 przed tymi facetami i nie zachodzi\u0142y w ci\u0105\u017ce niechciane? Przecie\u017c potem z tymi dzie\u0107mi i tak same zostaj\u0105. Faceci bior\u0105 nast\u0119pn\u0105 tabletk\u0119 i frun\u0105 do nast\u0119pnego kwiatka&#8230;<\/p>\n<p>18.02.2019<\/p>\n<div id=\"posts-container\" class=\"body\">\n<div id=\"comments-list\" class=\"comments-list\">\n<ul>\n<li><a href=\"http:\/\/www.mycastle.blox.pl\/\">e.urlik<\/a> <time title=\"2019\/02\/18 15:37:39\" datetime=\"18.02.2019\">p\u00f3\u0142 miesi\u0105ca temu<\/time>Dobrze, \u017ce nie wspomnia\u0142a\u015b o tzw. obro\u0144cach \u017cycia, bo robi mi si\u0119 niedobrze i \u017cycz\u0119 im wszystkiego najgorszego, bez lito\u015bci. To samo dotyczy &#8222;lek\u00f3w&#8221; dla facet\u00f3w i to wmawianie wszystkim, \u017ce oni to bior\u0105 DLA KOBIET, bo przecie\u017c wszystkie s\u0105 tak napalone, \u017ce je\u015bli facet nie sprosta to ca\u0142y \u015bwiat pogr\u0105\u017cy si\u0119 w chaosie. A przecie\u017c powinni raczej \u015brodki antykoncepcyjne promowa\u0107, w ka\u017cdej postaci i dla obu p\u0142ci. Ech&#8230;<\/li>\n<li><a href=\"http:\/\/www.blox.pl\/html?page=userProfilePreview&amp;username=emma_b\">emma_b<\/a> <time title=\"2019\/02\/18 21:31:57\" datetime=\"18.02.2019\">p\u00f3\u0142 miesi\u0105ca temu<\/time>ciekawe, \u017ce jak si\u0119 chce, to mo\u017cna ca\u0142kiem spore pieni\u0105dze wygospodarowa\u0107&#8230;za Krakowem powinny p\u00f3j\u015b\u0107 inne miasta, bo nie ma chyba bardziej pokrzywdzonych przez los istot ni\u017c takie rodziny.<\/li>\n<li><a href=\"http:\/\/www.blox.pl\/html?page=userProfilePreview&amp;username=hanula1950\">hanula1950<\/a> <time title=\"2019\/02\/19 02:25:48\" datetime=\"19.02.2019\">p\u00f3\u0142 miesi\u0105ca temu<\/time>Brawo, brawo dla Krakowa!<\/li>\n<li><a href=\"http:\/\/www.blox.pl\/html?page=userProfilePreview&amp;username=krzysztof213\">krzysztof213<\/a> <time title=\"2019\/02\/19 13:00:25\" datetime=\"19.02.2019\">p\u00f3\u0142 miesi\u0105ca temu<\/time>hmm oo seksie<br \/>\nNie ka\u017cdy jest taki przecie\u017c chodzi o pieni\u0105dze i nie ma mi\u0142o\u015bci<br \/>\nlecz i smutne to ze jeszcze trzeba \u017cy\u0107 w takim kraju gdzie rodzice nie maj\u0105 na dzieci<br \/>\nAle ze dam piosenk\u0119 i dzi\u0119kuje za komentarz bardzo mi mi\u0142o<br \/>\nNo ze taki komentarz by\u0142 to napisz\u0119 jeszcze lubi\u0119 ksi\u0105\u017cki i kwiaty oraz psy<br \/>\n<a href=\"https:\/\/www.youtube.com\/watch?v=8-rZC6cu4dc\" rel=\"nofollow\">www.youtube.com\/watch?v=8-rZC6cu4dc<\/a><\/li>\n<li><a href=\"http:\/\/niesfornedruty.blox.pl\/\">urszula97<\/a> <time title=\"2019\/02\/19 13:23:35\" datetime=\"19.02.2019\">p\u00f3\u0142 miesi\u0105ca temu<\/time>Wielkie brawa, czyta\u0142am te\u017c \u017ce chc\u0105 wprowadza\u0107 systematycznie 500 plus dla rodzin z 1 dzieckiem,<\/li>\n<li><a href=\"http:\/\/www.blox.pl\/html?page=userProfilePreview&amp;username=annazadroza\">annazadroza<\/a> <time title=\"2019\/02\/19 17:39:53\" datetime=\"19.02.2019\">p\u00f3\u0142 miesi\u0105ca temu<\/time>Ewuniu:-) C\u00f3\u017c poradzi\u0107, \u017ce cz\u0119\u015b\u0107 rodak\u00f3w \u017cyje mentalnie w \u015bredniowieczu i reszt\u0119 chcia\u0142aby te\u017c tam wci\u0105gn\u0105\u0107. Mam wci\u0105\u017c nadziej\u0119, \u017ce &#8222;ludzi dobrej woli jest wi\u0119cej&#8221;&#8230;<\/li>\n<li><a href=\"http:\/\/www.blox.pl\/html?page=userProfilePreview&amp;username=annazadroza\">annazadroza<\/a> <time title=\"2019\/02\/19 17:42:14\" datetime=\"19.02.2019\">p\u00f3\u0142 miesi\u0105ca temu<\/time>Emmo:-) Zgadzam si\u0119 z Tob\u0105, to najbardziej skrzywdzone przez los istoty i ca\u0142e rodziny, ju\u017c nic gorszego nie mo\u017ce by\u0107 ni\u017c ogl\u0105da\u0107 na co dzie\u0144 nieszcz\u0119\u015bcie i cierpienie w\u0142asnego dziecka, i nie mie\u0107 jak i za co mu pom\u00f3c.<\/li>\n<li><a href=\"http:\/\/www.blox.pl\/html?page=userProfilePreview&amp;username=annazadroza\">annazadroza<\/a> <time title=\"2019\/02\/19 17:43:08\" datetime=\"19.02.2019\">p\u00f3\u0142 miesi\u0105ca temu<\/time>Hanulko:-) Ciesz\u0119 si\u0119, \u017ce te\u017c tak my\u015blisz:)))<\/li>\n<li><a href=\"http:\/\/www.blox.pl\/html?page=userProfilePreview&amp;username=annazadroza\">annazadroza<\/a> <time title=\"2019\/02\/19 17:45:55\" datetime=\"19.02.2019\">p\u00f3\u0142 miesi\u0105ca temu<\/time>Krzysiu:-) Kto lubi kwiaty, ksi\u0105\u017cki oraz psy jest bardzo dobrym, wra\u017cliwym cz\u0142owiekiem:))) Dzi\u0119kuj\u0119 za link, robi wra\u017cenie i pobudza do refleksji.<\/li>\n<li><a href=\"http:\/\/www.blox.pl\/html?page=userProfilePreview&amp;username=annazadroza\">annazadroza<\/a> <time title=\"2019\/02\/19 17:48:34\" datetime=\"19.02.2019\">p\u00f3\u0142 miesi\u0105ca temu<\/time>Ule\u0144ko:-) Najbardziej przyda\u0142oby si\u0119 te 500+ matkom samotnie borykaj\u0105cym si\u0119 z losem.<\/li>\n<li><a href=\"http:\/\/www.blox.pl\/html?page=userProfilePreview&amp;username=krzysztof213\">krzysztof213<\/a> <time title=\"2019\/02\/19 21:21:40\" datetime=\"19.02.2019\">p\u00f3\u0142 miesi\u0105ca temu<\/time>Dzi\u0119ki za te s\u0142owa<br \/>\n\u017be dzi\u015b licz\u0105 si\u0119 pieni\u0105dze dla wielu os\u00f3b u nic wi\u0119cej nieraz tak bardzo upada ten pi\u0119kny kraj z wiar\u0105 katoliczk\u0105 na czele<br \/>\nWi\u0119c spokojnego wypoczynku<br \/>\nGdzie\u015b cz\u0142owiek musi si\u0119 wygada\u0107 jak w spo\u0142ecze\u0144stwie klasowym nieraz nie mo\u017ce<\/li>\n<li><a href=\"http:\/\/www.blox.pl\/html?page=userProfilePreview&amp;username=annazadroza\">annazadroza<\/a> <time title=\"2019\/02\/20 11:45:31\" datetime=\"20.02.2019\">12 dni temu<\/time>Krzysiu:-) Dzi\u0119ki, pozdrawiam Ci\u0119 serdecznie i&#8230; pog\u0142aszcz pierwszego pieska, jakiego dzi\u015b napotkasz na swej drodze:) Nast\u0119pne mo\u017cesz r\u00f3wnie\u017c:)))<\/li>\n<li><a href=\"http:\/\/www.blox.pl\/html?page=userProfilePreview&amp;username=marijana2\">marijana2<\/a> <time title=\"2019\/02\/20 14:06:06\" datetime=\"20.02.2019\">12 dni temu<\/time>Oby to by\u0142a jask\u00f3\u0142ka, kt\u00f3ra wiosn\u0119 w ca\u0142ym kraju uczyni.<br \/>\nWielkie brawa dla Krakowa!<\/li>\n<li><a href=\"http:\/\/www.blox.pl\/html?page=userProfilePreview&amp;username=annazadroza\">annazadroza<\/a> <time title=\"2019\/02\/20 20:44:03\" datetime=\"20.02.2019\">12 dni temu<\/time>Marijanko:-) Oby, oby co\u015b lepszego zacz\u0119\u0142o si\u0119 dzia\u0107:)))<\/li>\n<\/ul>\n<\/div>\n<\/div>\n<footer id=\"footer\" class=\"body\">\u00a9 Anna Blog<br \/>\n<a href=\"http:\/\/www.blox.pl\/html\"><img loading=\"lazy\" decoding=\"async\" src=\"http:\/\/biv.gazeta.pl\/css\/blox\/themes\/glowny\/images\/blox-logo.png\" width=\"25\" height=\"25\" \/><\/a><\/p>\n<\/footer>\n<p>&nbsp;<\/p>\n<p>&nbsp;<\/p>\n<div class=\"fcbkbttn_buttons_block\" id=\"fcbkbttn_middle\"><div class=\"fcbkbttn_like \"><fb:like href=\"https:\/\/annapisze.art\/?p=1337\" action=\"like\" colorscheme=\"light\" layout=\"box_count\"  size=\"small\"><\/fb:like><\/div><div class=\"fb-share-button  \" data-href=\"https:\/\/annapisze.art\/?p=1337\" data-type=\"button_count\" data-size=\"small\"><\/div><\/div>","protected":false},"excerpt":{"rendered":"<p>Dzi\u0119kuj\u0119 Wam wszystkim za dobre s\u0142owa, \u017cyczenia, Ciep\u0142e i Puchate! Z pewno\u015bci\u0105 dzi\u0119ki temu jest m i lepiej i nawet wczoraj wyszli\u015bmy rodzinnie z psami na spacer, czym wielce uradowane by\u0142y:) Wczoraj us\u0142ysza\u0142am w tv, \u017ce radni w Krakowie przyznali &hellip; <a href=\"https:\/\/annapisze.art\/?p=1337\">Czytaj dalej <span class=\"meta-nav\">&rarr;<\/span><\/a><\/p>\n","protected":false},"author":1,"featured_media":0,"comment_status":"open","ping_status":"open","sticky":false,"template":"","format":"standard","meta":{"footnotes":""},"categories":[8],"tags":[],"class_list":["post-1337","post","type-post","status-publish","format-standard","hentry","category-mysle-sobie"],"_links":{"self":[{"href":"https:\/\/annapisze.art\/index.php?rest_route=\/wp\/v2\/posts\/1337","targetHints":{"allow":["GET"]}}],"collection":[{"href":"https:\/\/annapisze.art\/index.php?rest_route=\/wp\/v2\/posts"}],"about":[{"href":"https:\/\/annapisze.art\/index.php?rest_route=\/wp\/v2\/types\/post"}],"author":[{"embeddable":true,"href":"https:\/\/annapisze.art\/index.php?rest_route=\/wp\/v2\/users\/1"}],"replies":[{"embeddable":true,"href":"https:\/\/annapisze.art\/index.php?rest_route=%2Fwp%2Fv2%2Fcomments&post=1337"}],"version-history":[{"count":1,"href":"https:\/\/annapisze.art\/index.php?rest_route=\/wp\/v2\/posts\/1337\/revisions"}],"predecessor-version":[{"id":1338,"href":"https:\/\/annapisze.art\/index.php?rest_route=\/wp\/v2\/posts\/1337\/revisions\/1338"}],"wp:attachment":[{"href":"https:\/\/annapisze.art\/index.php?rest_route=%2Fwp%2Fv2%2Fmedia&parent=1337"}],"wp:term":[{"taxonomy":"category","embeddable":true,"href":"https:\/\/annapisze.art\/index.php?rest_route=%2Fwp%2Fv2%2Fcategories&post=1337"},{"taxonomy":"post_tag","embeddable":true,"href":"https:\/\/annapisze.art\/index.php?rest_route=%2Fwp%2Fv2%2Ftags&post=1337"}],"curies":[{"name":"wp","href":"https:\/\/api.w.org\/{rel}","templated":true}]}}