{"id":1331,"date":"2019-03-04T18:59:46","date_gmt":"2019-03-04T17:59:46","guid":{"rendered":"http:\/\/annapisze.art\/?p=1331"},"modified":"2019-03-04T18:59:46","modified_gmt":"2019-03-04T17:59:46","slug":"przypomne-sobie-cala-nepomucka-warto","status":"publish","type":"post","link":"https:\/\/annapisze.art\/?p=1331","title":{"rendered":"Przypomn\u0119 sobie ca\u0142\u0105 Nepomuck\u0105, warto:)"},"content":{"rendered":"<p>Zapach wiosny w powietrzu wci\u0105\u017c czuj\u0119:))) Poza tym z\u0142apa\u0142o mnie paskudne zapalenie gard\u0142a i mnie boli, drapie, jakbym kaktusa chcia\u0142a po\u0142kn\u0105\u0107. Dobrze, \u017ce z natury nie jestem gadu\u0142\u0105 bo cierpia\u0142abym podw\u00f3jnie;) Przele\u017ca\u0142am wczoraj prawie ca\u0142y dzie\u0144 &#8222;martwym bykiem&#8221;, nawet nie w\u0142\u0105czy\u0142am Lapcia. By\u0107 mo\u017ce jakie\u015b grypowe to paskudztwo by\u0142o, st\u0105d b\u00f3l mi\u0119\u015bni. Dzi\u015b ju\u017c lepiej ale nie b\u0119d\u0119 si\u0119 forsowa\u0107, jeszcze mi \u0142\u00f3\u017ceczko pachnie.<br \/>\nCzy czyta\u0142y\u015bcie powie\u015bci Krystyny Nepomuckiej?<br \/>\nBardzo dawno temu pierwsza wpad\u0142a mi w r\u0119k\u0119. To by\u0142o &#8222;Ma\u0142\u017ce\u0144stwo niedoskona\u0142e&#8221;, potem ju\u017c pooosz\u0142o:))) Kilka lat temu wydane zosta\u0142y wszystkie w ilo\u015bci 29 -ciu tom\u00f3w pod wsp\u00f3lnym tytu\u0142em &#8222;Pami\u0119tniki czerwonej szminki&#8221;. Pracowa\u0142am jeszcze wtedy i przemi\u0142a Danusia z kiosku odk\u0142ada\u0142a mi ka\u017cdy kolejny tom dzi\u0119ki czemu zebra\u0142am ca\u0142\u0105 kolekcj\u0119. Znajduj\u0105 si\u0119 na p\u00f3\u0142ce w sypialni, \u017ceby nikt obcy nie mia\u0142 do nich dost\u0119pu, razem z innymi najukocha\u0144szymi ksi\u0105\u017ckami. Kiedy wczoraj z os\u0142abienia ja pad\u0142am na \u0142\u00f3\u017cko to m\u00f3j wzrok pad\u0142 na Nepomuck\u0105. Znaczy &#8211; pora wr\u00f3ci\u0107 do niej zamiast denerwowa\u0107 si\u0119 i traci\u0107 zdrowie z powodu r\u00f3\u017cnych aktualnych mrocznych spraw i sprawek.<br \/>\nW ostatnim tomie, kt\u00f3ry wzi\u0119\u0142am do \u0142\u00f3\u017cka, jest fragment z czterotomowego cyklu, pierwsza cz\u0119\u015b\u0107 to &#8222;Obraczka ze s\u0142omy&#8221;. Dalsze &#8211; &#8222;Krzew tamaryszku&#8221;, &#8222;Nie wierz\u0119 w powroty&#8221;, &#8222;Motyl z per\u0142\u0105&#8221; &#8211; chyba taka kolejno\u015b\u0107. Sprawdz\u0119 i ewentualnie sprostuj\u0119 je\u015bli pokr\u0119ci\u0142am. Czyta\u0142am kiedy\u015b jednym tchem &#8211; o mi\u0142o\u015bci, kt\u00f3ra nie powinna si\u0119 zdarzy\u0107, m\u0142odziutkiej Polki Anny Marii i niemieckiego m\u0142odego \u017co\u0142nierza Waltera podczas II wojny. O po\u015bwi\u0119ceniu, niebezpiecze\u0144stwie, oczekiwaniu i poszukiwaniu. Wspania\u0142a lektura nios\u0105ca niezapomniane prze\u017cycia, przynajmniej dla mnie. No i co\u015b jeszcze &#8211; cudowne operowanie przez Autork\u0119 polskim j\u0119zykiem, kt\u00f3ry jest pi\u0119kny, czego na co dzie\u0144 \u00a0nie wida\u0107 i nie s\u0142ycha\u0107.<\/p>\n<p>Aha, muffinki upiek\u0142am z reszt\u0105 ma\u015blanki, z dodatk\u00f3w u\u017cy\u0142am tylko p\u0142atki owsiane, wi\u00f3rki kokosowe i \u017curawin\u0119 suszon\u0119. W smaku przypominaj\u0105 sernik, smaczne bardzo i syte.<\/p>\n<p>12.02.2019<\/p>\n<div id=\"posts-container\" class=\"body\">\n<div id=\"comments-list\" class=\"comments-list\">\n<ul>\n<li><a href=\"http:\/\/www.blox.pl\/html?page=userProfilePreview&amp;username=aga-joz\">aga-joz<\/a> <time title=\"2019\/02\/12 10:01:17\" datetime=\"12.02.2019\">20 dni temu<\/time>A pewnie, \u017ce warto- zaczytywa\u0142am si\u0119 niegdy\u015b zw\u0142aszcza cyklem od &#8222;Ma\u0142\u017ce\u0144stwa&#8221;, po &#8222;Staro\u015b\u0107&#8221;, niewa\u017cne- &#8222;doskona\u0142e&#8221; czy &#8222;niedoskona\u0142e&#8221;. Inne powie\u015bci te\u017c przeczyta\u0142am. Rzadko teraz wracam do tych przeczytanych pozycji, bo tych nowych jest tyle i kusi, ale czasem warto sobie powspomina\u0107<\/li>\n<li><a href=\"http:\/\/www.blox.pl\/html?page=userProfilePreview&amp;username=tessa37\">tessa37<\/a> <time title=\"2019\/02\/12 10:13:27\" datetime=\"12.02.2019\">20 dni temu<\/time>Moja mama sie zaczytywala, kiedys i ja siegnelam, wiem, ze przeczytalam wszystko, co miala, ale juz kompletnie nic nie pamietam;)<\/li>\n<li><a href=\"http:\/\/www.blox.pl\/html?page=userProfilePreview&amp;username=emma_b\">emma_b<\/a> <time title=\"2019\/02\/12 20:48:09\" datetime=\"12.02.2019\">20 dni temu<\/time>zaskoczy\u0142o mnie Twoje wyznanie, \u017ce nie jeste\u015b gadu\u0142\u0105, jak te pozory myl\u0105&#8230;:)<br \/>\n\u017cycz\u0119 szybkiego powrotu do stanu sprzed choroby:)<br \/>\n,<\/li>\n<li><span class=\"guest\">Go\u015b\u0107: [Robert] <\/span><span class=\"host\">*.bb.online.no<\/span> <time title=\"2019\/02\/12 20:48:27\" datetime=\"12.02.2019\">20 dni temu<\/time>Pani Anno odpisa\u0142em na Pani maila 6 lutego, pewnie &#8222;poszed\u0142&#8221; do SPAM-u. Prosz\u0119 tam zagl\u0105dn\u0105\u0107.<br \/>\nPozdrawiam<br \/>\nRobert z Tenczynka<\/li>\n<li><a href=\"http:\/\/www.blox.pl\/html?page=userProfilePreview&amp;username=hanula1950\">hanula1950<\/a> <time title=\"2019\/02\/13 10:10:40\" datetime=\"13.02.2019\">19 dni temu<\/time>Mam chyba wszystkie jej ksi\u0105\u017cki. Bardzo j\u0105 lubi\u0119.<\/li>\n<li><a href=\"http:\/\/www.blox.pl\/html?page=userProfilePreview&amp;username=kobietawbarwachjesieni\">kobietawbarwachjesieni<\/a> <time title=\"2019\/02\/13 11:44:22\" datetime=\"13.02.2019\">19 dni temu<\/time>To i ja zainteresuj\u0119 si\u0119 jej ksi\u0105\u017ckami. A infekcj\u0119 wyle\u017c w \u0142\u00f3\u017cku i nie spiesz si\u0119 ze wstawaniem. Mnie taka infekcja trzyma\u0142a r\u00f3wny miesi\u0105c.<\/li>\n<li><a href=\"http:\/\/www.blox.pl\/html?page=userProfilePreview&amp;username=annazadroza\">annazadroza<\/a> <time title=\"2019\/02\/14 10:01:22\" datetime=\"14.02.2019\">p\u00f3\u0142 miesi\u0105ca temu<\/time>Ago:-) Warto, bo wracamy do \u015bwiata, kt\u00f3rego ju\u017c nie ma a by\u0142. Pami\u0119tam ruiny w mie\u015bcie, pami\u0119tam b\u0142oto zalewaj\u0105ce wsie &#8211; tyle sobie przypomnia\u0142am czytaj\u0105c 29-ty tom, zacz\u0119\u0142am od ko\u0144ca. Do tego prawdziwy obraz polskiej emigracji w Stanach, nie ten lukrowany pokazywany rodzinie i znajomym, \u017ceby zazdro\u015bcili. I j\u0119zyk, co zawsze mnie zachwyca &#8211; nasz pi\u0119kny polski j\u0119zyk sprowadzany ostatnio do formy prymitywnej &#8211; a tu w ca\u0142ej krasie wykorzystywany.<\/li>\n<li><a href=\"http:\/\/www.blox.pl\/html?page=userProfilePreview&amp;username=annazadroza\">annazadroza<\/a> <time title=\"2019\/02\/14 10:07:01\" datetime=\"14.02.2019\">p\u00f3\u0142 miesi\u0105ca temu<\/time>Tesso:-) Z wielk\u0105 przyjemno\u015bci\u0105 si\u0119gn\u0119\u0142am kiedy\u015b po nowe pozycje, kt\u00f3rych w m\u0142odo\u015bci nie czyta\u0142am, by\u0142 to w\u0142a\u015bnie cyklu o mi\u0142o\u015bci Ann Marie i Waltera w czasie wojny, by\u0142am zachwycona i dlatego zebra\u0142am ca\u0142\u0105 kolekcj\u0119, \u017ceby przeczyta\u0107 ca\u0142o\u015b\u0107, kiedy wreszcie b\u0119d\u0119 mia\u0142a czas.<\/li>\n<li><a href=\"http:\/\/www.blox.pl\/html?page=userProfilePreview&amp;username=annazadroza\">annazadroza<\/a> <time title=\"2019\/02\/14 10:10:10\" datetime=\"14.02.2019\">p\u00f3\u0142 miesi\u0105ca temu<\/time>Emmo:-) Nie jestem gadu\u0142\u0105, m\u00f3wienie to najgorsza rzecz do jakiej czuj\u0119 si\u0119 zmuszana. Lubi\u0119 s\u0142ucha\u0107, uwielbiam pisa\u0107 ale m\u00f3wi\u0107 &#8211; nie! To kara za grzechy. Najbardziej kocham ludzi z kt\u00f3rymi dobrze mi si\u0119 milczy:)))<\/li>\n<li><a href=\"http:\/\/www.blox.pl\/html?page=userProfilePreview&amp;username=annazadroza\">annazadroza<\/a> <time title=\"2019\/02\/14 10:13:10\" datetime=\"14.02.2019\">p\u00f3\u0142 miesi\u0105ca temu<\/time>Hanulko:-) Ciesz\u0119 si\u0119, \u017ce uda\u0142o mi si\u0119 zebra\u0107 ca\u0142\u0105 kolekcj\u0119 jej powie\u015bci. Zmar\u0142a niedawno maj\u0105c 94 lata, pi\u0119kny wiek, prawda?<\/li>\n<li><a href=\"http:\/\/www.blox.pl\/html?page=userProfilePreview&amp;username=annazadroza\">annazadroza<\/a> <time title=\"2019\/02\/14 10:14:27\" datetime=\"14.02.2019\">p\u00f3\u0142 miesi\u0105ca temu<\/time>Robert:-) Znalaz\u0142am! Odpisa\u0142am i baaardzo dzi\u0119kuj\u0119!!! Pozdrawiam serdecznie:)))<\/li>\n<li><a href=\"http:\/\/www.blox.pl\/html?page=userProfilePreview&amp;username=annazadroza\">annazadroza<\/a> <time title=\"2019\/02\/14 10:21:38\" datetime=\"14.02.2019\">p\u00f3\u0142 miesi\u0105ca temu<\/time>Marysiu:-) Je\u015bli Ci wcze\u015bniej Nepomucka umkn\u0119\u0142a, to koniecznie do niej zajrzyj. Zar\u0119czam, \u017ce nie po\u017ca\u0142ujesz.<br \/>\nCo do infekcji &#8211; masz racj\u0119. Zlekcewa\u017cy\u0142am i mnie zmog\u0142a bezlito\u015bnie, nie czu\u0142am si\u0119 tak fatalnie od kilku lat. Jednak trzeba dba\u0107 o siebie. M\u00f3wisz, \u017ce miesi\u0105c? Nie\u017ale, ale teraz ju\u017c dobrze? Buziaki kochana:)))<\/li>\n<\/ul>\n<\/div>\n<\/div>\n<footer id=\"footer\" class=\"body\">\u00a9 Anna Blog<br \/>\n<a href=\"http:\/\/www.blox.pl\/html\"><img loading=\"lazy\" decoding=\"async\" src=\"http:\/\/biv.gazeta.pl\/css\/blox\/themes\/glowny\/images\/blox-logo.png\" width=\"25\" height=\"25\" \/><\/a><\/p>\n<\/footer>\n<div class=\"fcbkbttn_buttons_block\" id=\"fcbkbttn_middle\"><div class=\"fcbkbttn_like \"><fb:like href=\"https:\/\/annapisze.art\/?p=1331\" action=\"like\" colorscheme=\"light\" layout=\"box_count\"  size=\"small\"><\/fb:like><\/div><div class=\"fb-share-button  \" data-href=\"https:\/\/annapisze.art\/?p=1331\" data-type=\"button_count\" data-size=\"small\"><\/div><\/div>","protected":false},"excerpt":{"rendered":"<p>Zapach wiosny w powietrzu wci\u0105\u017c czuj\u0119:))) Poza tym z\u0142apa\u0142o mnie paskudne zapalenie gard\u0142a i mnie boli, drapie, jakbym kaktusa chcia\u0142a po\u0142kn\u0105\u0107. Dobrze, \u017ce z natury nie jestem gadu\u0142\u0105 bo cierpia\u0142abym podw\u00f3jnie;) Przele\u017ca\u0142am wczoraj prawie ca\u0142y dzie\u0144 &#8222;martwym bykiem&#8221;, nawet nie &hellip; <a href=\"https:\/\/annapisze.art\/?p=1331\">Czytaj dalej <span class=\"meta-nav\">&rarr;<\/span><\/a><\/p>\n","protected":false},"author":1,"featured_media":0,"comment_status":"open","ping_status":"open","sticky":false,"template":"","format":"standard","meta":{"footnotes":""},"categories":[8],"tags":[],"class_list":["post-1331","post","type-post","status-publish","format-standard","hentry","category-mysle-sobie"],"_links":{"self":[{"href":"https:\/\/annapisze.art\/index.php?rest_route=\/wp\/v2\/posts\/1331","targetHints":{"allow":["GET"]}}],"collection":[{"href":"https:\/\/annapisze.art\/index.php?rest_route=\/wp\/v2\/posts"}],"about":[{"href":"https:\/\/annapisze.art\/index.php?rest_route=\/wp\/v2\/types\/post"}],"author":[{"embeddable":true,"href":"https:\/\/annapisze.art\/index.php?rest_route=\/wp\/v2\/users\/1"}],"replies":[{"embeddable":true,"href":"https:\/\/annapisze.art\/index.php?rest_route=%2Fwp%2Fv2%2Fcomments&post=1331"}],"version-history":[{"count":1,"href":"https:\/\/annapisze.art\/index.php?rest_route=\/wp\/v2\/posts\/1331\/revisions"}],"predecessor-version":[{"id":1332,"href":"https:\/\/annapisze.art\/index.php?rest_route=\/wp\/v2\/posts\/1331\/revisions\/1332"}],"wp:attachment":[{"href":"https:\/\/annapisze.art\/index.php?rest_route=%2Fwp%2Fv2%2Fmedia&parent=1331"}],"wp:term":[{"taxonomy":"category","embeddable":true,"href":"https:\/\/annapisze.art\/index.php?rest_route=%2Fwp%2Fv2%2Fcategories&post=1331"},{"taxonomy":"post_tag","embeddable":true,"href":"https:\/\/annapisze.art\/index.php?rest_route=%2Fwp%2Fv2%2Ftags&post=1331"}],"curies":[{"name":"wp","href":"https:\/\/api.w.org\/{rel}","templated":true}]}}