{"id":1329,"date":"2019-03-04T18:57:38","date_gmt":"2019-03-04T17:57:38","guid":{"rendered":"http:\/\/annapisze.art\/?p=1329"},"modified":"2019-03-04T18:57:38","modified_gmt":"2019-03-04T17:57:38","slug":"slonecznego","status":"publish","type":"post","link":"https:\/\/annapisze.art\/?p=1329","title":{"rendered":"S\u0142onecznego:)"},"content":{"rendered":"<p>Wczoraj i dzi\u015b \u015bwiat b\u0142yszcza\u0142 iskierkami gdy jeszcze by\u0142o ciemno (ko\u0142o sz\u00f3stej). W pi\u0105tek niewidoczna marzn\u0105ca m\u017cawka sprawia\u0142a wra\u017cenie, jakby kto\u015b rozsypa\u0142 na chodniku brylanciki migoc\u0105ce w \u015bwietle latarni. Pi\u0119knie by\u0142o tylko \u015blisko. Ca\u0142e szcz\u0119\u015bcie, \u017ce mia\u0142am kijek ze sob\u0105, nie da\u0142am si\u0119 zwie\u015b\u0107 pierwszemu wra\u017ceniu, \u017ce jest sucho i nie zostawi\u0142am go w domu. Nie zachowa\u0142am czujno\u015bci przechodz\u0105c obok wyjazdu z myjni samochodowej i gdyby nie kijek klapn\u0119\u0142abym ca\u0142ym ci\u0119\u017carem na cztery litery. Szilki smycz nie wystarczy\u0142a, \u017ceby mnie utrzyma\u0107 w pozycji wyprostowanej:) Skitu\u015b zosta\u0142 w domu, nie chcia\u0142o mu si\u0119 wyj\u015b\u0107 poza ogr\u00f3dek. Po po\u0142udniu zrobili\u015bmy za to d\u0142uuugi spacer we czw\u00f3rk\u0119, korzystaj\u0105c z wyj\u0105tkowo \u0142adnej pogody.<br \/>\nDzi\u015b by\u0142o pi\u0119knie z powodu szadzi, kt\u00f3ra osiad\u0142a na ga\u0142\u0105zkach, p\u0142otach niczym bia\u0142y lukier a na chodniku w postaci iskierek. Na niebie od wschodniej strony da\u0142y si\u0119 zauwa\u017cy\u0107 purpurowe smugi. To si\u0119 chyba brzask nazywa, \u015bwit nast\u0119puje potem. Wygl\u0105da\u0142o przecudnie, kolory zabiera\u0142y ciemno\u015bci coraz wi\u0119ksze terytorium, stawa\u0142y si\u0119 coraz intensywniejsze a\u017c przesz\u0142y w mocny pomara\u0144cz pomieszany z czerwieni\u0105. Czasem tak wygl\u0105da zach\u00f3d s\u0142o\u0144ca. Babcia wtedy m\u00f3wi\u0142a, \u017ce nazajutrz b\u0119d\u0105 du\u017ce wiatry.<br \/>\nJaki cudny jest \u015bwiat bez wzgl\u0119du na to co si\u0119 dzieje w polityce, prawda? P\u00f3ki co, s\u0142o\u0144ce wschodzi i zachodzi bez wzgl\u0119du na decyzje partii aktualnie rz\u0105dz\u0105cych, ptaki \u015bpiewaj\u0105 te\u017c sobie nic nie robi\u0105c z wydarze\u0144 w ludzkim \u015bwiecie. Ko\u0142o dzia\u0142ek widzia\u0142am leszczyn\u0119, kt\u00f3ra bazie wypu\u015bci\u0142a. Wydaje si\u0119 jej, \u017ce ju\u017c wiosna? Mo\u017ce \u015bwiat przyrody ma swoje tajemne \u017ar\u00f3d\u0142a informacji na ten temat;) Jakie\u015b ptaszki rano \u015bpiewa\u0142y jak zwariowane, jakby to maj by\u0142 a nie luty, za\u015b Szilka zacz\u0119\u0142a gubi\u0107 sier\u015b\u0107.<br \/>\nMuffinki zrobi\u0142am na ma\u015blance, bo akurat mia\u0142am lekko przeterminowan\u0105, z siemieniem lnianym, wi\u00f3rkami kokosowymi i jab\u0142kiem. Dwie ostatnie s\u0105 na talerzu. Zrobi\u0119 nast\u0119pn\u0105 porcj\u0119, jeszcze p\u00f3\u0142 ma\u015blanki zosta\u0142o. Groch\u00f3wki starczy\u0142o na dwa dni, to jest takie syte danie, \u017ce drugiego nie trzeba, na obiad wystarczy.<br \/>\nOd rana nie mog\u0119 si\u0119 po\u0142\u0105czy\u0107 z internetem. Wczoraj, czyli w pi\u0105tek, by\u0142am tak zaj\u0119ta, \u017ce nie mia\u0142am kiedy si\u0119 odezwa\u0107 a dzi\u015b nie mog\u0119 wbrew szczerym ch\u0119ciom. Nie mam poj\u0119cia co si\u0119 dzieje, \u017cadna strona nie wchodzi. Od razu my\u015bl przychodzi, \u017ce kiedy\u015b nie by\u0142o Teleranka, to teraz nie b\u0119dzie internetu? Durne my\u015bli, chyba jeszcze nie doszli\u015bmy do takiej \u015bciany.<br \/>\nInternet wr\u00f3ci\u0142!!! Nie wiem gdzie by\u0142 jak go nie by\u0142o ale dobrze, \u017ce jest:) Mi\u0142ego weekendu Wam \u017cycz\u0119, s\u0142onecznego i dobrze sp\u0119dzonego:)))<\/p>\n<p>9.02.2019<\/p>\n<div id=\"posts-container\" class=\"body\">\n<div id=\"comments-list\" class=\"comments-list\">\n<ul>\n<li><a href=\"http:\/\/www.blox.pl\/html?page=userProfilePreview&amp;username=45gogula\">45gogula<\/a> <time title=\"2019\/02\/09 13:31:34\" datetime=\"09.02.2019\">23 dni temu<\/time>Mi\u0142ego, ciep\u0142ego i smacznego dla Ciebie. U mnie nie jest ani bajkowo (niestety) ani \u015blisko (na szcz\u0119\u015bcie). Mam nadziej\u0119 jednak odpocz\u0105\u0107, ale ostatnio odpoczynek=spanie. Bez si\u0142 i ch\u0119ci jestem znowu.<\/li>\n<li><a href=\"http:\/\/www.blox.pl\/html?page=userProfilePreview&amp;username=babciabezmohera\">babciabezmohera<\/a> <time title=\"2019\/02\/09 14:08:24\" datetime=\"09.02.2019\">23 dni temu<\/time>U nas ciep\u0142o ale mokrawo, s\u0142o\u0144ce si\u0119 na troch\u0119 pokaza\u0142o.<\/li>\n<li><a href=\"http:\/\/www.blox.pl\/html?page=userProfilePreview&amp;username=emma_b\">emma_b<\/a> <time title=\"2019\/02\/09 14:39:43\" datetime=\"09.02.2019\">23 dni temu<\/time>Aniu, wstajesz niesamowicie wcze\u015bnie, wi\u0119c w nagrod\u0119 widzisz na przyk\u0142ad przepi\u0119kny brzask. wstyd si\u0119 przyzna\u0107 o kt\u00f3rej wstaj\u0119, \u017cadnych porannych bonus\u00f3w od Matki Natury w zwi\u0105zku z tym nie mam. dobrego weekendu:)<\/li>\n<li><a href=\"http:\/\/www.blox.pl\/html?page=userProfilePreview&amp;username=pozasferamarzycieli\">pozasferamarzycieli<\/a> <time title=\"2019\/02\/09 15:15:56\" datetime=\"09.02.2019\">23 dni temu<\/time>a c\u00f3\u017c by to by\u0142o gdyby na edykt w\u0142adz SI rz\u0105dowe cenzurowa\u0142oby wpisy na stronach , za\u015b najmniej wychwalaj\u0105ce wielko\u015b\u0107 gigant\u00f3w decyzyjnych oznaczone jako niegodne XXI wiecznego eposu zmian ile\u015b tam + ? Do rzeczy , bo brednie zaw\u0142adn\u0105 rzeczonym komentarzem. Tragizm obecnych czas\u00f3w to okna godzin w kt\u00f3rych jeszcze da si\u0119 oddycha\u0107 &#8211; niekiedy daj\u0105 mo\u017cliwo\u015b\u0107 wci\u0105gania haust\u00f3w prostoty , pi\u0119kna oraz przelewania pi\u00f3rem refleksji prozaicznej miary wyj\u0105tkowo\u015bci talentu Matki natury. Mira\u017c mia\u0142kiego p\u0142\u00f3tna jakim zdaje si\u0119 czcionka pisz\u0105cego w trakcie korekty kursyw\u0105 kreatywnego kursora koncepcyjnej kaletniczej Kreacji , ukazuje kunszt autorki poopinany lekk\u0105 metafor\u0105 intelektualn\u0105. Ca\u0142kiem nie\u017ale , jak na do\u015b\u0107 przeci\u0119tn\u0105 temperatur\u0119 zimowej Odysei opasuj\u0105cej polskie podw\u00f3rko przezornej powierzchowno\u015bci. Pzdr .<\/li>\n<li><a href=\"http:\/\/www.blox.pl\/html?page=userProfilePreview&amp;username=kotimyszkot\">kotimyszkot<\/a> <time title=\"2019\/02\/10 13:05:58\" datetime=\"10.02.2019\">22 dni temu<\/time>\u015awiat jest pi\u0119kny, trzeba tylko oderwa\u0107 si\u0119 cho\u0107 na troch\u0119 od problem\u00f3w i to dostrzec. Zach\u0142ysn\u0105\u0107 si\u0119 tym pi\u0119knem, na\u0142adowa\u0107 jego energi\u0105 i wtedy \u0142atwiej wr\u00f3ci\u0107 do codzienno\u015bci \ud83d\ude42 Mi\u0142ej niedzieli Aniu..<\/li>\n<li><a href=\"http:\/\/niesfornedruty.blox.pl\/\">urszula97<\/a> <time title=\"2019\/02\/11 13:51:15\" datetime=\"11.02.2019\">21 dni temu<\/time>Prze\u015blicznie opisane widoki, jak u pisarki,poetki.U nas strasznie wieje \u017ce nosi cz\u0142owiekiem.I u mnie b\u0119da w tym tygodniu mufiny,wnuk b\u0119dzie robi\u0142 a babcia zmywa\u0142a, oj to ju\u017c nie to samo co ma\u0142y Olu\u015b.<\/li>\n<li><a href=\"http:\/\/www.blox.pl\/html?page=userProfilePreview&amp;username=annazadroza\">annazadroza<\/a> <time title=\"2019\/02\/12 10:00:26\" datetime=\"12.02.2019\">20 dni temu<\/time>Gosiu:-) Odpocz\u0119\u0142a\u015b podczas weekendu? Je\u015bli chce Ci si\u0119 spa\u0107 to si\u0119 temu pragnieniu poddaj, organizm najlepiej wie czego mu potrzeba. Bez si\u0142 i ch\u0119ci to ja ostatnio te\u017c jestem. Wczoraj przele\u017ca\u0142am ca\u0142y dzie\u0144, bo mnie jakie\u015b paskudztwo zmog\u0142o.<\/li>\n<li><a href=\"http:\/\/www.blox.pl\/html?page=userProfilePreview&amp;username=annazadroza\">annazadroza<\/a> <time title=\"2019\/02\/12 10:10:53\" datetime=\"12.02.2019\">20 dni temu<\/time>BBM:-) Dzi\u015b s\u0142oneczko u nas \u015bwieci lecz wiatr jest bardzo silny.<\/li>\n<li><a href=\"http:\/\/www.blox.pl\/html?page=userProfilePreview&amp;username=annazadroza\">annazadroza<\/a> <time title=\"2019\/02\/12 10:16:16\" datetime=\"12.02.2019\">20 dni temu<\/time>Emmo:-) Wstaj\u0119, bo wol\u0119 wsta\u0107 ni\u017c zbiera\u0107 litry Skitusiowych siu\u015bk\u00f3w z pod\u0142ogi. Ale czasem M\u0105\u017c te\u017c wstaje, co doceniam, bo on jest sow\u0105. Mnie, skowronkowi, nie sprawia k\u0142opotu poranne wstawanie. To prawda, \u017ce dzi\u0119ki temu mog\u0119 zobaczy\u0107 na niebie przepi\u0119kne zjawiska. I wtedy czuj\u0119, \u017ce warto:)<br \/>\nDobrego tygodnia Ci \u017cycz\u0119:)))<\/li>\n<li><a href=\"http:\/\/www.blox.pl\/html?page=userProfilePreview&amp;username=annazadroza\">annazadroza<\/a> <time title=\"2019\/02\/12 10:23:27\" datetime=\"12.02.2019\">20 dni temu<\/time>Pozasferamarzycieli:-) Dzi\u0119kuj\u0119 za odwiedziny i pi\u0119kny komentarz. To pewne, \u017ce nie jest on &#8222;haustem prostoty&#8221; ale wyczu\u0142am uk\u0142on w stron\u0119 Matki Natury i jej niezwyk\u0142ych artystycznych zdolno\u015bci;-) Pozdrawiam serdecznie:)))<\/li>\n<li><a href=\"http:\/\/www.blox.pl\/html?page=userProfilePreview&amp;username=annazadroza\">annazadroza<\/a> <time title=\"2019\/02\/12 10:25:16\" datetime=\"12.02.2019\">20 dni temu<\/time>Myszokocie:-) Masz racj\u0119, jest pi\u0119kny mimo ludzkich (niekt\u00f3rych) post\u0119pk\u00f3w. Jest cudownie pi\u0119kny:) Dobrego tygodnia:)))<\/li>\n<li><a href=\"http:\/\/www.blox.pl\/html?page=userProfilePreview&amp;username=annazadroza\">annazadroza<\/a> <time title=\"2019\/02\/12 10:27:42\" datetime=\"12.02.2019\">20 dni temu<\/time>Ule\u0144ko:-) I u mnie wieje dzi\u015b okrutnie. Wprawdzie nie wychodzi\u0142am, M\u0105\u017c mnie wr\u0119czy\u0142 ale widz\u0119 przez okno. Co do wnuk\u00f3w to masz racj\u0119, Wszystkie kochane ale maluszki najrozkoszniejsze:)))<\/li>\n<li><a href=\"http:\/\/www.mycastle.blox.pl\/\">e.urlik<\/a> <time title=\"2019\/02\/14 15:10:55\" datetime=\"14.02.2019\">p\u00f3\u0142 miesi\u0105ca temu<\/time>Szila sier\u015b\u0107 gubi, znaczy wiosna blisko!<\/li>\n<li><span class=\"guest\">Go\u015b\u0107: [annazadroza] <\/span><span class=\"host\">*.nat.umts.dynamic.t-mobile.pl<\/span> <time title=\"2019\/02\/18 10:47:27\" datetime=\"18.02.2019\">p\u00f3\u0142 miesi\u0105ca temu<\/time>Ewciu:-) Mam tak\u0105 nadziej\u0119, \u017ce skoro sporo zbieram kude\u0142k\u00f3w, to znaczy, \u017ce Panna Wiosna nadchodzi rzeczywi\u015bcie:)))<\/li>\n<\/ul>\n<\/div>\n<\/div>\n<footer id=\"footer\" class=\"body\">\u00a9 Anna Blog<br \/>\n<a href=\"http:\/\/www.blox.pl\/html\"><img loading=\"lazy\" decoding=\"async\" src=\"http:\/\/biv.gazeta.pl\/css\/blox\/themes\/glowny\/images\/blox-logo.png\" width=\"25\" height=\"25\" \/><\/a><\/p>\n<\/footer>\n<div class=\"fcbkbttn_buttons_block\" id=\"fcbkbttn_middle\"><div class=\"fcbkbttn_like \"><fb:like href=\"https:\/\/annapisze.art\/?p=1329\" action=\"like\" colorscheme=\"light\" layout=\"box_count\"  size=\"small\"><\/fb:like><\/div><div class=\"fb-share-button  \" data-href=\"https:\/\/annapisze.art\/?p=1329\" data-type=\"button_count\" data-size=\"small\"><\/div><\/div>","protected":false},"excerpt":{"rendered":"<p>Wczoraj i dzi\u015b \u015bwiat b\u0142yszcza\u0142 iskierkami gdy jeszcze by\u0142o ciemno (ko\u0142o sz\u00f3stej). W pi\u0105tek niewidoczna marzn\u0105ca m\u017cawka sprawia\u0142a wra\u017cenie, jakby kto\u015b rozsypa\u0142 na chodniku brylanciki migoc\u0105ce w \u015bwietle latarni. Pi\u0119knie by\u0142o tylko \u015blisko. Ca\u0142e szcz\u0119\u015bcie, \u017ce mia\u0142am kijek ze sob\u0105, &hellip; <a href=\"https:\/\/annapisze.art\/?p=1329\">Czytaj dalej <span class=\"meta-nav\">&rarr;<\/span><\/a><\/p>\n","protected":false},"author":1,"featured_media":0,"comment_status":"open","ping_status":"open","sticky":false,"template":"","format":"standard","meta":{"footnotes":""},"categories":[8],"tags":[],"class_list":["post-1329","post","type-post","status-publish","format-standard","hentry","category-mysle-sobie"],"_links":{"self":[{"href":"https:\/\/annapisze.art\/index.php?rest_route=\/wp\/v2\/posts\/1329","targetHints":{"allow":["GET"]}}],"collection":[{"href":"https:\/\/annapisze.art\/index.php?rest_route=\/wp\/v2\/posts"}],"about":[{"href":"https:\/\/annapisze.art\/index.php?rest_route=\/wp\/v2\/types\/post"}],"author":[{"embeddable":true,"href":"https:\/\/annapisze.art\/index.php?rest_route=\/wp\/v2\/users\/1"}],"replies":[{"embeddable":true,"href":"https:\/\/annapisze.art\/index.php?rest_route=%2Fwp%2Fv2%2Fcomments&post=1329"}],"version-history":[{"count":1,"href":"https:\/\/annapisze.art\/index.php?rest_route=\/wp\/v2\/posts\/1329\/revisions"}],"predecessor-version":[{"id":1330,"href":"https:\/\/annapisze.art\/index.php?rest_route=\/wp\/v2\/posts\/1329\/revisions\/1330"}],"wp:attachment":[{"href":"https:\/\/annapisze.art\/index.php?rest_route=%2Fwp%2Fv2%2Fmedia&parent=1329"}],"wp:term":[{"taxonomy":"category","embeddable":true,"href":"https:\/\/annapisze.art\/index.php?rest_route=%2Fwp%2Fv2%2Fcategories&post=1329"},{"taxonomy":"post_tag","embeddable":true,"href":"https:\/\/annapisze.art\/index.php?rest_route=%2Fwp%2Fv2%2Ftags&post=1329"}],"curies":[{"name":"wp","href":"https:\/\/api.w.org\/{rel}","templated":true}]}}