{"id":1327,"date":"2019-03-04T18:55:27","date_gmt":"2019-03-04T17:55:27","guid":{"rendered":"http:\/\/annapisze.art\/?p=1327"},"modified":"2019-03-04T18:55:27","modified_gmt":"2019-03-04T17:55:27","slug":"poetka-i-ksiaze-manueli-gretkowskiej","status":"publish","type":"post","link":"https:\/\/annapisze.art\/?p=1327","title":{"rendered":"&#8222;Poetka i ksi\u0105\u017c\u0119&#8221; Manueli Gretkowskiej"},"content":{"rendered":"<p>Czyta\u0142am z zaciekawieniem, &#8222;wci\u0105gni\u0119ta&#8221; w tre\u015b\u0107. Czyta\u0142o mi si\u0119 dobrze ale nie lekko. Trzeba si\u0119 odda\u0107 czytaniu bez reszty. Nie mo\u017cna mimochodem, podczas innych czynno\u015bci. Trzeba wyt\u0119\u017cy\u0107 uwag\u0119 by si\u0119 nie zgubi\u0107, by odczu\u0107 przyjemno\u015b\u0107 zanurzenia si\u0119 w j\u0119zyk, w znaczenie, w gr\u0119 s\u0142\u00f3w i skojarze\u0144. S\u0142\u00f3w, kt\u00f3re &#8222;trzeba tresowa\u0107, \u017ceby chodzi\u0142y na sznurku&#8221;. Uwag\u0119 trzeba trzyma\u0107 w ryzach dlatego, \u017ce inaczej trudno nad\u0105\u017cy\u0107. Jest si\u0119 jakby wewn\u0105trz postaci, nie mia\u0142am wra\u017cenia jakbym patrzy\u0142a z zewn\u0105trz lecz jakbym czu\u0142a to, co odczuwa ka\u017cda z nich. Uwag\u0119 trzeba zachowa\u0107 jeszcze z tego wzgl\u0119du, i\u017c nie jest to ci\u0105g wydarze\u0144 nast\u0119puj\u0105cych po sobie jak w zwyk\u0142ej opowie\u015bci, lecz poszarpane fragmenty \u017cycia wype\u0142nione emocjami.<br \/>\nS\u0105 lata m\u0142ode Jerzego Giedroycia, jest oddany klimat m\u0142odo\u015bci Osieckiej, STS, odwil\u017c &#8222;po Stalinie&#8221;, m\u0142odzie\u017c poszukuj\u0105ca siebie i sensu istnienia. Jest i zat\u0119ch\u0142a polska emigracja w Londynie czekaj\u0105ca na III wojn\u0119 by wr\u00f3ci\u0107 i \u017cy\u0107 jak dawniej z pracy r\u0105k czapkuj\u0105cych poddanych. Czekaj\u0105c chodz\u0105 w wylenia\u0142ych futrach, ksi\u0105\u017c\u0119 Sapieha za\u0142apa\u0142 si\u0119 do pracy w browarze&#8230; Lata si\u0119 mieszaj\u0105, powracaj\u0105 wspomnienia prze\u017cy\u0107 z r\u00f3\u017cnych okres\u00f3w, H\u0142asko, Mi\u0142osz, Witkacy, Giedroy\u0107, paryska &#8222;Kultura&#8221;&#8230; W tym wszystkim Agnieszka, m\u0142odziutka i \u015bliczna, niezwyk\u0142a, utalentowana, budz\u0105ca z letargu uczucia starszego o 30 lat ksi\u0119cia Giedroycia. A ona &#8222;by\u0142a ig\u0142\u0105 kompasu pod\u0105\u017caj\u0105c\u0105 za kierunkiem, nie uczuciami&#8221;. Jednak&#8230; by\u0142a to jedyna dojrza\u0142a mi\u0142o\u015b\u0107 do m\u0119\u017cczyzny w jej \u017cyciu &#8211; jak sama powiedzia\u0142a. Zrezygnowa\u0142a z niej, by wr\u00f3ci\u0107 do Warszawy. Do niego ju\u017c przyjecha\u0107 nie mog\u0142a, bezpieka zabra\u0142a jej paszport na siedem lat, ukara\u0142a j\u0105 w ten spos\u00f3b za &#8222;Kultur\u0119&#8221;, za to, \u017ce nie chcia\u0142a donosi\u0107. Ksi\u0105\u017c\u0119 Redaktor zachowa\u0142 wiersz przez ni\u0105 dla niego napisany, za\u017cyczy\u0142 sobie, by zosta\u0142 wydrukowany po jego \u015bmierci w ostatnim numerze :Kultury&#8221;.<br \/>\nI jeszcze co\u015b. Przez ca\u0142y czas mia\u0142am wra\u017cenie, \u017ce s\u0142ysz\u0119 g\u0142os autorki wypowiadaj\u0105cy ca\u0142y czytany tekst, s\u0142owo po s\u0142owie. Lubi\u0119 s\u0142ucha\u0107 jak Manuela Gretkowska m\u00f3wi, po prostu lubi\u0119 j\u0105 sam\u0105. Szczeg\u00f3lnie lubi\u0119 jej spotkania w Superstacji z Kub\u0105 W\u0105t\u0142ym prowadz\u0105cym program. To swego rodzaju przedstawienie. \u015acieraj\u0105 si\u0119 ze sob\u0105 &#8211; inteligencja spokojna, zr\u00f3wnowa\u017cona z inteligencj\u0105 nachaln\u0105, pr\u00f3buj\u0105c\u0105 zdominowa\u0107 rozmow\u0119. Kibicuj\u0119 jej wtedy ca\u0142ym sercem.<\/p>\n<p>7.02.2019<\/p>\n<div id=\"posts-container\" class=\"body\">\n<div id=\"comments-list\" class=\"comments-list\">\n<ul>\n<li><a href=\"http:\/\/www.blox.pl\/html?page=userProfilePreview&amp;username=babciabezmohera\">babciabezmohera<\/a> <time title=\"2019\/02\/07 10:40:03\" datetime=\"07.02.2019\">25 dni temu<\/time>Czyta\u0142am &#8222;Rozmowy w ta\u0144cu&#8221;- poszerzony wywiad Magdy Umer z Agnieszk\u0105 Osieck\u0105 i chocia\u017c by\u0142o to dotykanie r\u00f3\u017cnych temat\u00f3w, opisany przez Ciebie nie zosta\u0142 wspomniany.<\/li>\n<li><a href=\"http:\/\/www.blox.pl\/html?page=userProfilePreview&amp;username=emma_b\">emma_b<\/a> <time title=\"2019\/02\/07 19:55:53\" datetime=\"07.02.2019\">25 dni temu<\/time>lubi\u0119 Gretkowsk\u0105, ale tej ksi\u0105\u017cki nie przeczytam, bo nie lubi\u0119 powie\u015bci &#8222;na motywach&#8221;. albo fikcja, albo literatura faktu. a p\u0142omienny romans to sprawa bardzo intymna . w &#8222;Rozmowach w ta\u0144cu&#8221; Osiecka sama z sob\u0105 gada\u0142a:)<\/li>\n<li><a href=\"http:\/\/www.blox.pl\/html?page=userProfilePreview&amp;username=hanula1950\">hanula1950<\/a> <time title=\"2019\/02\/08 07:39:00\" datetime=\"08.02.2019\">24 dni temu<\/time>Chocia\u017c bardzo du\u017co czytam, ta ksi\u0105\u017cka jeszcze w oczy mi nie wpad\u0142a. Poszukam.<\/li>\n<li><a href=\"http:\/\/www.blox.pl\/html?page=userProfilePreview&amp;username=babciabezmohera\">babciabezmohera<\/a> <time title=\"2019\/02\/08 14:18:16\" datetime=\"08.02.2019\">24 dni temu<\/time>@Emma_b:<br \/>\nMusz\u0119 sprostowa\u0107, bo inaczej wyjd\u0119 na k\u0142amczuch\u0119. &#8222;Czyta\u0142am&#8221; audiobooka a przekaz Magdy Umer by\u0142 tak sugestywny i sk\u0105din\u0105d wiedzia\u0142am, \u017ce panie si\u0119 znaj\u0105 \/chyba nawet przyja\u017ani\u0105\/, tote\u017c bez sprawdzania przyj\u0119\u0142am za pewnik form\u0119 autentycznej rozmowy. M\u00f3j b\u0142\u0105d! ;(<\/li>\n<li><a href=\"http:\/\/www.blox.pl\/html?page=userProfilePreview&amp;username=annazadroza\">annazadroza<\/a> <time title=\"2019\/02\/09 13:01:17\" datetime=\"09.02.2019\">23 dni temu<\/time>BBM:-) Na ok\u0142adce jest zdanie &#8211; &#8222;W opartej na faktach powie\u015bci Manuela Gretkowska mistrzowsko opowiada histori\u0119 mi\u0142o\u015bci niemo\u017cliwej, o kt\u00f3rej Osiecka milcza\u0142a ca\u0142e \u017cycie&#8221;.<\/li>\n<li><a href=\"http:\/\/www.blox.pl\/html?page=userProfilePreview&amp;username=annazadroza\">annazadroza<\/a> <time title=\"2019\/02\/09 13:05:43\" datetime=\"09.02.2019\">23 dni temu<\/time>Emmo:-) Tu mamy do czynienia z faktami o\u017cywionymi du\u017c\u0105 dawk\u0105 emocji. To nie p\u0142omienny romans, to co\u015b bardzo g\u0142\u0119bokiego. Podoba\u0142o mi si\u0119.<\/li>\n<li><a href=\"http:\/\/www.blox.pl\/html?page=userProfilePreview&amp;username=annazadroza\">annazadroza<\/a> <time title=\"2019\/02\/09 13:07:21\" datetime=\"09.02.2019\">23 dni temu<\/time>Hanulko:-) Mnie dzieciaki dostarczaj\u0105 tony ksi\u0105\u017cek, wiedz\u0105c, \u017ce nic innego mnie tak nie ucieszy. Dobrze mam, prawda?<\/li>\n<li><a href=\"http:\/\/www.blox.pl\/html?page=userProfilePreview&amp;username=emma_b\">emma_b<\/a> <time title=\"2019\/02\/09 14:33:37\" datetime=\"09.02.2019\">23 dni temu<\/time>BBM,<br \/>\nja tak tylko dla porz\u0105dku napisa\u0142am, w gruncie rzeczy nie jest to nic szczeg\u00f3lnie istotnego. Magda Umer przeprowadzi\u0142a sporo wywiad\u00f3w z Osieck\u0105, mia\u0142am takie DVD. cykl nazywa\u0142 si\u0119 &#8222;Rozmowy o zmierzchu i \u015bwicie&#8221;. by\u0142y to rozmowy sfilmowane, kt\u00f3re w wersji ksi\u0105\u017ckowej nigdy si\u0119 nie ukaza\u0142y.<\/li>\n<\/ul>\n<\/div>\n<\/div>\n<footer id=\"footer\" class=\"body\">\u00a9 Anna Blog<br \/>\n<a href=\"http:\/\/www.blox.pl\/html\"><img loading=\"lazy\" decoding=\"async\" src=\"http:\/\/biv.gazeta.pl\/css\/blox\/themes\/glowny\/images\/blox-logo.png\" width=\"25\" height=\"25\" \/><\/a><\/p>\n<\/footer>\n<div class=\"fcbkbttn_buttons_block\" id=\"fcbkbttn_middle\"><div class=\"fcbkbttn_like \"><fb:like href=\"https:\/\/annapisze.art\/?p=1327\" action=\"like\" colorscheme=\"light\" layout=\"box_count\"  size=\"small\"><\/fb:like><\/div><div class=\"fb-share-button  \" data-href=\"https:\/\/annapisze.art\/?p=1327\" data-type=\"button_count\" data-size=\"small\"><\/div><\/div>","protected":false},"excerpt":{"rendered":"<p>Czyta\u0142am z zaciekawieniem, &#8222;wci\u0105gni\u0119ta&#8221; w tre\u015b\u0107. Czyta\u0142o mi si\u0119 dobrze ale nie lekko. Trzeba si\u0119 odda\u0107 czytaniu bez reszty. Nie mo\u017cna mimochodem, podczas innych czynno\u015bci. Trzeba wyt\u0119\u017cy\u0107 uwag\u0119 by si\u0119 nie zgubi\u0107, by odczu\u0107 przyjemno\u015b\u0107 zanurzenia si\u0119 w j\u0119zyk, w &hellip; <a href=\"https:\/\/annapisze.art\/?p=1327\">Czytaj dalej <span class=\"meta-nav\">&rarr;<\/span><\/a><\/p>\n","protected":false},"author":1,"featured_media":0,"comment_status":"open","ping_status":"open","sticky":false,"template":"","format":"standard","meta":{"footnotes":""},"categories":[8],"tags":[],"class_list":["post-1327","post","type-post","status-publish","format-standard","hentry","category-mysle-sobie"],"_links":{"self":[{"href":"https:\/\/annapisze.art\/index.php?rest_route=\/wp\/v2\/posts\/1327","targetHints":{"allow":["GET"]}}],"collection":[{"href":"https:\/\/annapisze.art\/index.php?rest_route=\/wp\/v2\/posts"}],"about":[{"href":"https:\/\/annapisze.art\/index.php?rest_route=\/wp\/v2\/types\/post"}],"author":[{"embeddable":true,"href":"https:\/\/annapisze.art\/index.php?rest_route=\/wp\/v2\/users\/1"}],"replies":[{"embeddable":true,"href":"https:\/\/annapisze.art\/index.php?rest_route=%2Fwp%2Fv2%2Fcomments&post=1327"}],"version-history":[{"count":1,"href":"https:\/\/annapisze.art\/index.php?rest_route=\/wp\/v2\/posts\/1327\/revisions"}],"predecessor-version":[{"id":1328,"href":"https:\/\/annapisze.art\/index.php?rest_route=\/wp\/v2\/posts\/1327\/revisions\/1328"}],"wp:attachment":[{"href":"https:\/\/annapisze.art\/index.php?rest_route=%2Fwp%2Fv2%2Fmedia&parent=1327"}],"wp:term":[{"taxonomy":"category","embeddable":true,"href":"https:\/\/annapisze.art\/index.php?rest_route=%2Fwp%2Fv2%2Fcategories&post=1327"},{"taxonomy":"post_tag","embeddable":true,"href":"https:\/\/annapisze.art\/index.php?rest_route=%2Fwp%2Fv2%2Ftags&post=1327"}],"curies":[{"name":"wp","href":"https:\/\/api.w.org\/{rel}","templated":true}]}}