{"id":1313,"date":"2019-03-04T18:36:47","date_gmt":"2019-03-04T17:36:47","guid":{"rendered":"http:\/\/annapisze.art\/?p=1313"},"modified":"2019-03-04T18:36:47","modified_gmt":"2019-03-04T17:36:47","slug":"sali-szuka-domu","status":"publish","type":"post","link":"https:\/\/annapisze.art\/?p=1313","title":{"rendered":"Sali szuka domu"},"content":{"rendered":"<p>Pr\u00f3buj\u0119 pu\u015bci\u0107 dalej pro\u015bb\u0119 o dom dla suni, skopiowa\u0142am jak umia\u0142am.<\/p>\n<p>Warszawa, Mazowieckie, Ursyn\u00f3w Dodane o 00:00, 27 stycznia 2019, ID og\u0142oszenia: 507848820<br \/>\nWyr\u00f3\u017cnij to og\u0142oszenie Od\u015bwie\u017c to og\u0142oszenie<br \/>\nRasa Psy bez rodowodu<\/p>\n<p>Sali to 9-letnia niedu\u017ca sunia, wa\u017cy 7,5 kg. Jest pe\u0142na energii i w bardzo dobrej formie. Jest bardzo \u0142agodna w stosunku do ludzi, zgadza si\u0119 z wi\u0119kszo\u015bci\u0105 ps\u00f3w, z kotem, z kt\u00f3rym mieszka obecnie te\u017c nie ma problem\u00f3w, ale kot jest przyzwyczajony do obecno\u015bci ps\u00f3w.<br \/>\nSali jeszcze niedawno mia\u0142a swoj\u0105 ukochana Pani\u0105 i sw\u00f3j dom. Adoptowana 6 lat temu wiod\u0142a spokojne \u017cycie. Niestety Pani zmar\u0142a, a rodzina nie chcia\u0142a si\u0119 ni\u0105 zaj\u0105\u0107. Osoba, kt\u00f3ra oddawa\u0142a j\u0105 do adopcji 6 lat temu zosta\u0142a poinformowana, \u017ce mo\u017ce j\u0105 zabra\u0107 albo sunia trafi do schroniska. Oczywi\u015bcie zabra\u0142a j\u0105 do siebie, ale nie ma mo\u017cliwo\u015bci zatrzymania jej na sta\u0142e. Pilnie szukamy domu, kt\u00f3ry pokocha male\u0144k\u0105 Sali. Ona odwdzi\u0119czy si\u0119 mi\u0142o\u015bci\u0105, oddaniem i przytulaniem. Bardzo garnie si\u0119 do cz\u0142owieka, wida\u0107, jak bardzo potrzebuje jego obecno\u015bci obok siebie.<br \/>\nBardzo prosimy o niedu\u017cy k\u0105cik w domu dla niej. Za du\u017co w \u017cyciu przesz\u0142a, \u017ceby teraz trafi\u0107 do schroniska. Nale\u017cy jej si\u0119 cudowny domek i wygodne pos\u0142anko albo kanapa.<br \/>\nJest odrobaczona, zaszczepiona, ma wyczyszczone z\u0105bki. Nie jest wysterylizowana.<br \/>\nObecnie przebywa w Warszawie.<br \/>\nWarunkiem adopcji jest zgoda na wizyt\u0119 przed adopcyjn\u0105 i podpisanie umowy adopcyjnej.<br \/>\nKontakt:<\/p>\n<p>https:\/\/www.olx.pl\/oferta\/9-letnia-suczka-sali-szuka-swojego-domu-CID103-IDymSG0.html<\/p>\n<p>Jakby co &#8211; ja te\u017c przeka\u017c\u0119 wiadomo\u015b\u0107 do tymczasowego domu, w kt\u00f3rym sunia si\u0119 znajduje.<\/p>\n<p>27.01.2019<\/p>\n<ul>\n<li><a href=\"http:\/\/www.mycastle.blox.pl\/\">e.urlik<\/a> <time title=\"2019\/01\/28 12:44:57\" datetime=\"28.01.2019\">2 miesi\u0105ce temu<\/time>Strasznie chcia\u0142abym pom\u00f3c&#8230; Biedna psina&#8230; Szkoda, \u017ce nie mog\u0119 jej przygarn\u0105\u0107 \ud83d\ude41<\/li>\n<li><a href=\"http:\/\/www.blox.pl\/html?page=userProfilePreview&amp;username=emma_b\">emma_b<\/a> <time title=\"2019\/01\/28 21:32:58\" datetime=\"28.01.2019\">2 miesi\u0105ce temu<\/time>p\u0142aka\u0107 mi si\u0119 chce jak takie og\u0142oszenia czytam&#8230;mam nadziej\u0119, \u017ce kto\u015b j\u0105 pokocha.<\/li>\n<li><a href=\"http:\/\/www.blox.pl\/html?page=userProfilePreview&amp;username=annazadroza\">annazadroza<\/a> <time title=\"2019\/01\/29 17:18:19\" datetime=\"29.01.2019\">2 miesi\u0105ce temu<\/time>Ewo, Emmo:-) Kochane jeste\u015bcie. Jak co\u015b si\u0119 zmieni to Wam powiem. Bardzo bym chcia\u0142a, \u017ceby sunia znalaz\u0142a domek na reszt\u0119 \u017cycia, prawdziwy a nie tylko tymczasowy.\n<p>\u00a9 Anna Blog<\/li>\n<\/ul>\n<div class=\"fcbkbttn_buttons_block\" id=\"fcbkbttn_middle\"><div class=\"fcbkbttn_like \"><fb:like href=\"https:\/\/annapisze.art\/?p=1313\" action=\"like\" colorscheme=\"light\" layout=\"box_count\"  size=\"small\"><\/fb:like><\/div><div class=\"fb-share-button  \" data-href=\"https:\/\/annapisze.art\/?p=1313\" data-type=\"button_count\" data-size=\"small\"><\/div><\/div>","protected":false},"excerpt":{"rendered":"<p>Pr\u00f3buj\u0119 pu\u015bci\u0107 dalej pro\u015bb\u0119 o dom dla suni, skopiowa\u0142am jak umia\u0142am. Warszawa, Mazowieckie, Ursyn\u00f3w Dodane o 00:00, 27 stycznia 2019, ID og\u0142oszenia: 507848820 Wyr\u00f3\u017cnij to og\u0142oszenie Od\u015bwie\u017c to og\u0142oszenie Rasa Psy bez rodowodu Sali to 9-letnia niedu\u017ca sunia, wa\u017cy 7,5 &hellip; <a href=\"https:\/\/annapisze.art\/?p=1313\">Czytaj dalej <span class=\"meta-nav\">&rarr;<\/span><\/a><\/p>\n","protected":false},"author":1,"featured_media":0,"comment_status":"open","ping_status":"open","sticky":false,"template":"","format":"standard","meta":{"footnotes":""},"categories":[8],"tags":[],"class_list":["post-1313","post","type-post","status-publish","format-standard","hentry","category-mysle-sobie"],"_links":{"self":[{"href":"https:\/\/annapisze.art\/index.php?rest_route=\/wp\/v2\/posts\/1313","targetHints":{"allow":["GET"]}}],"collection":[{"href":"https:\/\/annapisze.art\/index.php?rest_route=\/wp\/v2\/posts"}],"about":[{"href":"https:\/\/annapisze.art\/index.php?rest_route=\/wp\/v2\/types\/post"}],"author":[{"embeddable":true,"href":"https:\/\/annapisze.art\/index.php?rest_route=\/wp\/v2\/users\/1"}],"replies":[{"embeddable":true,"href":"https:\/\/annapisze.art\/index.php?rest_route=%2Fwp%2Fv2%2Fcomments&post=1313"}],"version-history":[{"count":1,"href":"https:\/\/annapisze.art\/index.php?rest_route=\/wp\/v2\/posts\/1313\/revisions"}],"predecessor-version":[{"id":1314,"href":"https:\/\/annapisze.art\/index.php?rest_route=\/wp\/v2\/posts\/1313\/revisions\/1314"}],"wp:attachment":[{"href":"https:\/\/annapisze.art\/index.php?rest_route=%2Fwp%2Fv2%2Fmedia&parent=1313"}],"wp:term":[{"taxonomy":"category","embeddable":true,"href":"https:\/\/annapisze.art\/index.php?rest_route=%2Fwp%2Fv2%2Fcategories&post=1313"},{"taxonomy":"post_tag","embeddable":true,"href":"https:\/\/annapisze.art\/index.php?rest_route=%2Fwp%2Fv2%2Ftags&post=1313"}],"curies":[{"name":"wp","href":"https:\/\/api.w.org\/{rel}","templated":true}]}}