{"id":1305,"date":"2019-03-04T18:19:31","date_gmt":"2019-03-04T17:19:31","guid":{"rendered":"http:\/\/annapisze.art\/?p=1305"},"modified":"2019-03-04T18:19:31","modified_gmt":"2019-03-04T17:19:31","slug":"slowa","status":"publish","type":"post","link":"https:\/\/annapisze.art\/?p=1305","title":{"rendered":"S\u0142owa"},"content":{"rendered":"<p>Nie mog\u0119 do tej pory otrz\u0105sn\u0105\u0107 si\u0119, zebra\u0107 my\u015bli w sensown\u0105 ca\u0142o\u015b\u0107, wci\u0105\u017c jest we mnie \u017cal, z\u0142o\u015b\u0107, niezgoda na to, co si\u0119 sta\u0142o, co jest nie do odwr\u00f3cenia. Niezgoda na s\u0142owa, kt\u00f3re nawet teraz s\u0105 s\u0142yszalne a kt\u00f3rych nie akceptuj\u0119. Dlatego tylko przytocz\u0119 s\u0142owa, z kt\u00f3rymi si\u0119 zgadzam, kt\u00f3re akceptuj\u0119, s\u0142owa <strong>o. Ludwika<\/strong> <strong>Wi\u015bniewskiego<\/strong> wypowiedziane podczas uroczysto\u015bci pogrzebowych zamordowanego prezydenta Paw\u0142a Adamowicza. Ku pami\u0119ci i ku opami\u0119taniu.<br \/>\n&#8221; Dzisiaj prze\u017cywamy w Gda\u0144sku nowy, dziejowy, historyczny moment(&#8230;) Ca\u0142a Polska czeka &#8211; mo\u017ce nie tylko Polska &#8211; \u017ceby z Gda\u0144ska wysz\u0142o przes\u0142anie, kt\u00f3re dotrze do ka\u017cdego Polaka i kt\u00f3re przywr\u00f3ci moraln\u0105 r\u00f3wnowag\u0119 w naszym kraju i w naszych sercach (&#8230;) W ostatnich dniach wielu ludzi pr\u00f3bowa\u0142o formowa\u0107, formu\u0142owa\u0107 to przes\u0142anie, kt\u00f3re wynika ze \u015bmierci Paw\u0142a i ja tu dzisiaj jestem przekonany, \u017ce Pawe\u0142, kt\u00f3ry jest ju\u017c u Boga, chce, abym wypowiedzia\u0142 nast\u0119puj\u0105ce s\u0142owa: <strong>trzeba sko\u0144czy\u0107 z nienawi\u015bci\u0105, trzeba sko\u0144czy\u0107 z nienawistnym j\u0119zykiem, trzeba sko\u0144czy\u0107 z pogard\u0105, trzeba sko\u0144czy\u0107 z bezpodstawnym oskar\u017caniem innych (&#8230;) Nie b\u0119dziemy d\u0142u\u017cej oboj\u0119tni na panosz\u0105c\u0105 si\u0119 trucizn\u0119 nienawi\u015bci na ulicach, w mediach, w internecie, w szko\u0142ach, w parlamencie, a tak\u017ce w Ko\u015bciele&#8221; (&#8230;) Cz\u0142owiek pos\u0142uguj\u0105cy si\u0119 j\u0119zykiem nienawi\u015bci, cz\u0142owiek buduj\u0105cy swoj\u0105 karier\u0119 na k\u0142amstwie, nie mo\u017ce pe\u0142ni\u0107 wysokich funkcji w naszym kraju i b\u0119dziemy odt\u0105d tego przestrzega\u0107&#8221;.<\/strong><\/p>\n<p>I jeszcze inne s\u0142owa, przys\u0142ane przez przyjaci\u00f3\u0142k\u0119 M. znalezione w internecie, s\u0142owa \u015bp. ks. Jana Kaczkowskiego.<br \/>\n<strong>&#8222;Katolik nie mo\u017ce by\u0107 antysemit\u0105, antygejem, ANTYKIMKOLWIEK. Bycie &#8222;antyktosiem&#8221; oznacza, \u017ce pogardzam DRUGIM CZ\u0141OWIEKIEM a tego robi\u0107 nie wolno&#8221;.<\/strong><\/p>\n<p>S\u0142owo mo\u017ce zabi\u0107. S\u0142owo mo\u017ce uzdrowi\u0107. Jak s\u0142owo zostanie u\u017cyte &#8211; to ju\u017c \u00a0indywidualny wyb\u00f3r.<\/p>\n<p>21.01.2019<\/p>\n<div id=\"posts-container\" class=\"body\">\n<div id=\"comments-list\" class=\"comments-list\">\n<ul>\n<li><a href=\"http:\/\/www.blox.pl\/html?page=userProfilePreview&amp;username=babciabezmohera\">babciabezmohera<\/a> <time title=\"2019\/01\/21 10:36:23\" datetime=\"21.01.2019\">2 miesi\u0105ce temu<\/time>S\u0142owa ojca Wi\u015bniewskiego to s\u0142owa prawdy wprost z serca p\u0142yn\u0105ce- z serca i wra\u017cliwego sumienia. O ile zgadzam si\u0119 z filozofi\u0105 ks. Kaczkowskiego, o tyle przytoczone przez Ciebie s\u0142owa do mnie nie przemawiaj\u0105. Anty to co\u015b przeciwnego, ale niekoniecznie pogarda. Nie wyobra\u017cam sobie \u015bwiata bez sprzeciwu, bo brak sprzeciwu to zgoda a nie na wszystko wolno si\u0119 zgadza\u0107. Podsk\u00f3rnie czuj\u0119 intencj\u0119, \u017ceby nie gardzi\u0107 drugim cz\u0142owiekiem, kimkolwiek by nie by\u0142, ale w rzeczywisto\u015bci to trudne.<br \/>\nI jeszcze jedno: cz\u0142owiek do\u015bwiadcza r\u00f3\u017cnych uczu\u0107, tak\u017ce tych najtrudniejszych- i to jest o.k.! Wa\u017cne jest to, co z tymi uczuciami zrobi- jak je zagospodaruje! Serdeczno\u015bci dla Ciebie, Aniu!<\/li>\n<li><a href=\"http:\/\/niesfornedruty.blox.pl\/\">urszula97<\/a> <time title=\"2019\/01\/21 10:44:55\" datetime=\"21.01.2019\">2 miesi\u0105ce temu<\/time>S\u0142owa cudowne,cudowne przes\u0142ania a rzeczywisto\u015b\u0107? to dalej walka o bycie jak naj..<br \/>\nMo\u017ce garstka przyjmie to do wiadomo\u015bci,dobra i garstka.Pozdrawiam.<br \/>\nOlu\u015b nasz chory, inhalacj\u0119 mu robi\u0105 ,Bo\u017ce co za krzyki ,jest straszne jak dzieci\u0119 chore jest.<\/li>\n<li><a href=\"http:\/\/www.mycastle.blox.pl\/\">e.urlik<\/a> <time title=\"2019\/01\/21 19:17:06\" datetime=\"21.01.2019\">2 miesi\u0105ce temu<\/time>Nic m\u0105drego nie wymy\u015bl\u0119, a zgadzam si\u0119 z tym, co napisa\u0142a BBM, opr\u00f3cz pozytywnej oceny intencji ko\u015bcio\u0142a. Niestety, przez dwa tysi\u0105ce lat panowania osi\u0105gn\u0119li perfekcj\u0119 w k\u0142amstwach i dyplomacji. Nie wierz\u0119 w to, co m\u00f3wi\u0105, cho\u0107by p\u0142akali przy tym rzewnymi \u0142zmi. Za\u015bpiewaja i zata\u0144cz\u0105, \u017ceby tylko utrzyma\u0107 status quo. Aniu, juz si\u0119 nie zamartwiaj. Mamy tylko jedno \u017cycie. Zmieniajmy to, co da si\u0119 zmieni\u0107. Ca\u0142uski<\/li>\n<li><a href=\"http:\/\/www.blox.pl\/html?page=userProfilePreview&amp;username=emma_b\">emma_b<\/a> <time title=\"2019\/01\/21 20:45:50\" datetime=\"21.01.2019\">2 miesi\u0105ce temu<\/time>szkoda, \u017ce tej mszy nie odprawi\u0142 ojciec Ludwik Wi\u015bniewski, jeden z niewielu duchownych, kt\u00f3ry jest dla mnie autorytetem&#8230;<\/li>\n<li><a href=\"http:\/\/www.blox.pl\/html?page=userProfilePreview&amp;username=45gogula\">45gogula<\/a> <time title=\"2019\/01\/21 21:36:21\" datetime=\"21.01.2019\">2 miesi\u0105ce temu<\/time>Te wszystkie s\u0142owa, kt\u00f3re pad\u0142y, a kt\u00f3re tutaj przytoczy\u0142a\u015b s\u0105 jak najbardziej celne, ale powiem szczerze, \u017ce we mnie nadziei ma\u0142o&#8230;Ile\u017c to ju\u017c razy mieli\u015bmy w niedawnej nawet historii &#8222;punkt zwrotny&#8221;, kt\u00f3ry je\u015bli zmieni\u0142 spo\u0142ecze\u0144stwo na 1-2 tygodnie to by\u0142 sukces&#8230; Chcia\u0142abym wierzy\u0107, \u017ce mo\u017ce teraz tak, ale&#8230;<\/li>\n<li><a href=\"http:\/\/www.blox.pl\/html?page=userProfilePreview&amp;username=annazadroza\">annazadroza<\/a> <time title=\"2019\/01\/22 16:48:02\" datetime=\"22.01.2019\">2 miesi\u0105ce temu<\/time>BBM:-) My\u015bl\u0119, \u017ce w tym wypadku chodzi w\u0142a\u015bnie o brak pogardy w stosunku do drugiego cz\u0142owieka. Nie musimy si\u0119 zgadza\u0107 ze wszystkim, lecz nie musimy by\u0107 od razu &#8222;anty&#8221;. Mo\u017cemy pozosta\u0107 przy swoim zdaniu pozwalaj\u0105c drugiemu mie\u0107 swoje, nie czyni\u0105c ze\u0144 od razu wroga i traktowa\u0107 najgorszymi s\u0142owami wzbudzaj\u0105cymi skrajnie z\u0142e emocje, w tym pogard\u0119. Tak to rozumiem.<br \/>\nO. Wi\u015bniewski zachwyci\u0142 mnie pasj\u0105, szczero\u015bci\u0105, prawd\u0105 &#8211; wszystkim. Zacz\u0119\u0142am od razu szuka\u0107 i czyta\u0107 inne jego wypowiedzi, jestem pod wra\u017ceniem niezwykle g\u0142\u0119bokim.<\/li>\n<li><a href=\"http:\/\/www.blox.pl\/html?page=userProfilePreview&amp;username=annazadroza\">annazadroza<\/a> <time title=\"2019\/01\/22 16:53:48\" datetime=\"22.01.2019\">2 miesi\u0105ce temu<\/time>Urszulko:-) Dobra i garstka, na pocz\u0105tek lawiny dobra&#8230;.<br \/>\nBiedny Olu\u015b male\u0144ki:( Serce si\u0119 kroi, kiedy taka kruszynka jest chora, bo nie mo\u017cna mu wyt\u0142umaczy\u0107 co si\u0119 dzieje i, \u017ce to co si\u0119 robi, to dla jego dobra.<\/li>\n<li><a href=\"http:\/\/www.blox.pl\/html?page=userProfilePreview&amp;username=annazadroza\">annazadroza<\/a> <time title=\"2019\/01\/22 16:59:47\" datetime=\"22.01.2019\">2 miesi\u0105ce temu<\/time>Ewu\u015b:-) Poczytaj teksty o. Wi\u015bniewskiego. Jeszcze drugie nazwisko mi przyjaci\u00f3\u0142ka M. podes\u0142a\u0142a &#8211; ks. Stanis\u0142aw Walczak. Poczytaj, warto. Wsz\u0119dzie s\u0105 ludzie r\u00f3\u017cnego kalibru, charakteru, r\u00f3\u017cnej moralno\u015bci itd.<br \/>\nJedno \u017cycie, owszem, ale pewne rzeczy trzeba przetrawi\u0107, przegry\u017a\u0107 w sobie, przemy\u015ble\u0107 zanim si\u0119 wr\u00f3ci do codzienno\u015bci. To musi potrwa\u0107, przynajmniej ja tak mam, takie geny&#8230;<\/li>\n<li><a href=\"http:\/\/www.blox.pl\/html?page=userProfilePreview&amp;username=annazadroza\">annazadroza<\/a> <time title=\"2019\/01\/22 17:12:25\" datetime=\"22.01.2019\">2 miesi\u0105ce temu<\/time>Emmo:-) Ja pozostaj\u0119 w stanie zachwycenia charyzm\u0105 o. Ludwika i w og\u00f3le ca\u0142o\u015bci\u0105 nieprzeci\u0119tnego cz\u0142owieka. Wypowiedzia\u0142 si\u0119 w cz\u0119\u015bci przeznaczonej dla bliskich i przyjaci\u00f3\u0142, to wa\u017cniejsze ni\u017c prowadzenie ca\u0142o\u015bci jakby z urz\u0119du. Tak my\u015bl\u0119.<\/li>\n<li><a href=\"http:\/\/www.blox.pl\/html?page=userProfilePreview&amp;username=annazadroza\">annazadroza<\/a> <time title=\"2019\/01\/22 17:18:26\" datetime=\"22.01.2019\">2 miesi\u0105ce temu<\/time>Gosiu:-) W cuda nie wierz\u0119, ale w otwarcie si\u0119 kilku serc na dobro &#8211; tak. W kilku r\u00f3\u017cnych komentarzach czyta\u0142am s\u0142owa os\u00f3b przepraszaj\u0105cych za to, \u017ce g\u0142osowali na pis i dud\u0119. To ju\u017c co\u015b.<\/li>\n<\/ul>\n<\/div>\n<\/div>\n<footer id=\"footer\" class=\"body\">\u00a9 Anna Blog<br \/>\n<a href=\"http:\/\/www.blox.pl\/html\"><img loading=\"lazy\" decoding=\"async\" src=\"http:\/\/biv.gazeta.pl\/css\/blox\/themes\/glowny\/images\/blox-logo.png\" width=\"25\" height=\"25\" \/><\/a><\/p>\n<\/footer>\n<div class=\"fcbkbttn_buttons_block\" id=\"fcbkbttn_middle\"><div class=\"fcbkbttn_like \"><fb:like href=\"https:\/\/annapisze.art\/?p=1305\" action=\"like\" colorscheme=\"light\" layout=\"box_count\"  size=\"small\"><\/fb:like><\/div><div class=\"fb-share-button  \" data-href=\"https:\/\/annapisze.art\/?p=1305\" data-type=\"button_count\" data-size=\"small\"><\/div><\/div>","protected":false},"excerpt":{"rendered":"<p>Nie mog\u0119 do tej pory otrz\u0105sn\u0105\u0107 si\u0119, zebra\u0107 my\u015bli w sensown\u0105 ca\u0142o\u015b\u0107, wci\u0105\u017c jest we mnie \u017cal, z\u0142o\u015b\u0107, niezgoda na to, co si\u0119 sta\u0142o, co jest nie do odwr\u00f3cenia. Niezgoda na s\u0142owa, kt\u00f3re nawet teraz s\u0105 s\u0142yszalne a kt\u00f3rych nie &hellip; <a href=\"https:\/\/annapisze.art\/?p=1305\">Czytaj dalej <span class=\"meta-nav\">&rarr;<\/span><\/a><\/p>\n","protected":false},"author":1,"featured_media":0,"comment_status":"open","ping_status":"open","sticky":false,"template":"","format":"standard","meta":{"footnotes":""},"categories":[8],"tags":[],"class_list":["post-1305","post","type-post","status-publish","format-standard","hentry","category-mysle-sobie"],"_links":{"self":[{"href":"https:\/\/annapisze.art\/index.php?rest_route=\/wp\/v2\/posts\/1305","targetHints":{"allow":["GET"]}}],"collection":[{"href":"https:\/\/annapisze.art\/index.php?rest_route=\/wp\/v2\/posts"}],"about":[{"href":"https:\/\/annapisze.art\/index.php?rest_route=\/wp\/v2\/types\/post"}],"author":[{"embeddable":true,"href":"https:\/\/annapisze.art\/index.php?rest_route=\/wp\/v2\/users\/1"}],"replies":[{"embeddable":true,"href":"https:\/\/annapisze.art\/index.php?rest_route=%2Fwp%2Fv2%2Fcomments&post=1305"}],"version-history":[{"count":1,"href":"https:\/\/annapisze.art\/index.php?rest_route=\/wp\/v2\/posts\/1305\/revisions"}],"predecessor-version":[{"id":1306,"href":"https:\/\/annapisze.art\/index.php?rest_route=\/wp\/v2\/posts\/1305\/revisions\/1306"}],"wp:attachment":[{"href":"https:\/\/annapisze.art\/index.php?rest_route=%2Fwp%2Fv2%2Fmedia&parent=1305"}],"wp:term":[{"taxonomy":"category","embeddable":true,"href":"https:\/\/annapisze.art\/index.php?rest_route=%2Fwp%2Fv2%2Fcategories&post=1305"},{"taxonomy":"post_tag","embeddable":true,"href":"https:\/\/annapisze.art\/index.php?rest_route=%2Fwp%2Fv2%2Ftags&post=1305"}],"curies":[{"name":"wp","href":"https:\/\/api.w.org\/{rel}","templated":true}]}}