{"id":1303,"date":"2019-03-04T18:17:40","date_gmt":"2019-03-04T17:17:40","guid":{"rendered":"http:\/\/annapisze.art\/?p=1303"},"modified":"2019-03-04T18:17:40","modified_gmt":"2019-03-04T17:17:40","slug":"zyc-od-nowa","status":"publish","type":"post","link":"https:\/\/annapisze.art\/?p=1303","title":{"rendered":"\u017by\u0107 od nowa"},"content":{"rendered":"<p>Przez ca\u0142y tydzie\u0144 kraj jakby si\u0119 zawiesi\u0142, zatrzyma\u0142. Dosz\u0142y do g\u0142osu nasze uczucia przede wszystkim oraz przemy\u015blenia, refleksje. Te ostatnie u wielu zwyk\u0142ych, normalnych os\u00f3b wida\u0107, z tych &#8222;innych&#8221; taki najbardziej widoczny przyk\u0142ad &#8211; u Paw\u0142a Kukiza, kt\u00f3ry przyzna\u0142, \u017ce nieraz go ponios\u0142o podczas wpis\u00f3w czy wypowiedzi i postanowi\u0142 to zmieni\u0107, usun\u0105\u0107 wpisy nieparlamentarne.<br \/>\nWzruszenie \u015bciska za gard\u0142o na widok t\u0142um\u00f3w ludzi zapalaj\u0105cych znicze tworz\u0105ce Najwi\u0119ksze Serce \u015awiata, stoj\u0105cych w milczeniu, czekaj\u0105cych wiele godzin, tak\u017ce noc\u0105, w d\u0142ugiej kolejce aby po\u017cegna\u0107 swojego Prezydenta, dotkn\u0105\u0107 trumny wystawionej w Europejskim Centrum Solidarno\u015bci. T\u0142umy b\u0119d\u0105 te\u017c bra\u0142y udzia\u0142 w ostatniej drodze Paw\u0142a Adamowicza &#8211; nazwanej Drog\u0105 Sentymentaln\u0105 &#8211; przez ulice Gda\u0144ska, miejsca zwi\u0105zane z \u017cyciem Prezydenta. We wspomnieniach os\u00f3b oczekuj\u0105cych na po\u017cegnanie s\u0142ycha\u0107 ciep\u0142e s\u0142owa, \u017ce by\u0142 jak ojciec, brat, kto\u015b bliski, kogo spotka\u0107 mo\u017cna by\u0142o na ulicy, w sklepie czy na \u015bcie\u017cce rowerowej zawsze u\u015bmiechni\u0119tego, ch\u0119tnego do pomocy, zawsze pe\u0142nego \u017cyczliwo\u015bci. Okre\u015blany jest jako wielki<br \/>\ncz\u0142owiek, wspania\u0142y, kt\u00f3ry robi\u0142 wielkie rzeczy dla Gda\u0144ska. Ludzie czuj\u0105 ogromn\u0105 potrzeb\u0119 by rozmawia\u0107, by by\u0107 ze sob\u0105 w tym nieszcz\u0119\u015bciu i dlatego przychodz\u0105. Mieszka\u0144cy Gda\u0144ska dzi\u0119kuj\u0105 za to, \u017ce by\u0142, za to, co robi\u0142. Podkre\u015blaj\u0105, \u017ce by\u0142 jednym z nich, ca\u0142e \u017cycie odda\u0142 ukochanemu miastu.<\/p>\n<p>W podzi\u0119kowaniu Gda\u0144szczanie oddaj\u0105 mu ostatni ho\u0142d.<\/p>\n<p>Przepi\u0119kne, wzruszaj\u0105ce s\u0142owa wpisuj\u0105 te\u017c rodacy w ksi\u0119gach pami\u0105tkowych wystawionych w r\u00f3\u017cnych miejscach w ca\u0142ej Polsce.<br \/>\nPawe\u0142 Adamowicz by\u0142 cz\u0142owiekim szczodrym i wybacza\u0142 &#8211; m\u00f3wi\u0105 o nim wsp\u00f3\u0142pracownicy.<br \/>\nPozostawi\u0142 przes\u0142anie &#8211;<br \/>\n<strong>Wybaczmy i zacznijmy \u017cy\u0107 od nowa, nie mo\u017cna budowa\u0107 przysz\u0142o\u015bci na nienawi\u015bci.<\/strong><\/p>\n<p>18.01.2019<\/p>\n<div id=\"posts-container\" class=\"body\">\n<div id=\"comments-list\" class=\"comments-list\"><\/div>\n<\/div>\n<footer id=\"footer\" class=\"body\">\n<div id=\"posts-container\" class=\"body\">\n<div id=\"comments-list\" class=\"comments-list\">\n<ul>\n<li><a href=\"http:\/\/www.blox.pl\/html?page=userProfilePreview&amp;username=tanczaca_w_deszczu\">tanczaca_w_deszczu<\/a> <time title=\"2019\/01\/18 21:59:21\" datetime=\"18.01.2019\">2 miesi\u0105ce temu<\/time>Jak mo\u017cna wybaczy\u0107 wypowiedziane teraz, w tym tygodniu s\u0142owa Paw\u0142owicz, Cejrowskiego? Oszustwa, k\u0142amstwa i szkalowanie. Ataki na Jurka Owsiaka. Tego nie potrafi\u0119. Chcia\u0142abym aby Twoje s\u0142owa spe\u0142ni\u0142y si\u0119, ludzie zmienili. Chcia\u0142abym ale nie wierz\u0119 w to. Dobrzy b\u0119d\u0105 by\u0107 mo\u017ce lepszymi ale ci podli pod\u0142ymi zostan\u0105. Mo\u017ce Kukiz przez miesi\u0105c powstrzyma si\u0119 od nieparlamentarnych s\u0142\u00f3w, mo\u017ce b\u0119dzie chwila ciszy. Mo\u017ce. Na wybaczenie zas\u0142uguje ten kto nie brnie dalej w swoje z\u0142e, krzwdz\u0105ce dzia\u0142ania. Ja ich nie nienawidz\u0119 ale nie wiem komu w tej sytuacji mog\u0119 wybaczy\u0107.<\/li>\n<li><a href=\"http:\/\/www.mycastle.blox.pl\/\">e.urlik<\/a> <time title=\"2019\/01\/20 11:53:35\" datetime=\"20.01.2019\">2 miesi\u0105ce temu<\/time>I jak zwykle mamy nadstawi\u0107 drugi policzek \ud83d\ude41 A oni dalej b\u0119d\u0105 nas l\u017cy\u0107 i t\u0119pi\u0107. Nie mam z\u0142udze\u0144, niestety.<\/li>\n<li><a href=\"http:\/\/niesfornedruty.blox.pl\/\">urszula97<\/a> <time title=\"2019\/01\/20 13:30:19\" datetime=\"20.01.2019\">2 miesi\u0105ce temu<\/time>Te\u017c tak mysl\u0119,ale czy to realne? na chwil\u0119 a potem to samo.<\/li>\n<li><span class=\"guest\">Go\u015b\u0107: [Obserwator] <\/span><span class=\"host\">*.nat.umts.dynamic.t-mobile.pl<\/span> <time title=\"2019\/01\/20 19:25:06\" datetime=\"20.01.2019\">2 miesi\u0105ce temu<\/time>Polska stacza si\u0119 na dno.Zamordowano Paw\u0142a Adamowicza,dobrego cz\u0142owieka,kt\u00f3rego dokonania na rzecz Gda\u0144ska doceni\u0142o spo\u0142ecze\u0144stwo wybieraj\u0105c go od 20 lat na prezydenta miasta i t\u0142umnie \u017cegnaj\u0105c w trakcie uroczysto\u015bci pogrzebowych. Dobra zmiana ,kt\u00f3ra przej\u0119\u0142a w\u0142adz\u0119 usi\u0142uje ten mord polityczny zdiagnozowa\u0107 jak zwykle po swojemu.Ju\u017c si\u0119 m\u00f3wi o chorobie psychicznej mordercy i o tym,\u017ce by\u0142 w Warszawie \/ pewnie chcia\u0142 zabi\u0107 Dud\u0119 i Kaczy\u0144skiego\/.Toczy si\u0119 teraz dyskusja w mediach o tym co zrobi\u0107 z t\u0105 nienawi\u015bci\u0105 i o wybaczaniu. Wybaczy\u0107 mo\u017cna zab\u00f3jcy,kt\u00f3ry np.spowodowa\u0142 \u015bmiertelny wypadek samochodowy &#8211; ale by\u0142 trze\u017cwy ,przyzna\u0142 si\u0119 do winy,przeprosi\u0142 i odby\u0142 kar\u0119.Rz\u0105dz\u0105ca pseudo klasa polityczna wraz z najwy\u017cszymi urz\u0119dnikami pa\u0144stwowymi z\u0142ama\u0142a i wci\u0105\u017c \u0142amie wszelkie normy prawne i moralne.Z lud\u017cmi \u0142ami\u0105cymi Konstytucj\u0119 nie mo\u017cna prowadzi\u0107 \u017cadnych rozm\u00f3w o Pa\u0144stwie. Takich ludzi nale\u017cy usun\u0105\u0107 z \u017cycia politycznego. Jest przecie\u017c prosty spos\u00f3b- WYBORY. Ma\u0142o si\u0119 przypomina,\u017ce na PIS zag\u0142osowa\u0142o tylko 18 % uprawnionych do g\u0142osowania,ale to wystarczy\u0142o do przej\u0119cia w\u0142adzy,dlaczego ano dlatego ,\u017ce po\u0142owa spo\u0142ecze\u0144stwa od lat nie chodzi na wybory.Ludzie obud\u017ccie si\u0119. Kiedy\u015b powiedzia\u0142em,\u017ce Polska jeszcze nie si\u0119gn\u0119\u0142a dna i niestety podtrzymuj\u0119 t\u0119 opini\u0119.<\/li>\n<li><a href=\"http:\/\/www.blox.pl\/html?page=userProfilePreview&amp;username=babciabezmohera\">babciabezmohera<\/a> <time title=\"2019\/01\/20 21:54:32\" datetime=\"20.01.2019\">2 miesi\u0105ce temu<\/time>Podpisuj\u0119 si\u0119 pod komentarzem obserwatora. Mo\u017cna wybaczy\u0107 prywatn\u0105 krzywd\u0119, niszczenia pa\u0144stwa wybaczy\u0107 nie wolno!<\/li>\n<li><a href=\"http:\/\/www.blox.pl\/html?page=userProfilePreview&amp;username=annazadroza\">annazadroza<\/a> <time title=\"2019\/01\/21 07:31:02\" datetime=\"21.01.2019\">2 miesi\u0105ce temu<\/time>Ta\u0144cz\u0105ca w deszczu:-) To s\u0142owa przes\u0142ania. Moje, kt\u00f3re t\u0142umi\u0119 w sobie, s\u0105 inne. Nie jestem \u015bwi\u0119t\u0105 i wybaczanie &#8211; w takiej sytuacji szczeg\u00f3lnie &#8211; to tylko cel, do kt\u00f3rego chcia\u0142abym d\u0105\u017cy\u0107, ale nie do zrealizowania jest. Gdy nawet pr\u00f3bujesz, wyci\u0105gasz r\u0119k\u0119 lecz &#8211; w g\u0142ow\u0119 dostajesz takimi s\u0142owami, \u017ce trudno uwierzy\u0107, i\u017c je s\u0142yszysz naprawd\u0119.<br \/>\nJe\u015bli nawet minuty ciszy w ho\u0142dzie zamordowanemu nie byli w stanie po\u015bwi\u0119ci\u0107, to znaczy, \u017ce czuj\u0105 si\u0119 winni. I niech si\u0119 czuj\u0119 bezustannie.<\/li>\n<li><a href=\"http:\/\/www.blox.pl\/html?page=userProfilePreview&amp;username=annazadroza\">annazadroza<\/a> <time title=\"2019\/01\/21 07:33:25\" datetime=\"21.01.2019\">2 miesi\u0105ce temu<\/time>Ewo:-) Patrz\u0105c na nieprzebrane t\u0142umy dzi\u015b jeszcze przychodz\u0105ce zapali\u0107 \u015bwiate\u0142ko &#8211; czuj\u0119, \u017ce co\u015b, nadzieja jakby, wkrada mi si\u0119 w serce. I Jurek wraca do Orkiestry!!!<\/li>\n<li><a href=\"http:\/\/www.blox.pl\/html?page=userProfilePreview&amp;username=annazadroza\">annazadroza<\/a> <time title=\"2019\/01\/21 07:35:51\" datetime=\"21.01.2019\">2 miesi\u0105ce temu<\/time>Ule\u0144ko:-) Nadzieja umiera ostatnia. Moja od\u017cy\u0142a po s\u0142owach o.Ludwika Wi\u015bniewskiego. Pierwszy raz us\u0142ysza\u0142am g\u0142o\u015bno i wyra\u017anie, odwa\u017cnie, z \u017carem wypowiedziane s\u0142owa, kt\u00f3re w wielu sercach trzepota\u0142y nie umiej\u0105c si\u0119 wydosta\u0107 na zewn\u0105trz.<\/li>\n<li><a href=\"http:\/\/www.blox.pl\/html?page=userProfilePreview&amp;username=annazadroza\">annazadroza<\/a> <time title=\"2019\/01\/21 07:45:27\" datetime=\"21.01.2019\">2 miesi\u0105ce temu<\/time>Obserwatorze:-) Zgadzam si\u0119 z Tob\u0105. Lecz &#8211; nie m\u00f3w, \u017ce nie osi\u0105gn\u0119li\u015bmy dna. Mnie si\u0119 wydaje, \u017ce ju\u017c tam jeste\u015bmy. Co wi\u0119cej ma si\u0119 sta\u0107, \u017ceby ludzie opami\u0119tali si\u0119? Czy ma si\u0119 krew pola\u0107 na ulicach? Lito\u015bci. Nie!!! Krew jest skarbem ratuj\u0105cym \u017cycie i je\u015bli ju\u017c ma si\u0119 la\u0107, to tylko w laboratoriach, punktach pobra\u0144.<br \/>\nMy\u015bl\u0119, \u017ce do pewnej grupy nic nie dotrze, to s\u0105 osobniki zaimpregnowane na wszystko, absolutnie na wszystko poza rydzykoworadiomaryjn\u0105 manipulacj\u0105. Jedyna rada to obudzenie si\u0119 \u015bpi\u0105cych i zag\u0142osowanie na kogo\u015b, kto jest nadziej\u0105 dla Polski a nie niszczycielem.<\/li>\n<li><a href=\"http:\/\/www.blox.pl\/html?page=userProfilePreview&amp;username=annazadroza\">annazadroza<\/a> <time title=\"2019\/01\/21 07:46:28\" datetime=\"21.01.2019\">2 miesi\u0105ce temu<\/time>BBM:-) Masz 100% racji, jak zwykle.<\/li>\n<\/ul>\n<\/div>\n<\/div>\n<footer id=\"footer\" class=\"body\">\u00a9 Anna Blog<br \/>\n<a href=\"http:\/\/www.blox.pl\/html\"><img loading=\"lazy\" decoding=\"async\" src=\"http:\/\/biv.gazeta.pl\/css\/blox\/themes\/glowny\/images\/blox-logo.png\" width=\"25\" height=\"25\" \/><\/a><\/p>\n<\/footer>\n<\/footer>\n<div class=\"fcbkbttn_buttons_block\" id=\"fcbkbttn_middle\"><div class=\"fcbkbttn_like \"><fb:like href=\"https:\/\/annapisze.art\/?p=1303\" action=\"like\" colorscheme=\"light\" layout=\"box_count\"  size=\"small\"><\/fb:like><\/div><div class=\"fb-share-button  \" data-href=\"https:\/\/annapisze.art\/?p=1303\" data-type=\"button_count\" data-size=\"small\"><\/div><\/div>","protected":false},"excerpt":{"rendered":"<p>Przez ca\u0142y tydzie\u0144 kraj jakby si\u0119 zawiesi\u0142, zatrzyma\u0142. Dosz\u0142y do g\u0142osu nasze uczucia przede wszystkim oraz przemy\u015blenia, refleksje. Te ostatnie u wielu zwyk\u0142ych, normalnych os\u00f3b wida\u0107, z tych &#8222;innych&#8221; taki najbardziej widoczny przyk\u0142ad &#8211; u Paw\u0142a Kukiza, kt\u00f3ry przyzna\u0142, \u017ce &hellip; <a href=\"https:\/\/annapisze.art\/?p=1303\">Czytaj dalej <span class=\"meta-nav\">&rarr;<\/span><\/a><\/p>\n","protected":false},"author":1,"featured_media":0,"comment_status":"open","ping_status":"open","sticky":false,"template":"","format":"standard","meta":{"footnotes":""},"categories":[8],"tags":[],"class_list":["post-1303","post","type-post","status-publish","format-standard","hentry","category-mysle-sobie"],"_links":{"self":[{"href":"https:\/\/annapisze.art\/index.php?rest_route=\/wp\/v2\/posts\/1303","targetHints":{"allow":["GET"]}}],"collection":[{"href":"https:\/\/annapisze.art\/index.php?rest_route=\/wp\/v2\/posts"}],"about":[{"href":"https:\/\/annapisze.art\/index.php?rest_route=\/wp\/v2\/types\/post"}],"author":[{"embeddable":true,"href":"https:\/\/annapisze.art\/index.php?rest_route=\/wp\/v2\/users\/1"}],"replies":[{"embeddable":true,"href":"https:\/\/annapisze.art\/index.php?rest_route=%2Fwp%2Fv2%2Fcomments&post=1303"}],"version-history":[{"count":1,"href":"https:\/\/annapisze.art\/index.php?rest_route=\/wp\/v2\/posts\/1303\/revisions"}],"predecessor-version":[{"id":1304,"href":"https:\/\/annapisze.art\/index.php?rest_route=\/wp\/v2\/posts\/1303\/revisions\/1304"}],"wp:attachment":[{"href":"https:\/\/annapisze.art\/index.php?rest_route=%2Fwp%2Fv2%2Fmedia&parent=1303"}],"wp:term":[{"taxonomy":"category","embeddable":true,"href":"https:\/\/annapisze.art\/index.php?rest_route=%2Fwp%2Fv2%2Fcategories&post=1303"},{"taxonomy":"post_tag","embeddable":true,"href":"https:\/\/annapisze.art\/index.php?rest_route=%2Fwp%2Fv2%2Ftags&post=1303"}],"curies":[{"name":"wp","href":"https:\/\/api.w.org\/{rel}","templated":true}]}}