{"id":1301,"date":"2019-03-04T18:07:28","date_gmt":"2019-03-04T17:07:28","guid":{"rendered":"http:\/\/annapisze.art\/?p=1301"},"modified":"2019-03-04T18:31:21","modified_gmt":"2019-03-04T17:31:21","slug":"kamyczek","status":"publish","type":"post","link":"https:\/\/annapisze.art\/?p=1301","title":{"rendered":"Kamyczek"},"content":{"rendered":"<p>Przyznam si\u0119, \u017ce nawet nie mog\u0142am Wam odpowiedzie\u0107. Jestem od niedzielnego wieczoru jakby w innym \u015bwiecie, nierzeczywistym, z kt\u00f3rego chcia\u0142abym wr\u00f3ci\u0107 do normalnego, ale zgubi\u0142am drog\u0119 i nie potrafi\u0119 jej odnale\u017a\u0107. I tak tutaj tkwi\u0119, patrz\u0119 na wzruszonych ludzi ocieraj\u0105cych \u0142zy, s\u0142ucham samych ciep\u0142ych, dobrych s\u0142\u00f3w o Pawle Adamowiczu i sama \u0142ez nie mog\u0119 powstrzyma\u0107. C\u00f3\u017c to za cz\u0142owiek, kt\u00f3rego czcz\u0105 w ten spos\u00f3b<br \/>\nmieszka\u0144cy jego miasta sami z siebie? Nikt ich nie zmusza do przychodzenia, nikt ich nie przywozi autokarami, nie p\u0142aci za przyj\u015bcie!<br \/>\nCzy to nie s\u0105 narodziny nowego spo\u0142ecze\u0144stwa? Czy to by\u0142 koniec \u015bwiata? Jurek Owsiak obiecywa\u0142, \u017ce b\u0119dzie gra\u0142 do ko\u0144ca \u015bwiata i jeden dzie\u0144 d\u0142u\u017cej. Czy to oznacza, \u017ce pewien \u015bwiat si\u0119 sko\u0144czy\u0142, bo Jurek przestaje gra\u0107? I czy tylko z\u0142o b\u0119dzie odt\u0105d zwyci\u0119\u017ca\u0142o?<br \/>\nPrzed chwil\u0105 przeczyta\u0142am pe\u0142en nienawi\u015bci komentarz pod informacj\u0105 o skokach naciarskich, kt\u00f3re w ramach \u017ca\u0142oby odb\u0119d\u0105 si\u0119 bez oprawy muzycznej. Takie s\u0142owa o Pawle Adamowiczu, kt\u00f3rego dos\u0142ownie op\u0142akuj\u0105 t\u0142umy ludzi, mo\u017ce wypowiada\u0107 tylko osobnik, kt\u00f3ry przyczynia si\u0119 s\u0142owami do morderstwa, wyrzuca z siebie z\u0142o, kt\u00f3re eksploduje i plami krwi\u0105 r\u0119ce tych, kt\u00f3rzy podobne s\u0142owa wypowiadaj\u0105. To oni maj\u0105 krew na<br \/>\nr\u0119kach. My wszyscy mamy krew na r\u0119kach pozwalaj\u0105c na wypowiedzi tego typu, godz\u0105c si\u0119 na nie, przechodz\u0105c nad nimi do porz\u0105dku dziennego i akceptuj\u0105c je w codziennym \u017cyciu. Od male\u0144kiego kamyczka mo\u017ce powsta\u0107 lawina zabieraj\u0105c wszystko po drodze, niszcz\u0105c, zasypuj\u0105c. Przeciwstawmy si\u0119 lawinie z\u0142a uruchamiaj\u0105c lawin\u0119 dobra.<\/p>\n<p>16.01.2019<\/p>\n<div id=\"posts-container\" class=\"body\">\n<div id=\"comments-list\" class=\"comments-list\">\n<ul>\n<li><a href=\"http:\/\/www.blox.pl\/html?page=userProfilePreview&amp;username=kotimyszkot\">kotimyszkot<\/a> <time title=\"2019\/01\/16 13:28:53\" datetime=\"16.01.2019\">2 miesi\u0105ce temu<\/time>Aniu, staram si\u0119 i my\u015bl\u0119, \u017ce wielu jest dobrych i chc\u0105 tacy by\u0107.. Marsze sprzeciwu to pokazuj\u0105, WO\u015aP to pokazuje, bo mimo nagonki ludzie jeszcze ch\u0119tniej pomagaj\u0105, z roku na rok wi\u0119cej zbieraj\u0105. Ale jak tu si\u0119 przeciwstawi\u0107 nienawistnym komentarzom? Mo\u017cna pr\u00f3bowa\u0107 dyskusji, zmiany pogl\u0105du, cho\u0107 to niewiele da je\u015bli kto\u015b jest za\u015blepiony.. To powinno by\u0107 kasowane, likwidowane w zarodku. Nie powinno i\u015b\u0107 w eter i zatruwa\u0107 tej dobroci, kt\u00f3ra jeszcze istnieje..<\/li>\n<li><a href=\"http:\/\/www.blox.pl\/html?page=userProfilePreview&amp;username=tessa37\">tessa37<\/a> <time title=\"2019\/01\/16 14:10:55\" datetime=\"16.01.2019\">2 miesi\u0105ce temu<\/time>Smutne jest to, ze znalezliby sie tacy, ktorzy na sile &#8222;udawadnialiby&#8221;, ze jednak tymi autokarami przywiezli i jeszcze zaplacili&#8230;<br \/>\nSa osoby, z ktorymi dyskutowac sie nie da, tak bardzo sa zaslepieni w nienawisci, sama tego doswiadczylam, nie wiem, czy to choroba, czy cos innego&#8230;<br \/>\nWazne jest ze &#8222;ludzi dobrej woli jest wiecej&#8221; i to jest jedna pociecha i cos, czego nalezy sie trzymac.<\/li>\n<li><a href=\"http:\/\/www.blox.pl\/html?page=userProfilePreview&amp;username=45gogula\">45gogula<\/a> <time title=\"2019\/01\/16 16:19:26\" datetime=\"16.01.2019\">2 miesi\u0105ce temu<\/time>Eh<\/li>\n<li><a href=\"http:\/\/www.blox.pl\/html?page=userProfilePreview&amp;username=babciabezmohera\">babciabezmohera<\/a> <time title=\"2019\/01\/16 17:34:44\" datetime=\"16.01.2019\">2 miesi\u0105ce temu<\/time>Staram si\u0119 kurczowo trzyma\u0107 dobra. Czy mi si\u0119 to udaje? Na pewno nie zawsze&#8230; :(((<\/li>\n<li><a href=\"http:\/\/niesfornedruty.blox.pl\/\">urszula97<\/a> <time title=\"2019\/01\/16 17:42:04\" datetime=\"16.01.2019\">2 miesi\u0105ce temu<\/time>Bardzo ci\u0119\u017cko,dok\u0105d to doprowadzi,\u017ca\u0142oba narodowa,w ka\u017cdym info TVP o tej tragedii,cos mi nie gra,zbyt s\u0142odko.<\/li>\n<li><a href=\"http:\/\/www.blox.pl\/html?page=userProfilePreview&amp;username=fusilla\">fusilla<\/a> <time title=\"2019\/01\/16 17:45:26\" datetime=\"16.01.2019\">2 miesi\u0105ce temu<\/time>Potrzebna jest praca u podstaw! W miasteczku opodal mojej wsi cz\u0119\u015b\u0107 m\u0142odzie\u017cy z og\u00f3lniaka organizowa\u0142o pikiet\u0119 przed ratuszem, aby oprotestowa\u0107 decyzj\u0119 burmistrza w kwestii studni\u00f3wki, kt\u00f3ra mia\u0142a by\u0107 przeniesiona o tydzie\u0144 ( bo fryzjer zam\u00f3wiony i kosmetyczka!). To jest dopiero temat do dyskusji powa\u017cnej, czego uczymy m\u0142ode pokolenia!<\/li>\n<li><a href=\"http:\/\/www.blox.pl\/html?page=userProfilePreview&amp;username=veanka\">veanka<\/a> <time title=\"2019\/01\/17 21:00:50\" datetime=\"17.01.2019\">2 miesi\u0105ce temu<\/time>Nast\u0105pi\u0142 tryumf nienawi\u015bci, z\u0142a nad dobrem, nie wywodz\u0105cy si\u0119 jednak znik\u0105d.<br \/>\nJest przejawem tego, co si\u0119 dzieje woko\u0142o, jest odg\u00f3rne przyzwolenia na czynienie z\u0142a przeciwnikom politycznym.<\/li>\n<li><a href=\"http:\/\/www.blox.pl\/html?page=userProfilePreview&amp;username=emma_b\">emma_b<\/a> <time title=\"2019\/01\/17 21:24:07\" datetime=\"17.01.2019\">2 miesi\u0105ce temu<\/time>Aniu, Orkiestra na pewno b\u0119dzie gra\u0142a, przecie\u017c Fundacja nie przestaje istnie\u0107. my\u015bl\u0119 te\u017c, \u017ce pod wp\u0142ywem tylu gor\u0105cych apeli Jurek Owsiak zmieni decyzj\u0119. a jak by by\u0142o pi\u0119knie gdyby pokojowego Nobla dosta\u0142&#8230;<\/li>\n<li><a href=\"http:\/\/www.blox.pl\/html?page=userProfilePreview&amp;username=annazadroza\">annazadroza<\/a> <time title=\"2019\/01\/18 13:56:37\" datetime=\"18.01.2019\">2 miesi\u0105ce temu<\/time>Myszokocie:-) Wida\u0107 t\u0119 jasn\u0105 stron\u0119 Mocy w postaci olbrzymich t\u0142um\u00f3w. I to jest wzruszaj\u0105ce, podnosz\u0105ce dobr\u0105 energi\u0119, przywracaj\u0105ce wiar\u0119 w dobro. Rozmowa z osobami zaimpregnowanymi na wiedz\u0119 i dobro nic nie da, do nich kompletnie nic nie dociera. Nawet teraz, gdy s\u0142ysz\u0119 niekt\u00f3re wypowiedzi, to&#8230; stop, nic wi\u0119cej nie powiem.<\/li>\n<li><a href=\"http:\/\/www.blox.pl\/html?page=userProfilePreview&amp;username=annazadroza\">annazadroza<\/a> <time title=\"2019\/01\/18 14:01:33\" datetime=\"18.01.2019\">2 miesi\u0105ce temu<\/time>Tesso:-) Nie da si\u0119, nie da si\u0119 z niekt\u00f3rymi rozmawia\u0107, ka\u017cde s\u0142owo odbija si\u0119 jak od \u015bciany i nic nie dociera. My\u015bl\u0119, \u017ce zachowam w pami\u0119ci obraz tysi\u0119cy ludzi tworz\u0105cych ze \u015bwiat\u0142a Najwi\u0119ksze Serce \u015awiata, bo to s\u0105 ludzie dobrej woli.<\/li>\n<li><a href=\"http:\/\/www.blox.pl\/html?page=userProfilePreview&amp;username=annazadroza\">annazadroza<\/a> <time title=\"2019\/01\/18 14:08:28\" datetime=\"18.01.2019\">2 miesi\u0105ce temu<\/time>Gosiu:-) Trudne chwile, w\u0142a\u015bnie dla ludzi dobrej woli&#8230;<\/li>\n<li><a href=\"http:\/\/www.blox.pl\/html?page=userProfilePreview&amp;username=annazadroza\">annazadroza<\/a> <time title=\"2019\/01\/18 14:12:10\" datetime=\"18.01.2019\">2 miesi\u0105ce temu<\/time>BBM:-) Teraz robi\u0119 tak &#8211; kiedy \u0142api\u0119 si\u0119 na my\u015blach, kt\u00f3rych nie chc\u0119 mie\u0107, skierowane w stron\u0119 tych zaimpregnowanych na dobro, m\u00f3wi\u0119 sobie KAMYCZEK &#8211; i udaje mi si\u0119 opanowa\u0107. Przynajmniej w danym momencie.<\/li>\n<li><a href=\"http:\/\/www.blox.pl\/html?page=userProfilePreview&amp;username=annazadroza\">annazadroza<\/a> <time title=\"2019\/01\/18 14:38:42\" datetime=\"18.01.2019\">2 miesi\u0105ce temu<\/time>Ule\u0144ko:-) Tvp w og\u00f3le nie ogl\u0105dam, od dawna, bo co info to &#8230; co\u015b z\u0142ego, nieszczerego, fa\u0142szywego&#8230;<\/li>\n<li><a href=\"http:\/\/www.blox.pl\/html?page=userProfilePreview&amp;username=annazadroza\">annazadroza<\/a> <time title=\"2019\/01\/18 15:16:18\" datetime=\"18.01.2019\">2 miesi\u0105ce temu<\/time>Fusilko:-) Masz racj\u0119, praca od podstaw jest niezb\u0119dna i powinna byc prowadzona, jak najszybciej. Ale &#8211; ju\u017c np. Ordo Iuris sprzeciwia si\u0119, czyli, na prosty rozum &#8211; namawiaj\u0105 do nienawi\u015bci i przemocy skoro stygmatyzuj\u0105 tych, kt\u00f3rzy mowie nienawi\u015bci m\u00f3wi\u0105 Stop. Sprawdzi\u0142am co to za organizacja i przeczyta\u0142am, \u017ce sekta wywodz\u0105ca si\u0119 z Brazylii, od kt\u00f3rej Ko\u015bci\u00f3\u0142 si\u0119 odcina. Tak przeczyta\u0142am.<\/li>\n<li><a href=\"http:\/\/www.blox.pl\/html?page=userProfilePreview&amp;username=annazadroza\">annazadroza<\/a> <time title=\"2019\/01\/18 15:18:08\" datetime=\"18.01.2019\">2 miesi\u0105ce temu<\/time>Veanko:-) Zgadzam si\u0119 z Twoim zdaniem. Jednak t\u0142umy ludzi &#8211; po jasnej stronie &#8211; budz\u0105 w sercu nadziej\u0119.<\/li>\n<li><a href=\"http:\/\/www.blox.pl\/html?page=userProfilePreview&amp;username=annazadroza\">annazadroza<\/a> <time title=\"2019\/01\/18 16:24:42\" datetime=\"18.01.2019\">2 miesi\u0105ce temu<\/time>Emmo:-) Dop\u00f3ki Orkiestra b\u0119dzie gra\u0142a jest szansa na istnienie dobra w cz\u0142owieku. Mo\u017ce to brzmi g\u0142upio dla kogo\u015b, ale tak w\u0142a\u015bnie czuj\u0119. Bardzo bym chcia\u0142a, \u017ceby Nobla dosta\u0142 &#8211; w tym oszala\u0142ym naszym kraju jest bohaterem funkcjonuj\u0105c przez tyle lat wy\u0142\u0105cznie po jasnej stronie.<\/li>\n<\/ul>\n<\/div>\n<\/div>\n<footer id=\"footer\" class=\"body\">\u00a9 Anna Blog<br \/>\n<a href=\"http:\/\/www.blox.pl\/html\"><img loading=\"lazy\" decoding=\"async\" src=\"http:\/\/biv.gazeta.pl\/css\/blox\/themes\/glowny\/images\/blox-logo.png\" width=\"25\" height=\"25\" \/><\/a><\/footer>\n<div class=\"fcbkbttn_buttons_block\" id=\"fcbkbttn_middle\"><div class=\"fcbkbttn_like \"><fb:like href=\"https:\/\/annapisze.art\/?p=1301\" action=\"like\" colorscheme=\"light\" layout=\"box_count\"  size=\"small\"><\/fb:like><\/div><div class=\"fb-share-button  \" data-href=\"https:\/\/annapisze.art\/?p=1301\" data-type=\"button_count\" data-size=\"small\"><\/div><\/div>","protected":false},"excerpt":{"rendered":"<p>Przyznam si\u0119, \u017ce nawet nie mog\u0142am Wam odpowiedzie\u0107. Jestem od niedzielnego wieczoru jakby w innym \u015bwiecie, nierzeczywistym, z kt\u00f3rego chcia\u0142abym wr\u00f3ci\u0107 do normalnego, ale zgubi\u0142am drog\u0119 i nie potrafi\u0119 jej odnale\u017a\u0107. I tak tutaj tkwi\u0119, patrz\u0119 na wzruszonych ludzi ocieraj\u0105cych &hellip; <a href=\"https:\/\/annapisze.art\/?p=1301\">Czytaj dalej <span class=\"meta-nav\">&rarr;<\/span><\/a><\/p>\n","protected":false},"author":1,"featured_media":0,"comment_status":"open","ping_status":"open","sticky":false,"template":"","format":"standard","meta":{"footnotes":""},"categories":[8],"tags":[],"class_list":["post-1301","post","type-post","status-publish","format-standard","hentry","category-mysle-sobie"],"_links":{"self":[{"href":"https:\/\/annapisze.art\/index.php?rest_route=\/wp\/v2\/posts\/1301","targetHints":{"allow":["GET"]}}],"collection":[{"href":"https:\/\/annapisze.art\/index.php?rest_route=\/wp\/v2\/posts"}],"about":[{"href":"https:\/\/annapisze.art\/index.php?rest_route=\/wp\/v2\/types\/post"}],"author":[{"embeddable":true,"href":"https:\/\/annapisze.art\/index.php?rest_route=\/wp\/v2\/users\/1"}],"replies":[{"embeddable":true,"href":"https:\/\/annapisze.art\/index.php?rest_route=%2Fwp%2Fv2%2Fcomments&post=1301"}],"version-history":[{"count":2,"href":"https:\/\/annapisze.art\/index.php?rest_route=\/wp\/v2\/posts\/1301\/revisions"}],"predecessor-version":[{"id":1309,"href":"https:\/\/annapisze.art\/index.php?rest_route=\/wp\/v2\/posts\/1301\/revisions\/1309"}],"wp:attachment":[{"href":"https:\/\/annapisze.art\/index.php?rest_route=%2Fwp%2Fv2%2Fmedia&parent=1301"}],"wp:term":[{"taxonomy":"category","embeddable":true,"href":"https:\/\/annapisze.art\/index.php?rest_route=%2Fwp%2Fv2%2Fcategories&post=1301"},{"taxonomy":"post_tag","embeddable":true,"href":"https:\/\/annapisze.art\/index.php?rest_route=%2Fwp%2Fv2%2Ftags&post=1301"}],"curies":[{"name":"wp","href":"https:\/\/api.w.org\/{rel}","templated":true}]}}