{"id":1297,"date":"2019-03-04T18:02:45","date_gmt":"2019-03-04T17:02:45","guid":{"rendered":"http:\/\/annapisze.art\/?p=1297"},"modified":"2019-03-04T18:02:45","modified_gmt":"2019-03-04T17:02:45","slug":"mial-byc-radosny-wpis","status":"publish","type":"post","link":"https:\/\/annapisze.art\/?p=1297","title":{"rendered":"Mia\u0142 by\u0107 radosny wpis"},"content":{"rendered":"<p>To mia\u0142 by\u0107 radosny wpis. Poniewa\u017c dzie\u0144 grania Orkiestry to dzie\u0144 rado\u015bci, fantastycznej atmosfery, poczucia wsp\u00f3lnoty, solidarno\u015bci, poczucia jedno\u015bci w pomaganiu, w mo\u017cliwo\u015bci zespolenia si\u0119 w dobrym, szczytnym celu dla ratowania \u017cycia i zdrowia dzieci, bezradnych, chorych male\u0144kich istotek. Poniewa\u017c jest w nas du\u017co dobra i w tym dniu staje si\u0119 ono ukierunkowane, nie rozproszone. Poniewa\u017c lubimy pomaga\u0107, co wida\u0107 w niezliczonych aktach zbierania \u015brodk\u00f3w na operacje dzieci za granic\u0105, dla ofiar powodzi czy po\u017car\u00f3w. Poniewa\u017c kochamy swoich bliskich. Poniewa\u017c chcemy im zapewni\u0107 jak najlepsze warunki \u017cycia i rozwoju. Poniewa\u017c&#8230;poniewa\u017c&#8230;poniewa\u017c&#8230;. Dlatego dzie\u0144 zbi\u00f3rki Orkiestry jest dniem kojarzonym z rado\u015bci\u0105. Z nadziej\u0105 na uratowanie \u017cycia &#8211; czego dowodem s\u0105 dzieci i osoby ju\u017c doros\u0142e, kt\u00f3re jako maluchy mia\u0142y okazj\u0119 skorzysta\u0107 ze sprz\u0119tu zakupionego przez WO\u015aP a teraz zbieraj\u0105 datki do kolorowych puszek, \u017ceby pomaga\u0107 innym. W ca\u0142ej Polsce ludzie graj\u0105 opowiadaj\u0105c ile dobrego ich spotka\u0142o dzi\u0119ki dzia\u0142aniom Jurka Owsiaka i Orkiestry.<br \/>\nA jednak przed niedzielnym orkiestrowym graniem pojawi\u0142y si\u0119 hejty, obrzydliwe ataki, haniebne s\u0142owa, obra\u017canie, l\u017cenie. Z tw\u00f3rcy projektu, kt\u00f3ry przyni\u00f3s\u0142 s\u0142u\u017cbie zdrowia 1 miliard!!! przez 27 lat grania, usi\u0142uj\u0105ce zrobi\u0107 bandziora i z\u0142odzieja, nawet &#8211; a w\u0142a\u015bciwie przede wszystkim &#8211; w tzw. publicznej tv. To walka dobra ze z\u0142em &#8211; od dawna takie wra\u017cenie ma wielu ludzi. Oczywi\u015bcie bez \u017cadnych w\u0105tpliwo\u015bci, \u017ce jasn\u0105 stron\u0105 jest Jurek Owsiak z Orkiestr\u0105 i wszystkimi graj\u0105cymi z nim, kt\u00f3rych s\u0105 miliony. Uosobieniem z\u0142a s\u0105 ci, kt\u00f3rzy nawo\u0142uj\u0105, \u017ceby nie pomaga\u0107. Ale je\u015bli trafi\u0105 do szpitala, z pewno\u015bci\u0105 ch\u0119tnie skorzystaj\u0105 ze sprz\u0119tu z naklejonym serduszkiem.<br \/>\nObrzydliwa wojna nienawidz\u0105cych si\u0119 plemion doprowadzi\u0142a do barbarzy\u0144skiego ataku. Po s\u0142owach &#8222;To cudowny czas dzielenia si\u0119 dobrem&#8221; zosta\u0142 zaatakowany prezydent Gda\u0144ska Pawe\u0142 Adamowicz. Przez bandyt\u0119, kt\u00f3ry niedawno opu\u015bci\u0142 wi\u0119zienie. Prezydent walczy o \u017cycie po pi\u0119ciogodzinnej operacji, wci\u0105\u017c stan jego jest bardzo, bardzo ci\u0119\u017cki. Mn\u00f3stwo ludzi oddaje krew, mieszka\u0144cy miasta gromadz\u0105 si\u0119 przed szpitalem, trzymaj\u0105 kciuki za niego, modl\u0105 si\u0119. Z ka\u017cdej strony s\u0142ycha\u0107, \u017ce zas\u0142uguje na to, bo jest dobrym cz\u0142owiekiem, oddany swojemu ukochanemu miastu i jego mieszka\u0144com, zawsze dost\u0119pny, otwarty na potrzeby ludzi, spiesz\u0105cy z pomoc\u0105.<br \/>\nNie tak dawno prezydent Adamowicz skar\u017cy\u0142 si\u0119 na mow\u0119 nienawi\u015bci, kt\u00f3ra dotkn\u0119\u0142a bezpo\u015brednio jego i kilku innych prezydent\u00f3w polskich miast w postaci &#8222;akt\u00f3w zgonu&#8221; wystawionych przez m\u0142odzie\u017c wszechpolsk\u0105. Prokuratura umorzy\u0142a \u015bledztwo, nie dopatrzy\u0142a si\u0119 nawo\u0142ywania do nienawi\u015bci, jedynie tylko wyra\u017cenia niezadowolenia. Od razu nast\u0119puje ci\u0105g skojarze\u0144 z np. wieszaniem zdj\u0119\u0107 europos\u0142\u00f3w na szubienicach, ze sformu\u0142owaniem typu &#8222;nie popieram ale rozumiem&#8221;, z atakiem na dziennikarza, kt\u00f3ry pokaza\u0142 neofaszyst\u00f3w \u015bwi\u0119tuj\u0105cych urodziny hitlera, z uniewinnianiem &#8222;m\u0142odzie\u017cy&#8221; bij\u0105cej kobiety za trzymanie bia\u0142ej r\u00f3\u017cy itp., itd. Znamy z historii &#8211; aby spo\u0142ecze\u0144stwo trzyma\u0107 w ryzach &#8211; trzeba kara\u0107, \u015bciga\u0107, n\u0119ka\u0107, straszy\u0107 ka\u017cdego, kto \u015bmie mie\u0107 inne pogl\u0105dy: dziennikarzy, pisarzy, lekarzy, prawnik\u00f3w, nauczycieli&#8230;<br \/>\nW\u0142adza znana z kart historii sk\u0142\u00f3ca ludzi, \u017cyje samym z\u0142em, karmi si\u0119 z\u0142ymi uczuciami, emocjami, nie potrafi istnie\u0107 w warunkach pokojowych, musi mie\u0107 konflikt, musi mie\u0107 wrog\u00f3w, bo tylko strachem &#8222;przed&#8221; i nienawi\u015bci\u0105 &#8222;do&#8221; trzyma w kupie swoich zwolennik\u00f3w. Takie post\u0119powanie za sob\u0105 poci\u0105ga nast\u0119pstwa. Mowa nienawi\u015bci staje si\u0119 codzienno\u015bci\u0105, ludzie na ni\u0105 oboj\u0119tniej\u0105, przyzwyczajaj\u0105 si\u0119. Politycy nie reaguj\u0105 na ostrze\u017cenia, \u017ce eskalowanie nienawi\u015bci prowadzi do przekroczenia masy krytycznej. Nie s\u0105 w stanie opami\u0119ta\u0107 si\u0119 i debata publiczna jest ska\u017cona plemiennym podej\u015bciem, potwory ziej\u0105ce nienawi\u015bci\u0105 (w rodzaju Krystyny P. i wielu, bardzo wielu innych) ciesz\u0105 si\u0119 uznaniem i &#8222;dzia\u0142aj\u0105&#8221; na pierwszej linii.<br \/>\nOsoby niezr\u00f3wnowa\u017cone psychicznie odbieraj\u0105 og\u00f3ln\u0105 atmosfer\u0119, odbieraj\u0105 to, co w u\u017cywanym j\u0119zyku jest dominant\u0105, a u nas nienawi\u015b\u0107 jest dominuj\u0105cym uczuciem na co dzie\u0144 wylewaj\u0105cym si\u0119 do nas z medi\u00f3w. Nawet gdy nienawidz\u0105cy pr\u00f3buj\u0105 uczucia ukry\u0107, czasem ujawniaj\u0105 si\u0119 one (jak w s\u0142ynnym wyst\u0105pieniu bez \u017cadnego trybu) bez os\u0142ony.<br \/>\nCzy kiedy\u015b zrozumiemy, my, dwa plemiona \u017cyj\u0105ce w kraju nad Wis\u0142\u0105, \u017ce j\u0119zyk zarzut\u00f3w wobec przeciwnika nie musi by\u0107 j\u0119zykiem nienawi\u015bci? \u017be mo\u017cemy si\u0119 spiera\u0107 u\u017cywaj\u0105c merytorycznych argument\u00f3w dla dobra nas wszystkich, a nie na zasadzie &#8222;ja mam racj\u0119 a potem cho\u0107by potop&#8221;?<br \/>\nChcia\u0142abym mie\u0107 nadziej\u0119, \u017ce trudna sytuacja mo\u017ce by\u0107 przyczynkiem do g\u0142\u0119bszej refleksji, \u017ce przyniesie opami\u0119tanie ale&#8230; mia\u0142am j\u0105 po \u015bmierci Karola Wojty\u0142y,\u00a0po katastrofie smole\u0144skiej&#8230; Kr\u00f3tko trwa\u0142a zgoda, szybko nienawi\u015b\u0107 plemienna wybuch\u0142a ze zdwojon\u0105 si\u0142\u0105.<br \/>\nJedynym \u015bwiate\u0142kiem jest w\u0142a\u015bnie \u015bwiate\u0142ko Orkiestry. Zbi\u00f3rka mimo wszystko, du\u017ca przekazana kwota, na kt\u00f3r\u0105 sk\u0142adaj\u0105 si\u0119 wi\u0119ksze i zupe\u0142nie drobne sumy z serca p\u0142yn\u0105ce, symbol czego\u015b najlepszego, co si\u0119 w Polsce dzieje.<\/p>\n<p>14.01.2019<\/p>\n<div id=\"posts-container\" class=\"body\">\n<div id=\"comments-list\" class=\"comments-list\">\n<ul>\n<li><a href=\"http:\/\/www.mycastle.blox.pl\/\">e.urlik<\/a> <time title=\"2019\/01\/14 18:21:56\" datetime=\"14.01.2019\">2 miesi\u0105ce temu<\/time>Chcia\u0142oby si\u0119 wykrzycze\u0107 wszystkie okropne rzeczy, kt\u00f3re przychodz\u0105 do g\u0142owy po tym co si\u0119 sta\u0142o. I obawiam si\u0119, \u017ce ci obrzydliwi ludzie zwal\u0105 wszystko na WO\u015aP i na Pana Owsiaka (wielki szacun), \u017ce to jego wina, bo nie dope\u0142ni\u0142 jaki\u015b obowi\u0105zk\u00f3w. To, \u017ce poda\u0142 si\u0119 do dymisji oznacza, \u017ce te wszystkie Paw\u0142owicz wygra\u0142y. \u017be wygra\u0142a opcja faszystowska i niewiele ju\u017c zosta\u0142o dla nas nadziei. A sprawca nie zostanie w\u0142a\u015bciwie os\u0105dzony.<br \/>\nAle z drugiej strony&#8230; mo\u017ce to b\u0119dzie punkt zwrotny. Mo\u017ce do ludzi dotrze wreszcie, kto jest winny sianiu nienawi\u015bci. Nie wiem, dlaczego czuj\u0119 si\u0119 tak podle, przecie\u017c jestem po jasnej stronie mocy \ud83d\ude41<\/li>\n<li><a href=\"http:\/\/www.blox.pl\/html?page=userProfilePreview&amp;username=fusilla\">fusilla<\/a> <time title=\"2019\/01\/14 19:34:21\" datetime=\"14.01.2019\">2 miesi\u0105ce temu<\/time>Czuj\u0119 z\u0142o\u015b\u0107 i smutek!<\/li>\n<li><a href=\"http:\/\/www.blox.pl\/html?page=userProfilePreview&amp;username=emma_b\">emma_b<\/a> <time title=\"2019\/01\/14 21:21:01\" datetime=\"14.01.2019\">2 miesi\u0105ce temu<\/time>te\u017c si\u0119 czuj\u0119 podle i w przeciwie\u0144stwie do Ewy wiem dlaczego:(<\/li>\n<li><a href=\"http:\/\/www.blox.pl\/html?page=userProfilePreview&amp;username=tessa37\">tessa37<\/a> <time title=\"2019\/01\/14 22:35:51\" datetime=\"14.01.2019\">2 miesi\u0105ce temu<\/time>Mnie sie nie zdarza, zeby mi slow braklo, ale&#8230;w\u0142a\u015bnie mi ich braklo:(<br \/>\nTo jaki\u015b koszmar jest i nie wiem co (poza sama tragedia) gorsze: prawicowy-dalszy hejt co poniekt\u00f3rych, czy ob\u0142uda innych&#8230;<\/li>\n<li><a href=\"http:\/\/www.blox.pl\/html?page=userProfilePreview&amp;username=kotimyszkot\">kotimyszkot<\/a> <time title=\"2019\/01\/14 23:15:55\" datetime=\"14.01.2019\">2 miesi\u0105ce temu<\/time>To jest koszmar, a\u017c si\u0119 wierzy\u0107 nie chce w to, co si\u0119 sta\u0142o i w to, co si\u0119 dzieje ze \u015bwiatem i z lud\u017ami \ud83d\ude41<\/li>\n<li><a href=\"http:\/\/niesfornedruty.blox.pl\/\">urszula97<\/a> <time title=\"2019\/01\/15 09:53:24\" datetime=\"15.01.2019\">2 miesi\u0105ce temu<\/time>Smutne,co wiecej napisa\u0107,odszed\u0142 Wielki Cz\u0142owiek a drugi chce opu\u015bci\u0107 WO\u015aP,a mo\u017ce ju\u017c ma dosy\u0107 hejt\u00f3w,mo\u017ce ju\u017c brak mu si\u0142 na walk\u0119 o ten piekny dzie\u0144?<\/li>\n<li><a href=\"http:\/\/www.blox.pl\/html?page=userProfilePreview&amp;username=45gogula\">45gogula<\/a> <time title=\"2019\/01\/15 10:02:00\" datetime=\"15.01.2019\">2 miesi\u0105ce temu<\/time>chcia\u0142oby si\u0119 powiedzie\u0107 &#8230;co to si\u0119 z lud\u017ami ostatnio porobi\u0142o? no zero logicznego wyt\u0142umaczenia&#8230;<\/li>\n<li><span class=\"guest\">Go\u015b\u0107: [annazadroza] <\/span><span class=\"host\">*.nat.umts.dynamic.t-mobile.pl<\/span> <time title=\"2019\/01\/17 08:23:21\" datetime=\"17.01.2019\">2 miesi\u0105ce temu<\/time>Ewo, Fusilko,Emmo, Tesso, Myszokocie, Urszulo, Gosiu &#8211; nawet &#8222;u\u015bmieszek&#8221; tu wydaje si\u0119 nie na miejscu.<br \/>\nDzi\u0119kuj\u0119 za s\u0142owa, zaledwie trzy dni min\u0119\u0142y od tamtego tragicznego w skutkach wieczoru, a zdaje si\u0119, \u017ce jeste\u015bmy w zupe\u0142nie innym \u015bwiecie. Patrz\u0105c na t\u0142umy gromadz\u0105ce si\u0119 w ca\u0142ej Polsce ze \u015bwiate\u0142kiem &#8211; po jasnej stronie mocy &#8211; mam nadziej\u0119, i\u017c takie potwory, takie &#8222;Paw\u0142owicze&#8221; nie mog\u0105 wygra\u0107.<\/li>\n<\/ul>\n<\/div>\n<\/div>\n<footer id=\"footer\" class=\"body\">\u00a9 Anna Blog<br \/>\n<a href=\"http:\/\/www.blox.pl\/html\"><img loading=\"lazy\" decoding=\"async\" src=\"http:\/\/biv.gazeta.pl\/css\/blox\/themes\/glowny\/images\/blox-logo.png\" width=\"25\" height=\"25\" \/><\/a><\/p>\n<\/footer>\n<div class=\"fcbkbttn_buttons_block\" id=\"fcbkbttn_middle\"><div class=\"fcbkbttn_like \"><fb:like href=\"https:\/\/annapisze.art\/?p=1297\" action=\"like\" colorscheme=\"light\" layout=\"box_count\"  size=\"small\"><\/fb:like><\/div><div class=\"fb-share-button  \" data-href=\"https:\/\/annapisze.art\/?p=1297\" data-type=\"button_count\" data-size=\"small\"><\/div><\/div>","protected":false},"excerpt":{"rendered":"<p>To mia\u0142 by\u0107 radosny wpis. Poniewa\u017c dzie\u0144 grania Orkiestry to dzie\u0144 rado\u015bci, fantastycznej atmosfery, poczucia wsp\u00f3lnoty, solidarno\u015bci, poczucia jedno\u015bci w pomaganiu, w mo\u017cliwo\u015bci zespolenia si\u0119 w dobrym, szczytnym celu dla ratowania \u017cycia i zdrowia dzieci, bezradnych, chorych male\u0144kich istotek. Poniewa\u017c &hellip; <a href=\"https:\/\/annapisze.art\/?p=1297\">Czytaj dalej <span class=\"meta-nav\">&rarr;<\/span><\/a><\/p>\n","protected":false},"author":1,"featured_media":0,"comment_status":"open","ping_status":"open","sticky":false,"template":"","format":"standard","meta":{"footnotes":""},"categories":[8],"tags":[],"class_list":["post-1297","post","type-post","status-publish","format-standard","hentry","category-mysle-sobie"],"_links":{"self":[{"href":"https:\/\/annapisze.art\/index.php?rest_route=\/wp\/v2\/posts\/1297","targetHints":{"allow":["GET"]}}],"collection":[{"href":"https:\/\/annapisze.art\/index.php?rest_route=\/wp\/v2\/posts"}],"about":[{"href":"https:\/\/annapisze.art\/index.php?rest_route=\/wp\/v2\/types\/post"}],"author":[{"embeddable":true,"href":"https:\/\/annapisze.art\/index.php?rest_route=\/wp\/v2\/users\/1"}],"replies":[{"embeddable":true,"href":"https:\/\/annapisze.art\/index.php?rest_route=%2Fwp%2Fv2%2Fcomments&post=1297"}],"version-history":[{"count":1,"href":"https:\/\/annapisze.art\/index.php?rest_route=\/wp\/v2\/posts\/1297\/revisions"}],"predecessor-version":[{"id":1298,"href":"https:\/\/annapisze.art\/index.php?rest_route=\/wp\/v2\/posts\/1297\/revisions\/1298"}],"wp:attachment":[{"href":"https:\/\/annapisze.art\/index.php?rest_route=%2Fwp%2Fv2%2Fmedia&parent=1297"}],"wp:term":[{"taxonomy":"category","embeddable":true,"href":"https:\/\/annapisze.art\/index.php?rest_route=%2Fwp%2Fv2%2Fcategories&post=1297"},{"taxonomy":"post_tag","embeddable":true,"href":"https:\/\/annapisze.art\/index.php?rest_route=%2Fwp%2Fv2%2Ftags&post=1297"}],"curies":[{"name":"wp","href":"https:\/\/api.w.org\/{rel}","templated":true}]}}