{"id":1281,"date":"2019-03-04T17:40:01","date_gmt":"2019-03-04T16:40:01","guid":{"rendered":"http:\/\/annapisze.art\/?p=1281"},"modified":"2019-03-04T17:40:01","modified_gmt":"2019-03-04T16:40:01","slug":"powiew","status":"publish","type":"post","link":"https:\/\/annapisze.art\/?p=1281","title":{"rendered":"Powiew"},"content":{"rendered":"<p>W Nowy Rok uwielbiam ogl\u0105da\u0107 koncert z Wiednia. Odk\u0105d tylko pami\u0119tam siadali\u015bmy z mam\u0105 i tat\u0105 przed telewizorem. Ju\u017c wtedy uwielbia\u0142am walce Straussa i jedno z moich najwi\u0119kszych marze\u0144 to by\u0142 taniec w pi\u0119knej d\u0142ugiej sukni na sali balowej. Jedno z drugim si\u0119 nie po\u0142\u0105czy\u0142o i pomimo wielu przeta\u0144czonych wieczor\u00f3w i nocek dawno temu &#8211; walc, suknia i sala balowa si\u0119 nie zgra\u0142y czasowo. Trudno, poczekam do nast\u0119pnego wcielenia;) Teraz ju\u017c bym nie da\u0142a rady wirowa\u0107 w walcu, zawr\u00f3t g\u0142owy nie pozwoli. Ogl\u0105da\u0107 jednak mog\u0119, z ogromn\u0105 przyjemno\u015bci\u0105 wi\u0119c patrzy\u0142am na cudown\u0105 sal\u0119, dekoracje z przepi\u0119knych kwiat\u00f3w, kt\u00f3ra co rok jest inna, r\u00f3wnie pi\u0119kna. Kryszta\u0142owe \u017cyrandole zwisaj\u0105ce ze zdobionego sufitu, balet wiede\u0144ski, film pokazuj\u0105cy zamki na Dunajem, polki, walce, tradycyjnie marsz Radetzkiego na zako\u0144czenie, przystojny pan dyrygent Christian Thielemann i orkiestra, kt\u00f3rej cz\u0142onkowie sprawiali wra\u017cenie, jakby si\u0119 dobrze bawili. Eh, Odczu\u0142am powiew dawnej Galicji, kiedy to &#8222;nasz cesarz&#8221; Franciszek J\u00f3zef spogl\u0105da\u0142 z portret\u00f3w w Krakowie na swoich poddanych. Ot, taki powiew historii przepe\u0142niony nostalgi\u0105&#8230;<\/p>\n<p>3.01.2019<\/p>\n<div id=\"posts-container\" class=\"body\">\n<div id=\"comments-list\" class=\"comments-list\">\n<ul>\n<li><a href=\"http:\/\/www.katarzyna.purgal@op.pl\/\">kasiapur<\/a> <time title=\"2019\/01\/03 14:58:21\" datetime=\"03.01.2019\">2 miesi\u0105ce temu<\/time>Anu\u015b, \u017ceby tak w rytmie walca p\u0142ynnie i romantycznie<br \/>\nwirowa\u0142 (oczywi\u015bcie bez zawrot\u00f3w g\u0142owy) ca\u0142y ten roczek&#8230;<br \/>\nChcia\u0142oby si\u0119 bardzo bardzo :)))<\/p>\n<p>Czasami wydaje mi si\u0119 \u017ce ta\u0144ce odzwierciedlaj\u0105 stan duchowy<br \/>\nspo\u0142ecze\u0144stwa &#8211; to wg mnie ,,marnie stoimy,,.<\/li>\n<li><a href=\"http:\/\/kolewoczy.blox.pl\/html\">kolewoczy<\/a> <time title=\"2019\/01\/03 14:58:31\" datetime=\"03.01.2019\">2 miesi\u0105ce temu<\/time>Powiew czy nie, muzka pi\u0119kna \ud83d\ude42 Thielemann chyba jednak za bardzo przystojny nie jest \ud83d\ude09 O, ten ejst przystojny, by\u0142am na jego koncercie na \u017cywo, ujmuj\u0105ca elegancja i temperament:\n<p><a href=\"http:\/\/www.michael-guettler.com\/10-1-photo.html\" rel=\"nofollow\">www.michael-guettler.com\/10-1-photo.html<\/a><\/li>\n<li><a href=\"http:\/\/www.blox.pl\/html?page=userProfilePreview&amp;username=fusilla\">fusilla<\/a> <time title=\"2019\/01\/03 17:05:28\" datetime=\"03.01.2019\">2 miesi\u0105ce temu<\/time>Nie wiem od ilu ju\u017c lat, chyba par\u0119 dziesi\u0105tek, pierwszy dzie\u0144 Nowego Roku bez Koncertu Wiede\u0144skiego by\u0142by dniem straconym!<\/li>\n<li><a href=\"http:\/\/www.blox.pl\/html?page=userProfilePreview&amp;username=annazadroza\">annazadroza<\/a> <time title=\"2019\/01\/03 17:12:57\" datetime=\"03.01.2019\">2 miesi\u0105ce temu<\/time>Kasiu:-) Oj, chcia\u0142oby si\u0119 przeta\u0144czy\u0107 ca\u0142\u0105 niejedn\u0105 noc&#8230; ale to ju\u017c by\u0142o i nie wr\u00f3ci wi\u0119cej&#8230; Ale teraz tak naprawd\u0119 to marzy mi si\u0119 rok nudny i spokojny, na to jednak nie ma szans.<br \/>\nOd czasu &#8222;Ta\u0144ca z gwiazdami&#8221; taniec sta\u0142 si\u0119 modny, s\u0105 szko\u0142y ta\u0144ca, nie jest ju\u017c obciachem w\u015br\u00f3d m\u0142odych ucz\u0119szcza\u0107 na takie zaj\u0119cia.<br \/>\nZa\u015b stan duchowy &#8211; nie myli\u0107 z duchownym &#8211; mo\u017ce si\u0119 troch\u0119 wznosi, wida\u0107 po zainteresowaniu tematyk\u0105 wprost przeciwn\u0105 do materializmu&#8230; Era Wodnika jest szans\u0105, cho\u0107 jeszcze na razie chamstwo z grubia\u0144stwem rz\u0105dz\u0105.<br \/>\nDobrego roku Kasie\u0144ko, lepszego ni\u017c miniony:)))<\/li>\n<li><a href=\"http:\/\/www.blox.pl\/html?page=userProfilePreview&amp;username=annazadroza\">annazadroza<\/a> <time title=\"2019\/01\/03 17:16:50\" datetime=\"03.01.2019\">2 miesi\u0105ce temu<\/time>Kolewoczy:-) Obejrza\u0142am, jest na kim oko zawiesi\u0107:) U\u017cy\u0142abym jednak okre\u015blenia &#8222;\u0142adny&#8221;, za\u015b tegorocznego mistrza jako &#8222;przystojnego&#8221;, m\u00f3g\u0142by gra\u0107 agenta 007.<br \/>\nOczywi\u015bcie to wizja subiektywna;)<\/li>\n<li><a href=\"http:\/\/www.blox.pl\/html?page=userProfilePreview&amp;username=annazadroza\">annazadroza<\/a> <time title=\"2019\/01\/03 17:26:16\" datetime=\"03.01.2019\">2 miesi\u0105ce temu<\/time>Fusilko:-) Ca\u0142kowicie si\u0119 z Tob\u0105 zgadzam, nawet po przeta\u0144czeniu ca\u0142ej nocki (to by\u0142o tak dawno, ze ho ho ) nie odpuszcza\u0142am. W tym roku zasiad\u0142am przed tv w towarzystwie pana szampana, bo o p\u00f3\u0142nocy ca\u0142y nie poszed\u0142, pewnie te\u017c czeka\u0142 na koncert;)<\/li>\n<li><a href=\"http:\/\/www.blox.pl\/html?page=userProfilePreview&amp;username=45gogula\">45gogula<\/a> <time title=\"2019\/01\/03 18:05:28\" datetime=\"03.01.2019\">2 miesi\u0105ce temu<\/time>Oj tak, ten koncert mimo pewnej powtarzalno\u015bci ca\u0142y czas jest magiczny, romantyczny i pobudzaj\u0105cy do marze\u0144.<\/li>\n<li><a href=\"http:\/\/www.blox.pl\/html?page=userProfilePreview&amp;username=kobietawbarwachjesieni\">kobietawbarwachjesieni<\/a> <time title=\"2019\/01\/03 19:58:30\" datetime=\"03.01.2019\">2 miesi\u0105ce temu<\/time>Tak kiedy\u015b lubi\u0142am ta\u0144czy\u0107, ale m\u00f3j m\u0105\u017c ta\u0144czy\u0107 nie lubi\u0142.<\/li>\n<li><a href=\"http:\/\/www.blox.pl\/html?page=userProfilePreview&amp;username=emma_b\">emma_b<\/a> <time title=\"2019\/01\/03 21:27:16\" datetime=\"03.01.2019\">2 miesi\u0105ce temu<\/time>ale\u017c Ty jeste\u015b romantyczna&#8230;wszystkiego najpi\u0119kniejszego w 2019 \u017cycz\u0119:)<\/li>\n<li><a href=\"http:\/\/www.blox.pl\/html?page=userProfilePreview&amp;username=mmzd\">mmzd<\/a> <time title=\"2019\/01\/04 00:14:39\" datetime=\"04.01.2019\">2 miesi\u0105ce temu<\/time>Oj tak !!! koncert z Wiednia to cudowne rozpocz\u0119cie Nowego Roku \ud83d\ude42<br \/>\nProsit Neujahr !!!<\/li>\n<li><a href=\"http:\/\/kolewoczy.blox.pl\/html\">kolewoczy<\/a> <time title=\"2019\/01\/04 08:06:40\" datetime=\"04.01.2019\">2 miesi\u0105ce temu<\/time>Nie umywa si\u0119 do Connery`ego \ud83d\ude09<\/li>\n<li><a href=\"http:\/\/www.blox.pl\/html?page=userProfilePreview&amp;username=annazadroza\">annazadroza<\/a> <time title=\"2019\/01\/04 16:31:53\" datetime=\"04.01.2019\">2 miesi\u0105ce temu<\/time>Gosiu:-) Tak, dzia\u0142a na wyobra\u017ani\u0119 i ma w sobie co\u015b magicznego, skoro od tylu lat jest transmitowany na ca\u0142y \u015bwiat i cieszy si\u0119 ogl\u0105dalno\u015bci\u0105.<\/li>\n<li><a href=\"http:\/\/www.blox.pl\/html?page=userProfilePreview&amp;username=annazadroza\">annazadroza<\/a> <time title=\"2019\/01\/04 16:33:30\" datetime=\"04.01.2019\">2 miesi\u0105ce temu<\/time>Marysiu:-) M\u00f3j te\u017c nie lubi, ale od czego byli s\u0105siedzi? Jest co wspomina\u0107:)<\/li>\n<li><a href=\"http:\/\/www.blox.pl\/html?page=userProfilePreview&amp;username=annazadroza\">annazadroza<\/a> <time title=\"2019\/01\/04 16:36:13\" datetime=\"04.01.2019\">2 miesi\u0105ce temu<\/time>Emmo:-) Moja wnuczka powiedzia\u0142a kiedy\u015b: babciu, ty jeste\u015b rosmantyczka:)))<br \/>\nDzi\u0119kuj\u0119, niech dla nas wszystkich b\u0119dzie lepszy od minionego:)<\/li>\n<li><a href=\"http:\/\/www.blox.pl\/html?page=userProfilePreview&amp;username=annazadroza\">annazadroza<\/a> <time title=\"2019\/01\/04 16:39:08\" datetime=\"04.01.2019\">2 miesi\u0105ce temu<\/time>Magdu\u015b:-) Szcz\u0119\u015bliwego dla Ciebie!!!<br \/>\nZobacz, co w tym jest, w koncercie znaczy, skoro ludzie przez tyle lat chc\u0105 tego pierwszego dnia Nowego Roku zasi\u0105\u015b\u0107 przed telewizorem, s\u0142ucha\u0107 i patrze\u0107. Prawdziwa magia. Bia\u0142a!<\/li>\n<li><a href=\"http:\/\/www.blox.pl\/html?page=userProfilePreview&amp;username=annazadroza\">annazadroza<\/a> <time title=\"2019\/01\/04 16:45:58\" datetime=\"04.01.2019\">2 miesi\u0105ce temu<\/time>Kolewoczy:-) Za \u017cadnym nie posz\u0142abym na kraj \u015bwiata;) I tak najbardziej by\u0142am zakochana w Winnetou i do tej pory mi nie przesz\u0142o, wi\u0119c ka\u017cdy jest na straconej pozycji;)<\/li>\n<li><a href=\"http:\/\/www.blox.pl\/html?page=userProfilePreview&amp;username=veanka\">veanka<\/a> <time title=\"2019\/01\/06 17:06:15\" datetime=\"06.01.2019\">2 miesi\u0105ce temu<\/time>Te\u017c ogl\u0105da\u0142am Noworoczny Koncert z Wiednia i dosz\u0142am do wniosku, ze jak relacjonowa\u0142 te koncerty Bogu\u015b Kaczy\u0144ski to mia\u0142y one podw\u00f3jny urok.<br \/>\nCo roku we wrze\u015bniu organizowa\u0142 w Krynicy Zdroju koncert Kiepurowski.<br \/>\nTo by\u0142a pere\u0142ka, nie wiem jakim cudem udawa\u0142o mu si\u0119 zaprosi\u0107 tak wielu znanych artyst\u00f3w.<br \/>\nTe dwa wieczory, to by\u0142o niesamowite prze\u017cycie&#8230;<\/li>\n<li><span class=\"guest\">Go\u015b\u0107: [annazadroza] <\/span><span class=\"host\">*.nat.umts.dynamic.t-mobile.pl<\/span> <time title=\"2019\/01\/07 13:28:24\" datetime=\"07.01.2019\">2 miesi\u0105ce temu<\/time>Veanko:-) No w\u0142a\u015bnie o tym zapomnia\u0142am napisa\u0107. Strrrasznie brak pana Bogusia, jego kultury, elokwencji, wiedzy tak ogromnej, \u017ce si\u0119 w komputerze nie mie\u015bci, anegdot opowiadanych ze swad\u0105 na temat ka\u017cdego utworu, artysty &#8211; tw\u00f3rcy i odtw\u00f3rcy &#8211; on wszystko wiedzia\u0142. Kiedy mu zabrano jego ukochane dziecko, czyli Krynic\u0119, to si\u0119 za\u0142ama\u0142 i ju\u017c z choroby nie wyszed\u0142. To jeden z nielicznych Ludzi przez du\u017ce &#8222;L&#8221;, kt\u00f3rzy nie s\u0105 do zast\u0105pienia.<\/li>\n<li><a href=\"http:\/\/www.blox.pl\/html?page=userProfilePreview&amp;username=krzysztof213\">krzysztof213<\/a> <time title=\"2019\/01\/08 18:39:55\" datetime=\"08.01.2019\">2 miesi\u0105ce temu<\/time>Powa\u017cn\u0105 muzyk\u0119 lubi\u0119 w nocy s\u0142ucha\u0107 jak si\u0119 dobrze smni mi \u015bpi przy niej<\/li>\n<li><a href=\"http:\/\/www.blox.pl\/html?page=userProfilePreview&amp;username=krzysztof213\">krzysztof213<\/a> <time title=\"2019\/01\/08 18:41:13\" datetime=\"08.01.2019\">2 miesi\u0105ce temu<\/time>Powa\u017cn\u0105 muzyk\u0119 lubi\u0119 w nocy s\u0142ucha\u0107 jak si\u0119 dobrze smni mi \u015bpi przy niej<\/li>\n<\/ul>\n<\/div>\n<\/div>\n<footer id=\"footer\" class=\"body\">\u00a9 Anna Blog<br \/>\n<a href=\"http:\/\/www.blox.pl\/html\"><img loading=\"lazy\" decoding=\"async\" src=\"http:\/\/biv.gazeta.pl\/css\/blox\/themes\/glowny\/images\/blox-logo.png\" width=\"25\" height=\"25\" \/><\/a><\/p>\n<\/footer>\n<div class=\"fcbkbttn_buttons_block\" id=\"fcbkbttn_middle\"><div class=\"fcbkbttn_like \"><fb:like href=\"https:\/\/annapisze.art\/?p=1281\" action=\"like\" colorscheme=\"light\" layout=\"box_count\"  size=\"small\"><\/fb:like><\/div><div class=\"fb-share-button  \" data-href=\"https:\/\/annapisze.art\/?p=1281\" data-type=\"button_count\" data-size=\"small\"><\/div><\/div>","protected":false},"excerpt":{"rendered":"<p>W Nowy Rok uwielbiam ogl\u0105da\u0107 koncert z Wiednia. Odk\u0105d tylko pami\u0119tam siadali\u015bmy z mam\u0105 i tat\u0105 przed telewizorem. Ju\u017c wtedy uwielbia\u0142am walce Straussa i jedno z moich najwi\u0119kszych marze\u0144 to by\u0142 taniec w pi\u0119knej d\u0142ugiej sukni na sali balowej. Jedno &hellip; <a href=\"https:\/\/annapisze.art\/?p=1281\">Czytaj dalej <span class=\"meta-nav\">&rarr;<\/span><\/a><\/p>\n","protected":false},"author":1,"featured_media":0,"comment_status":"open","ping_status":"open","sticky":false,"template":"","format":"standard","meta":{"footnotes":""},"categories":[8],"tags":[],"class_list":["post-1281","post","type-post","status-publish","format-standard","hentry","category-mysle-sobie"],"_links":{"self":[{"href":"https:\/\/annapisze.art\/index.php?rest_route=\/wp\/v2\/posts\/1281","targetHints":{"allow":["GET"]}}],"collection":[{"href":"https:\/\/annapisze.art\/index.php?rest_route=\/wp\/v2\/posts"}],"about":[{"href":"https:\/\/annapisze.art\/index.php?rest_route=\/wp\/v2\/types\/post"}],"author":[{"embeddable":true,"href":"https:\/\/annapisze.art\/index.php?rest_route=\/wp\/v2\/users\/1"}],"replies":[{"embeddable":true,"href":"https:\/\/annapisze.art\/index.php?rest_route=%2Fwp%2Fv2%2Fcomments&post=1281"}],"version-history":[{"count":2,"href":"https:\/\/annapisze.art\/index.php?rest_route=\/wp\/v2\/posts\/1281\/revisions"}],"predecessor-version":[{"id":1283,"href":"https:\/\/annapisze.art\/index.php?rest_route=\/wp\/v2\/posts\/1281\/revisions\/1283"}],"wp:attachment":[{"href":"https:\/\/annapisze.art\/index.php?rest_route=%2Fwp%2Fv2%2Fmedia&parent=1281"}],"wp:term":[{"taxonomy":"category","embeddable":true,"href":"https:\/\/annapisze.art\/index.php?rest_route=%2Fwp%2Fv2%2Fcategories&post=1281"},{"taxonomy":"post_tag","embeddable":true,"href":"https:\/\/annapisze.art\/index.php?rest_route=%2Fwp%2Fv2%2Ftags&post=1281"}],"curies":[{"name":"wp","href":"https:\/\/api.w.org\/{rel}","templated":true}]}}