{"id":1279,"date":"2019-03-04T17:38:07","date_gmt":"2019-03-04T16:38:07","guid":{"rendered":"http:\/\/annapisze.art\/?p=1279"},"modified":"2019-03-04T17:38:07","modified_gmt":"2019-03-04T16:38:07","slug":"a-moze-nie","status":"publish","type":"post","link":"https:\/\/annapisze.art\/?p=1279","title":{"rendered":"A  mo\u017ce nie?"},"content":{"rendered":"<p>Drugi dzie\u0144 nowego roku ma ju\u017c z g\u00f3rki, spieszy gdzie\u015b jak te z roku poprzedniego. Jak z noworocznymi postanowieniami, macie jakie\u015b? Szczerze m\u00f3wi\u0105c nigdy ich nie robi\u0142am. Zrzuci\u0107 par\u0119 kilo i tak trzeba, bez \u017cadnej specjalnej daty, ze wzgl\u0119d\u00f3w czysto praktycznych. Wczoraj wyka\u0144cza\u0142am wi\u0119c s\u0142odycze, \u017ceby mnie nie kusi\u0142y. Zosta\u0142 nam tylko jeszcze kolorowy serniczek na zimno, przy kt\u00f3rym z\u0142ama\u0142y si\u0119 dwie \u0142opatki do ciastek. Naprawd\u0119! Wcale nie jest z kamienia, mi\u0119ciutki, pyszny, rozp\u0142ywaj\u0105cy si\u0119 w ustach &#8211; ale co\u015b w sobie ma, jak\u0105\u015b moc;) Jedna \u0142opatka by\u0142a plastikowa, do\u0142\u0105czona do pojemnika do przechowywania ciast, wi\u0119c mog\u0142a si\u0119 z\u0142ama\u0107. Ale druga? Normalna, metalowa z plastikow\u0105 r\u0105czk\u0105 co prawda, ale taka porz\u0105dna;) Serniczek by\u0142 sobie w szklanym pojemniku, mam taki fajny z zamkni\u0119ciem (kt\u00f3re kiedy\u015b Browu\u015b m\u00f3j kochany napocz\u0105\u0142 i zosta\u0142y na nim \u015blady jego z\u0105bk\u00f3w), wygodnie go trzyma\u0107 w lod\u00f3wce. Sernik musi tam mieszka\u0107 dop\u00f3ki nie zostanie zjedzony, bo rozp\u0142yn\u0105\u0142by si\u0119 pod wp\u0142ywem ciep\u0142a, nie da si\u0119 go wyj\u0105\u0107 na talerz w ca\u0142o\u015bci.<br \/>\nZrobi\u0142am kilkukolorowy, pewnie dlatego rozdzielaj\u0105 si\u0119 poszczeg\u00f3lne kolory. Nast\u0119pnym razem zrobi\u0119 jednobarwny ale w\u0142o\u017c\u0119 mu do \u015brodka bakalie i pokrojone w kostk\u0119 stwardnia\u0142e kolorowe galaretki. B\u0119dzie pi\u0119kny. Z pewno\u015bci\u0105 nada si\u0119 na jak\u0105\u015b specjaln\u0105 okazj\u0119. Mo\u017ce na rocznic\u0119 \u015blubu? Zbli\u017ca si\u0119:) Jako ciekawostk\u0119 powiem, \u017ce moi rodzice brali \u015blub w ko\u015bci\u00f3\u0142ku w Tenczynku 21 stycznia 1948 roku, a my tego samego dnia tylko troch\u0119 p\u00f3\u017aniej;) I jeszcze Dzie\u0144 Babci zrobili tego dnia:)))<br \/>\nPrzepisywa\u0142am dane do nowego kalendarza i takie r\u00f3\u017cne daty mi si\u0119 przypomina\u0142y, sytuacje codzienne uwiecznione w kalendarzu, zapisane i dzi\u0119ki temu mo\u017cliwe do odtworzenia w my\u015blach. Jednak to co jest na papierze &#8211; zostaje, reszta ulatuje i znika. Poczyta\u0142am te\u017c r\u00f3\u017cne r\u00f3\u017cniste horoskopy na 2019 rok i w ka\u017cdym co innego. W jednym mnie strasz\u0105, w drugim obiecuj\u0105 du\u017ce pieni\u0105dze, w trzecim ka\u017c\u0105 si\u0119 rozwija\u0107 duchowo, w kt\u00f3rym\u015b kolejnym pracowa\u0107 nad sob\u0105 i okie\u0142zna\u0107 swoje l\u0119ki i emocje. Wi\u0119c nad tym si\u0119 zatrzyma\u0142am, bo od dawna pr\u00f3buj\u0119 to robi\u0107 z miernym skutkiem. Znaczy &#8211; mam co robi\u0107 i pod\u0105\u017cam w dobrym kierunku, tak trzyma\u0107. Wyczyta\u0142am te\u017c, \u017ce spotkam kogo\u015b, kto pomo\u017ce mi zrealizowa\u0107 plany, jakie od dawna mam i nie potrafi\u0119 sama do ko\u0144ca ich doprowadzi\u0107. Niestety nic bli\u017cszego, \u017cadnych wskaz\u00f3wek, gdzie szuka\u0107, jak rozpozna\u0107, wi\u0119c pewnie znowu przegapi\u0119 szans\u0119, buu&#8230;<br \/>\nA mo\u017ce nie?<\/p>\n<p>2.01.2019<\/p>\n<div id=\"posts-container\" class=\"body\">\n<div id=\"comments-list\" class=\"comments-list\">\n<ul>\n<li><span class=\"guest\">Go\u015b\u0107: [Obserwator] <\/span><span class=\"host\">*.nat.umts.dynamic.t-mobile.pl<\/span> <time title=\"2019\/01\/02 18:12:22\" datetime=\"02.01.2019\">2 miesi\u0105ce temu<\/time>Oby ten Rok by\u0142 lepszy od poprzedniego<\/li>\n<li><a href=\"http:\/\/www.blox.pl\/html?page=userProfilePreview&amp;username=annazadroza\">annazadroza<\/a> <time title=\"2019\/01\/02 19:28:03\" datetime=\"02.01.2019\">2 miesi\u0105ce temu<\/time>Obserwatorze:-) Witaj w Nowym Roku:) \u017bycz\u0119 Ci tego samego, niech b\u0119dzie lepszy:)))<\/li>\n<li><a href=\"http:\/\/www.blox.pl\/html?page=userProfilePreview&amp;username=45gogula\">45gogula<\/a> <time title=\"2019\/01\/02 20:28:01\" datetime=\"02.01.2019\">2 miesi\u0105ce temu<\/time>W TV powiedzieli fajn\u0105 rzecz. Na pytanie kiedy rezygnujemy z realizacji noworocznych postanowie\u0144? Najcz\u0119\u015bciej 1 stycznia po przebudzeniu. I chyba co\u015b w tym jest,wi\u0119c ja te\u017c nie robi\u0119 postanowie\u0144. Ju\u017c chyba dojad\u0142am to co mog\u0142oby kusi\u0107 i wracam do diet M.\u017b. A co do horoskop\u00f3w&#8230;no ok, to jak nie wiesz kto Ci pomo\u017ce to zapami\u0119taj w czym ma Ci pom\u00f3c i jak b\u0119dzie ju\u017c faza realizacji to b\u0119dzie TA osoba. Bo marzenie chyba masz?<\/li>\n<li><a href=\"http:\/\/kolewoczy.blox.pl\/html\">kolewoczy<\/a> <time title=\"2019\/01\/02 20:34:40\" datetime=\"02.01.2019\">2 miesi\u0105ce temu<\/time>\u015awi\u0105teczne jedzenie to ja dopiero zaczynam \ud83d\ude42<\/li>\n<li><a href=\"http:\/\/www.blox.pl\/html?page=userProfilePreview&amp;username=aga-joz\">aga-joz<\/a> <time title=\"2019\/01\/02 23:18:47\" datetime=\"02.01.2019\">2 miesi\u0105ce temu<\/time>Horoskopem si\u0119 nie przejmuj, one s\u0105 tak napisane, \u017ceby da\u0142o si\u0119 do wszystkiego dopasowa\u0107 (co prawda po czasie).<br \/>\nSmacznego po\u015bwi\u0105tecznie!<\/li>\n<li><a href=\"http:\/\/www.blox.pl\/html?page=userProfilePreview&amp;username=annazadroza\">annazadroza<\/a> <time title=\"2019\/01\/03 14:03:17\" datetime=\"03.01.2019\">2 miesi\u0105ce temu<\/time>Gosiu:-) Od dzi\u015b ju\u017c tak\u017ce na diet\u0119 M\u017b przesz\u0142am, od \u015bniadania. To jest najta\u0144sza dieta:)<br \/>\nA marzenia &#8211; pewnie, \u017ce mam, takie ca\u0142kiem realne s\u0105 ju\u017c teraz te moje marzenia. No, \u017ale powiedzia\u0142am, nie: realne, tylko: przyziemne, ale w sferze pragnie\u0144 do spe\u0142niana pozostaj\u0105.<\/li>\n<li><a href=\"http:\/\/www.blox.pl\/html?page=userProfilePreview&amp;username=annazadroza\">annazadroza<\/a> <time title=\"2019\/01\/03 14:06:04\" datetime=\"03.01.2019\">2 miesi\u0105ce temu<\/time>Kolewoczy:-) Ty masz do nadrobienia ca\u0142e zwyk\u0142e, \u015bwi\u0105teczne ob\u017carstwo:) Zatem smacznego:)))<\/li>\n<li><a href=\"http:\/\/www.blox.pl\/html?page=userProfilePreview&amp;username=annazadroza\">annazadroza<\/a> <time title=\"2019\/01\/03 14:11:22\" datetime=\"03.01.2019\">2 miesi\u0105ce temu<\/time>Ago:-) Gazetowych przepowiedni nikt chyba nie traktuje powa\u017cnie. Z ciekawo\u015bci\u0105 jednak czytam wypowiedzi prawdziwych astrolog\u00f3w. Du\u017co w tym roku si\u0119 na niebie b\u0119dzie dzia\u0142o co z pewno\u015bci\u0105 nie pozostanie bez wp\u0142ywu na nas, zamieszkuj\u0105cych planet\u0119 Ziemia.<br \/>\nDzi\u0119kuj\u0119, dojadanie zako\u0144czone i dieta M\u017b wchodzi do codziennego u\u017cytku. Jak d\u0142ugo &#8211; to si\u0119 oka\u017ce;)<\/li>\n<li><a href=\"http:\/\/www.blox.pl\/html?page=userProfilePreview&amp;username=emma_b\">emma_b<\/a> <time title=\"2019\/01\/03 21:24:16\" datetime=\"03.01.2019\">2 miesi\u0105ce temu<\/time>szkoda, \u017ce nie robisz zdj\u0119\u0107 &#8211; ten wielobarwny sernik musi by\u0107 pi\u0119kny.<\/li>\n<li><a href=\"http:\/\/www.blox.pl\/html?page=userProfilePreview&amp;username=kotimyszkot\">kotimyszkot<\/a> <time title=\"2019\/01\/03 21:34:28\" datetime=\"03.01.2019\">2 miesi\u0105ce temu<\/time>Te z\u0142amane na serniku \u0142opatki to by\u0142 znak \ud83d\ude09<br \/>\nMam nadziej\u0119, \u017ce w nowym roku ten wp\u0142yw na mieszka\u0144c\u00f3w Ziemi b\u0119dzie w wi\u0119kszo\u015bci pozytywny.. Nadziej\u0119 zawsze warto mie\u0107 \ud83d\ude42<\/li>\n<\/ul>\n<\/div>\n<\/div>\n<footer id=\"footer\" class=\"body\">\u00a9 Anna Blog<\/p>\n<\/footer>\n<div class=\"fcbkbttn_buttons_block\" id=\"fcbkbttn_middle\"><div class=\"fcbkbttn_like \"><fb:like href=\"https:\/\/annapisze.art\/?p=1279\" action=\"like\" colorscheme=\"light\" layout=\"box_count\"  size=\"small\"><\/fb:like><\/div><div class=\"fb-share-button  \" data-href=\"https:\/\/annapisze.art\/?p=1279\" data-type=\"button_count\" data-size=\"small\"><\/div><\/div>","protected":false},"excerpt":{"rendered":"<p>Drugi dzie\u0144 nowego roku ma ju\u017c z g\u00f3rki, spieszy gdzie\u015b jak te z roku poprzedniego. Jak z noworocznymi postanowieniami, macie jakie\u015b? Szczerze m\u00f3wi\u0105c nigdy ich nie robi\u0142am. Zrzuci\u0107 par\u0119 kilo i tak trzeba, bez \u017cadnej specjalnej daty, ze wzgl\u0119d\u00f3w czysto &hellip; <a href=\"https:\/\/annapisze.art\/?p=1279\">Czytaj dalej <span class=\"meta-nav\">&rarr;<\/span><\/a><\/p>\n","protected":false},"author":1,"featured_media":0,"comment_status":"open","ping_status":"open","sticky":false,"template":"","format":"standard","meta":{"footnotes":""},"categories":[8],"tags":[],"class_list":["post-1279","post","type-post","status-publish","format-standard","hentry","category-mysle-sobie"],"_links":{"self":[{"href":"https:\/\/annapisze.art\/index.php?rest_route=\/wp\/v2\/posts\/1279","targetHints":{"allow":["GET"]}}],"collection":[{"href":"https:\/\/annapisze.art\/index.php?rest_route=\/wp\/v2\/posts"}],"about":[{"href":"https:\/\/annapisze.art\/index.php?rest_route=\/wp\/v2\/types\/post"}],"author":[{"embeddable":true,"href":"https:\/\/annapisze.art\/index.php?rest_route=\/wp\/v2\/users\/1"}],"replies":[{"embeddable":true,"href":"https:\/\/annapisze.art\/index.php?rest_route=%2Fwp%2Fv2%2Fcomments&post=1279"}],"version-history":[{"count":1,"href":"https:\/\/annapisze.art\/index.php?rest_route=\/wp\/v2\/posts\/1279\/revisions"}],"predecessor-version":[{"id":1280,"href":"https:\/\/annapisze.art\/index.php?rest_route=\/wp\/v2\/posts\/1279\/revisions\/1280"}],"wp:attachment":[{"href":"https:\/\/annapisze.art\/index.php?rest_route=%2Fwp%2Fv2%2Fmedia&parent=1279"}],"wp:term":[{"taxonomy":"category","embeddable":true,"href":"https:\/\/annapisze.art\/index.php?rest_route=%2Fwp%2Fv2%2Fcategories&post=1279"},{"taxonomy":"post_tag","embeddable":true,"href":"https:\/\/annapisze.art\/index.php?rest_route=%2Fwp%2Fv2%2Ftags&post=1279"}],"curies":[{"name":"wp","href":"https:\/\/api.w.org\/{rel}","templated":true}]}}