{"id":1250,"date":"2019-03-04T16:53:12","date_gmt":"2019-03-04T15:53:12","guid":{"rendered":"http:\/\/annapisze.art\/?p=1250"},"modified":"2019-03-04T16:53:12","modified_gmt":"2019-03-04T15:53:12","slug":"wichrze-idz-precz","status":"publish","type":"post","link":"https:\/\/annapisze.art\/?p=1250","title":{"rendered":"Wichrze &#8211; id\u017a precz!"},"content":{"rendered":"<p>Zima zim\u0105 ale dlaczego tak pioru\u0144sko wieje? Ja si\u0119 na takie wietrzysko nie godz\u0119! W\u0142azi wsz\u0119dzie, lodowate to diabelstwo jakby z samej Syberii przylecia\u0142o, okropno\u015b\u0107! Katar mnie z\u0142apa\u0142, g\u0142owa p\u0119ka &#8211; wszystko przez ten zi\u0105b. Biedny M\u0105\u017c na oczy nie widzi od kataru, zakichany taki, a\u017c \u017cal patrze\u0107. Mimo to &#8211; nie siedzia\u0142am z za\u0142o\u017conymi r\u0119kami, szkoda mi czasu, bo skuba\u0144ca nijak si\u0119 dogoni\u0107 nie da. Zrobi\u0142am porz\u0105dki w du\u017cej szafie, schowa\u0142am letnie okrycia, wyci\u0105gn\u0119\u0142am zimowe kurtki, czapki, szaliki, r\u0119kawiczki i chusty. Poprzymierza\u0142am, zostawi\u0142am to, co na bie\u017c\u0105co do u\u017cywania si\u0119 nadaje, reszt\u0119 \u0142adnie posk\u0142ada\u0142am i w\u0142o\u017cy\u0142am do pude\u0142ek specjalnie w tym celu przytarganych z Biedronki i jest git &#8211; jak to si\u0119 kiedy\u015b m\u00f3wi\u0142o.<br \/>\nSkojarzenie &#8211; dawniej \u0142obuzy mia\u0142y sw\u00f3j kodeks honorowy, np. gitowcy swoich &#8211; czyli ze swojej ulicy &#8211; nie ruszali, mo\u017cna by\u0142o si\u0119 czu\u0107 bezpiecznie, nie to co dzi\u015b. W ka\u017cdym miejscu np. na dworcu, w galerii handlowej, na ulicy mo\u017cna spotka\u0107 psychola z no\u017cem. W\u0142a\u015bciwie id\u0105c po chleb mo\u017cna zgin\u0105\u0107 z r\u0105k zwyrodnialca jakiego\u015b. Niezbyt mi\u0142a perspektywa.<br \/>\nDzi\u015b jednak po chleb nie sz\u0142am i prze\u017cy\u0142am:) Jedynie z psami na chwil\u0119, bo na d\u0142u\u017cej si\u0119 nie da\u0142o przez ten wiatr. I dobrze, bo wi\u0119cej czasu na porz\u0105dki mia\u0142am. Je\u015bli mnie \u0142apie ch\u0119\u0107 sprz\u0105tania musz\u0119 natychmiast j\u0105 wykorzysta\u0107, bowiem sprz\u0105ta\u0107 nie lubi\u0119. Lubi\u0119 gotowa\u0107, wi\u0119c opr\u00f3cz uk\u0142adania (nie tylko garderoby, bo i toreb, torebek, szczotek do ubrania, do but\u00f3w, psich akcesori\u00f3w tudzie\u017c innych rozmaitych &#8222;przydasi\u00f3w&#8221;)<br \/>\nzaj\u0119\u0142am si\u0119 obiadem jednodaniowym w postaci groch\u00f3wki. Dobra wysz\u0142a:))) Jutro zrobi\u0119 blok kakaowy, ten czar PRL-u:) Ostatnio kilka razy robi\u0142am i smakowa\u0142. Przynajmniej wiem co tam jest, wi\u0119c mo\u017cna je\u015b\u0107 bezkarnie. Przypomnia\u0142am sobie jak mama robi\u0142a, wk\u0142ada\u0142a mas\u0119 do pojemniczk\u00f3w po serkach chyba, bo \u015bmietana wtedy by\u0142a w buteleczkach. A pod drzwi mleko w butelkach przychodzi\u0142o&#8230; Na Ursynowie mieli\u015bmy na parterze szafki, do kt\u00f3rych roznosiciel przynosi\u0142 mleko i bu\u0142ki&#8230; a ja m\u0142oda by\u0142am&#8230; taka chwila wspomnie\u0144&#8230;<br \/>\n\u017beby weekend nie up\u0142yn\u0105\u0142 tylko pod znakiem czasu przesz\u0142ego &#8211; \u017cycz\u0119, \u017ceby by\u0142 mi\u0142y, weso\u0142y i ciep\u0142y:)))<\/p>\n<p>30.11.2018<\/p>\n<div id=\"posts-container\" class=\"body\">\n<div id=\"comments-list\" class=\"comments-list\">\n<ul>\n<li><a href=\"http:\/\/www.blox.pl\/html?page=userProfilePreview&amp;username=kobietawbarwachjesieni\">kobietawbarwachjesieni<\/a> <time title=\"2018\/11\/30 20:05:06\" datetime=\"30.11.2018\">4 miesi\u0105ce temu<\/time>Kiedy\u015b te\u017c taki blok robi\u0142am, a dzi\u015b ju\u017c nie pami\u0119tam, jaki by\u0142 przepis. Jak mo\u017cesz, to go pode\u015blij. Mo\u017ce i ja zrobi\u0119. \u015aciskam.<\/li>\n<li><a href=\"http:\/\/www.blox.pl\/html?page=userProfilePreview&amp;username=emma_b\">emma_b<\/a> <time title=\"2018\/11\/30 20:17:42\" datetime=\"30.11.2018\">4 miesi\u0105ce temu<\/time>Aniu, je\u015bli ten blok robi\u0142a Twoja mama, to musisz by\u0107 w dalszym ci\u0105gu ca\u0142kiem m\u0142od\u0105 osob\u0105. sk\u0105d wi\u0119c te wnuki? zagadka:)<br \/>\nps. przypomnia\u0142am sobie, jak Wyborcza szuka\u0142a kiedy\u015b najm\u0142odszej babci w Polsce i znalaz\u0142a 34-latk\u0119.<\/li>\n<li><a href=\"http:\/\/www.blox.pl\/html?page=userProfilePreview&amp;username=fusilla\">fusilla<\/a> <time title=\"2018\/11\/30 20:25:20\" datetime=\"30.11.2018\">4 miesi\u0105ce temu<\/time>Tak\u0105 domow\u0105 cha\u0142w\u0119 te\u017c robi\u0142am, a teraz pa\u0142eczk\u0119 przej\u0119\u0142a C\u00f3rka-Wiewi\u00f3rka!<br \/>\nEch te dawne specyja\u0142y! \ud83d\ude09 Dobrze, \u017ce coraz cz\u0119\u015bciej na nie moda wraca!<\/li>\n<li><a href=\"http:\/\/www.blox.pl\/html?page=userProfilePreview&amp;username=krzysztof213\">krzysztof213<\/a> <time title=\"2018\/12\/01 08:41:53\" datetime=\"01.12.2018\">3 miesi\u0105ce temu<\/time>Tu \u017ce sztorm to wieje a tam.. Zmiany klimatu to ju\u017c si\u0119 sta\u0142o&#8230;<\/li>\n<li><a href=\"http:\/\/www.blox.pl\/html?page=userProfilePreview&amp;username=babciabezmohera\">babciabezmohera<\/a> <time title=\"2018\/12\/01 12:47:48\" datetime=\"01.12.2018\">3 miesi\u0105ce temu<\/time>U nas te\u017c wiatr si\u0119 za ko\u0142nierz wciska. No taka pora roku. Mi\u0142ego weekendu, dobrego tygodnia! \ud83d\ude42<\/li>\n<li><a href=\"http:\/\/www.blox.pl\/html?page=userProfilePreview&amp;username=annazadroza\">annazadroza<\/a> <time title=\"2018\/12\/03 07:32:06\" datetime=\"03.12.2018\">3 miesi\u0105ce temu<\/time>Marysiu:-) Jutro wstawi\u0119 przepis. Zrobi\u0142am wg nowego, ale stary by\u0142 lepszy. Poszukam i oba napisz\u0119.<br \/>\nTobie te\u017c mi\u0142ego tygodnia, spokojnego i bez wiatru:)))<\/li>\n<li><a href=\"http:\/\/www.blox.pl\/html?page=userProfilePreview&amp;username=annazadroza\">annazadroza<\/a> <time title=\"2018\/12\/03 07:34:51\" datetime=\"03.12.2018\">3 miesi\u0105ce temu<\/time>Emmo:-) Je\u015bli dodasz do najm\u0142odszej babci jeszcze trzydzie\u015bci i p\u00f3\u0142 &#8211; to b\u0119dzie akurat:)))<br \/>\nAle w g\u0142\u0119bi duszy nie wiem czy 18 przekroczy\u0142am, czasem mam w\u0105tpliwo\u015bci, \u017ceby nie to lustro;)))<\/li>\n<li><a href=\"http:\/\/www.blox.pl\/html?page=userProfilePreview&amp;username=annazadroza\">annazadroza<\/a> <time title=\"2018\/12\/03 07:37:39\" datetime=\"03.12.2018\">3 miesi\u0105ce temu<\/time>Fusilko:-) Jak dobrze mie\u0107 c\u00f3rk\u0119:)<br \/>\nZ takich pyszno\u015bci pami\u0119tam jeszcze andruty (wafle takie du\u017ce) z mas\u0105, kt\u00f3ra smakowa\u0142a jak orzechowa a by\u0142a z mas\u0142a, kakao, cukru i p\u0142atk\u00f3w owsianych. O, musz\u0119 zrobi\u0107, w\u0142a\u015bnie mi o tym przypomnia\u0142a\u015b:)))<\/li>\n<li><a href=\"http:\/\/www.blox.pl\/html?page=userProfilePreview&amp;username=annazadroza\">annazadroza<\/a> <time title=\"2018\/12\/03 07:38:51\" datetime=\"03.12.2018\">3 miesi\u0105ce temu<\/time>Krzysztof:-) Nie da si\u0119 ukry\u0107, \u017ce zmiany klimatu &#8211; przez ludzk\u0105 g\u0142upot\u0119 &#8211; mamy widoczne go\u0142ym okiem:(<\/li>\n<li><a href=\"http:\/\/www.blox.pl\/html?page=userProfilePreview&amp;username=annazadroza\">annazadroza<\/a> <time title=\"2018\/12\/03 07:43:38\" datetime=\"03.12.2018\">3 miesi\u0105ce temu<\/time>BBM:-) Dzi\u015b ju\u017c nie wieje, za to \u015blisko si\u0119 zrobi\u0142o strasznie. A wcale nie wida\u0107 tego, czarny chodnik i mo\u017cna si\u0119 nie\u017ale przejecha\u0107. Gdybym si\u0119 smyczy nie trzyma\u0142a to by\u0142oby kiepsko, ale psiaki mi pomog\u0142y pokona\u0107 najtrudniejszy odcinek.<br \/>\nDu\u017co spokoju i samych mi\u0142ych dni w tygodniu dla Ciebie:)))<\/li>\n<li><a href=\"http:\/\/www.blox.pl\/html?page=userProfilePreview&amp;username=45gogula\">45gogula<\/a> <time title=\"2018\/12\/03 13:55:26\" datetime=\"03.12.2018\">3 miesi\u0105ce temu<\/time>Przy wietrznej pogodzie zwyczajnie p\u0142acz\u0119 , nie to \u017ce jako\u015b szczeg\u00f3lnie mi smutno, wiatr wyciska \u0142zy i tyle, ale fakt &#8211; odczucie zimna dwukrotnie wi\u0119ksze&#8230;zdr\u00f3wka dla Was:)<\/li>\n<li><a href=\"http:\/\/www.blox.pl\/html?page=userProfilePreview&amp;username=emma_b\">emma_b<\/a> <time title=\"2018\/12\/03 18:58:48\" datetime=\"03.12.2018\">3 miesi\u0105ce temu<\/time>troch\u0119 mnie uspokoi\u0142a\u015b:) to musi by\u0107 bardzo fajne czu\u0107 si\u0119 wieczn\u0105 ma\u0142olat\u0105, zazdroszcz\u0119:)<\/li>\n<li><a href=\"http:\/\/www.blox.pl\/html?page=userProfilePreview&amp;username=annazadroza\">annazadroza<\/a> <time title=\"2018\/12\/04 13:53:22\" datetime=\"04.12.2018\">3 miesi\u0105ce temu<\/time>Gosiu:-) Nie znosz\u0119 takiego wiatru, co innego mi\u0142y, delikatny, lekki wietrzyk:) Bo co za du\u017co to niezdrowo, wiadomo. Dzi\u0119ki, Tobie tak\u017ce zdr\u00f3wka; i nie p\u0142acz &#8211; nawet przez wiatr:)<\/li>\n<li><a href=\"http:\/\/www.blox.pl\/html?page=userProfilePreview&amp;username=annazadroza\">annazadroza<\/a> <time title=\"2018\/12\/04 13:58:26\" datetime=\"04.12.2018\">3 miesi\u0105ce temu<\/time>Emmo:-) Fajnie by\u0142oby gdyby nie tylko dusza si\u0119 tak dobrze (chwilami) czu\u0142a ale i pow\u0142oka cielesna te\u017c, a ta cholera zacz\u0119\u0142a strajkowa\u0107;)<\/li>\n<\/ul>\n<\/div>\n<\/div>\n<footer id=\"footer\" class=\"body\">\u00a9 Anna Blog<br \/>\n<a href=\"http:\/\/www.blox.pl\/html\"><img loading=\"lazy\" decoding=\"async\" src=\"http:\/\/biv.gazeta.pl\/css\/blox\/themes\/glowny\/images\/blox-logo.png\" width=\"25\" height=\"25\" \/><\/a><\/p>\n<\/footer>\n<div class=\"fcbkbttn_buttons_block\" id=\"fcbkbttn_middle\"><div class=\"fcbkbttn_like \"><fb:like href=\"https:\/\/annapisze.art\/?p=1250\" action=\"like\" colorscheme=\"light\" layout=\"box_count\"  size=\"small\"><\/fb:like><\/div><div class=\"fb-share-button  \" data-href=\"https:\/\/annapisze.art\/?p=1250\" data-type=\"button_count\" data-size=\"small\"><\/div><\/div>","protected":false},"excerpt":{"rendered":"<p>Zima zim\u0105 ale dlaczego tak pioru\u0144sko wieje? Ja si\u0119 na takie wietrzysko nie godz\u0119! W\u0142azi wsz\u0119dzie, lodowate to diabelstwo jakby z samej Syberii przylecia\u0142o, okropno\u015b\u0107! Katar mnie z\u0142apa\u0142, g\u0142owa p\u0119ka &#8211; wszystko przez ten zi\u0105b. Biedny M\u0105\u017c na oczy nie &hellip; <a href=\"https:\/\/annapisze.art\/?p=1250\">Czytaj dalej <span class=\"meta-nav\">&rarr;<\/span><\/a><\/p>\n","protected":false},"author":1,"featured_media":0,"comment_status":"open","ping_status":"open","sticky":false,"template":"","format":"standard","meta":{"footnotes":""},"categories":[8],"tags":[],"class_list":["post-1250","post","type-post","status-publish","format-standard","hentry","category-mysle-sobie"],"_links":{"self":[{"href":"https:\/\/annapisze.art\/index.php?rest_route=\/wp\/v2\/posts\/1250","targetHints":{"allow":["GET"]}}],"collection":[{"href":"https:\/\/annapisze.art\/index.php?rest_route=\/wp\/v2\/posts"}],"about":[{"href":"https:\/\/annapisze.art\/index.php?rest_route=\/wp\/v2\/types\/post"}],"author":[{"embeddable":true,"href":"https:\/\/annapisze.art\/index.php?rest_route=\/wp\/v2\/users\/1"}],"replies":[{"embeddable":true,"href":"https:\/\/annapisze.art\/index.php?rest_route=%2Fwp%2Fv2%2Fcomments&post=1250"}],"version-history":[{"count":1,"href":"https:\/\/annapisze.art\/index.php?rest_route=\/wp\/v2\/posts\/1250\/revisions"}],"predecessor-version":[{"id":1251,"href":"https:\/\/annapisze.art\/index.php?rest_route=\/wp\/v2\/posts\/1250\/revisions\/1251"}],"wp:attachment":[{"href":"https:\/\/annapisze.art\/index.php?rest_route=%2Fwp%2Fv2%2Fmedia&parent=1250"}],"wp:term":[{"taxonomy":"category","embeddable":true,"href":"https:\/\/annapisze.art\/index.php?rest_route=%2Fwp%2Fv2%2Fcategories&post=1250"},{"taxonomy":"post_tag","embeddable":true,"href":"https:\/\/annapisze.art\/index.php?rest_route=%2Fwp%2Fv2%2Ftags&post=1250"}],"curies":[{"name":"wp","href":"https:\/\/api.w.org\/{rel}","templated":true}]}}