{"id":1216,"date":"2019-03-04T12:20:22","date_gmt":"2019-03-04T11:20:22","guid":{"rendered":"http:\/\/annapisze.art\/?p=1216"},"modified":"2019-03-04T12:20:22","modified_gmt":"2019-03-04T11:20:22","slug":"milego-dnia","status":"publish","type":"post","link":"https:\/\/annapisze.art\/?p=1216","title":{"rendered":"Mi\u0142ego dnia:)))"},"content":{"rendered":"<p>Pierwszy dzie\u0144 listopada to u nas \u015bwi\u0119to dodatkowe, urodziny babci D. Tak jej wypad\u0142o, cz\u0142owiek wp\u0142ywu nie ma na to, kiedy si\u0119 urodzi. Ma\u0142y zadzwoni\u0142 z \u017cyczeniami, nie mia\u0142 kiedy wpa\u015b\u0107, dopiero wieczorem wr\u00f3ci\u0142 do domu. Najwa\u017cniejszy go\u015b\u0107 &#8211; w\u0142a\u015bciwie go\u015bci\u00f3wa:) &#8211; przyby\u0142a, raczej zosta\u0142a przywieziona. Oczywi\u015bcie m\u00f3wi\u0119 o Calineczce:))) Poniewa\u017c \u015arednia spa\u0142a u nas, malutka z rado\u015bci\u0105 si\u0119 z ni\u0105 wita\u0142a. Rozczula mnie, jak ona<br \/>\nsi\u0119 cieszy na widok siostry, jak \u0142apki do niej wyci\u0105ga i gada po swojemu z u\u015bmiechni\u0119tym pysiem. By\u0142 dobry obiad, by\u0142 tort przywieziony przez dzieci (jaki dobry!!!), malutkiej smakowa\u0142y ziemniaki ze szpinakiem oraz ch\u0142odnik jagodowy, jad\u0142a i paluszkiem pokazywa\u0142a co chce m\u00f3wi\u0105c &#8222;daj mniam&#8221;:))) Skoro najwa\u017cniejszej go\u015bci\u00f3wie smakowa\u0142o, znaczy &#8211; by\u0142o dobre:)<br \/>\nBabcia D. by\u0142a zadowolona, nawet podzi\u0119kowa\u0142a mi za zorganizowanie przyj\u0119cia. Dobrze, \u017ce cho\u0107 czasem co\u015b sprawia jej przyjemno\u015b\u0107. W takich momentach zapominam o wszystkim co wyprawia na co dzie\u0144 i wci\u0105\u017c mam nadziej\u0119, \u017ce tak dobrze ju\u017c zostanie, cho\u0107 przecie\u017c wiem, \u017ce nie. Dzi\u015b z rana zn\u00f3w si\u0119 wkurzy\u0142am wewn\u0119trznie, bo musia\u0142am ca\u0142y \u017c\u00f3\u0142ty worek \u015bmieciowy, tzn. zawarto\u015b\u0107, wysypa\u0107 na bruk i przebiera\u0107 jak Kopciuszek, bo nawrzuca\u0142a tam ziemi, li\u015bci i ga\u0142\u0105zek. Nie jest w stanie si\u0119 nauczy\u0107 co gdzie wrzuci\u0107, cho\u0107 wystarczy spojrze\u0107 do \u015brodka, trzeba j\u0105 pilnowa\u0107. Ale ona &#8211; w tym szale\u0144stwie jest metoda &#8211; zawsze stara si\u0119 co\u015b zrobi\u0107 gdy nas nie ma.<br \/>\nZ wczoraj dobra wiadomo\u015b\u0107 taka, \u017ce w Piasecznie w drugiej turze a\u017c 70% by\u0142o przeciw pisowi. R\u00f3\u017cnica zasadnicza. I ciesz\u0119 si\u0119, \u017ce mieszka\u0144cy Krakowa okazali si\u0119 lokalnymi patriotami, jak zazwyczaj, i zag\u0142osowali za prof.Majchrowskim doceniaj\u0105c jego dzia\u0142ania na rzecz rozwoju i rozkwitu miasta. Wygrywali te\u017c \u00a0inni kandydaci nie zwi\u0105zani z partiami politycznymi. Jaka\u015b nadzieja si\u0119 rodzi, \u017ce niekt\u00f3rzy zaczynaj\u0105 widzie\u0107 dalej ni\u017c czubek w\u0142asnego nosa i dostrzegli widmo polexitu z jednej strony a nadci\u0105gaj\u0105cy cie\u0144 putina z drugiej. Wyb\u00f3r nale\u017cy do ka\u017cdego z nas, gdzie chcemy by\u0107. Ja chc\u0119 \u017cy\u0107 w Europie demokratycznej, kolorowej, r\u00f3\u017cnorodnej, tolerancyjnej, w kt\u00f3rej jest miejsce dla ka\u017cdego, w kt\u00f3rej mo\u017cna si\u0119 &#8222;pi\u0119knie r\u00f3\u017cni\u0107&#8221; jak to kto\u015b powiedzia\u0142. Nie chc\u0119, by w moim kraju panowa\u0142 jeden kolor. Zbli\u017cony do brunatnego. Wi\u0119c ciesz\u0119 si\u0119, \u017ce cz\u0119\u015bci rodak\u00f3w otwieraj\u0105 si\u0119 oczy na \u015bwiat. Mi\u0142ego dnia:)))<\/p>\n<p>5.11.2018<\/p>\n<div id=\"posts-container\" class=\"body\">\n<div id=\"comments-list\" class=\"comments-list\">\n<ul>\n<li><a href=\"http:\/\/www.blox.pl\/html?page=userProfilePreview&amp;username=kotimyszkot\">kotimyszkot<\/a> <time title=\"2018\/11\/05 11:11:21\" datetime=\"05.11.2018\">4 miesi\u0105ce temu<\/time>Przyda si\u0119 troch\u0119 optymizmu.. U\u015bmiechy urodzinowe dla babci D. oraz mi\u0142ego dnia i dla Ciebie \ud83d\ude42<\/li>\n<li><a href=\"http:\/\/www.kancelariawiejak.pl\/\">kuternoga85<\/a> <time title=\"2018\/11\/05 12:06:22\" datetime=\"05.11.2018\">4 miesi\u0105ce temu<\/time>sympatyczny wpis, pozdrawiam<\/li>\n<li><a href=\"http:\/\/www.blox.pl\/html?page=userProfilePreview&amp;username=annazadroza\">annazadroza<\/a> <time title=\"2018\/11\/05 12:44:13\" datetime=\"05.11.2018\">4 miesi\u0105ce temu<\/time>Myszokocie:-) Dzi\u0119kuj\u0119 w imieniu jubilatki, dostojnej zreszt\u0105, 86 lat:)))<\/li>\n<li><a href=\"http:\/\/www.blox.pl\/html?page=userProfilePreview&amp;username=annazadroza\">annazadroza<\/a> <time title=\"2018\/11\/05 12:54:19\" datetime=\"05.11.2018\">4 miesi\u0105ce temu<\/time>Kuternogo:-) Witam, dzi\u0119kuj\u0119 i zapraszam cz\u0119\u015bciej w wolniejszej chwili:)<\/li>\n<li><a href=\"http:\/\/www.blox.pl\/html?page=userProfilePreview&amp;username=45gogula\">45gogula<\/a> <time title=\"2018\/11\/05 14:28:02\" datetime=\"05.11.2018\">4 miesi\u0105ce temu<\/time>Jak s\u0142ucham powyborczych analiz to ka\u017cda partia &#8222;wygra\u0142a&#8221; ale zobaczymy jak to b\u0119dzie , mnie og\u00f3lnie r\u00f3wnie\u017c nastraja pozytywnie zw\u0142aszcza spr\u0119\u017cenie si\u0119 ludzi bo frekwencja naprawd\u0119 fajnie wygl\u0105da; pozdrawiam serdecznie :))<\/li>\n<li><a href=\"http:\/\/niesfornedruty.blox.pl\/\">urszula97<\/a> <time title=\"2018\/11\/05 17:20:50\" datetime=\"05.11.2018\">4 miesi\u0105ce temu<\/time>Sp\u00f3xnione \u017cyczenia dla babci,zdrowia przede wszystkim.<br \/>\nI u nas by\u0142a II tura.Teraz m\u0142odzi s\u0105 przy sterze,praktycznie wymieni si\u0119 90% UM,sitwa zosta\u0142a odsuni\u0119ta a oto chodzi\u0142o.Prezydent i v-ce s\u0105 bezpartyjni.<\/li>\n<li><a href=\"http:\/\/www.blox.pl\/html?page=userProfilePreview&amp;username=babciabezmohera\">babciabezmohera<\/a> <time title=\"2018\/11\/05 19:13:48\" datetime=\"05.11.2018\">4 miesi\u0105ce temu<\/time>Bardzo, bardzo si\u0119 ciesz\u0119!!! :)) Coraz wi\u0119cej nadziei!<br \/>\nZdrowia dla Jubilatki, si\u0142y i cierpliwo\u015bci dla Was . \ud83d\ude42<\/li>\n<li><a href=\"http:\/\/www.blox.pl\/html?page=userProfilePreview&amp;username=annazadroza\">annazadroza<\/a> <time title=\"2018\/11\/06 09:34:09\" datetime=\"06.11.2018\">4 miesi\u0105ce temu<\/time>Gosiu:-) Mnie cieszy, \u017ce ludzie potrafi\u0105 si\u0119 zmobilizowa\u0107, skrzykn\u0105\u0107 w swojej miejscowo\u015bci wbrew malkontentom i co\u015b dobrego zaproponowa\u0107 i nawet zrobi\u0107. Bez wzgl\u0119du na jakie\u015b partie albo i wbrew nim. W mojej kochanej Szczawnicy zn\u00f3w wygra\u0142 burmistrz spoza partii, kt\u00f3ry odmieni\u0142 miasteczko nie do poznania. Mog\u0119 tak m\u00f3wi\u0107, bo dzieje si\u0119 to na moich oczach, odk\u0105d tam 1-y raz pojecha\u0142am.<\/li>\n<li><a href=\"http:\/\/www.blox.pl\/html?page=userProfilePreview&amp;username=emma_b\">emma_b<\/a> <time title=\"2018\/11\/07 23:21:02\" datetime=\"07.11.2018\">4 miesi\u0105ce temu<\/time>powt\u00f3rz\u0119 za BBM: coraz wi\u0119cej nadziei&#8230;<br \/>\nsp\u00f3\u017anione \u017cyczenia dla Dostojnej Jubilatki!<\/li>\n<li><a href=\"http:\/\/www.blox.pl\/html?page=userProfilePreview&amp;username=annazadroza\">annazadroza<\/a> <time title=\"2018\/11\/08 16:38:02\" datetime=\"08.11.2018\">4 miesi\u0105ce temu<\/time>Emmo:-) Dzi\u0119kuj\u0119 w imieniu babci D. :)))<br \/>\nNadziej\u0119 i ja mam na obudzenie si\u0119 ze snu i zaprzestanie chocholego ta\u0144ca&#8230;<\/li>\n<\/ul>\n<\/div>\n<\/div>\n<footer id=\"footer\" class=\"body\">\u00a9 Anna Blog<br \/>\n<a href=\"http:\/\/www.blox.pl\/html\"><img loading=\"lazy\" decoding=\"async\" src=\"http:\/\/biv.gazeta.pl\/css\/blox\/themes\/glowny\/images\/blox-logo.png\" width=\"25\" height=\"25\" \/><\/a><\/p>\n<\/footer>\n<div class=\"fcbkbttn_buttons_block\" id=\"fcbkbttn_middle\"><div class=\"fcbkbttn_like \"><fb:like href=\"https:\/\/annapisze.art\/?p=1216\" action=\"like\" colorscheme=\"light\" layout=\"box_count\"  size=\"small\"><\/fb:like><\/div><div class=\"fb-share-button  \" data-href=\"https:\/\/annapisze.art\/?p=1216\" data-type=\"button_count\" data-size=\"small\"><\/div><\/div>","protected":false},"excerpt":{"rendered":"<p>Pierwszy dzie\u0144 listopada to u nas \u015bwi\u0119to dodatkowe, urodziny babci D. Tak jej wypad\u0142o, cz\u0142owiek wp\u0142ywu nie ma na to, kiedy si\u0119 urodzi. Ma\u0142y zadzwoni\u0142 z \u017cyczeniami, nie mia\u0142 kiedy wpa\u015b\u0107, dopiero wieczorem wr\u00f3ci\u0142 do domu. Najwa\u017cniejszy go\u015b\u0107 &#8211; w\u0142a\u015bciwie &hellip; <a href=\"https:\/\/annapisze.art\/?p=1216\">Czytaj dalej <span class=\"meta-nav\">&rarr;<\/span><\/a><\/p>\n","protected":false},"author":1,"featured_media":0,"comment_status":"open","ping_status":"open","sticky":false,"template":"","format":"standard","meta":{"footnotes":""},"categories":[8],"tags":[],"class_list":["post-1216","post","type-post","status-publish","format-standard","hentry","category-mysle-sobie"],"_links":{"self":[{"href":"https:\/\/annapisze.art\/index.php?rest_route=\/wp\/v2\/posts\/1216","targetHints":{"allow":["GET"]}}],"collection":[{"href":"https:\/\/annapisze.art\/index.php?rest_route=\/wp\/v2\/posts"}],"about":[{"href":"https:\/\/annapisze.art\/index.php?rest_route=\/wp\/v2\/types\/post"}],"author":[{"embeddable":true,"href":"https:\/\/annapisze.art\/index.php?rest_route=\/wp\/v2\/users\/1"}],"replies":[{"embeddable":true,"href":"https:\/\/annapisze.art\/index.php?rest_route=%2Fwp%2Fv2%2Fcomments&post=1216"}],"version-history":[{"count":1,"href":"https:\/\/annapisze.art\/index.php?rest_route=\/wp\/v2\/posts\/1216\/revisions"}],"predecessor-version":[{"id":1217,"href":"https:\/\/annapisze.art\/index.php?rest_route=\/wp\/v2\/posts\/1216\/revisions\/1217"}],"wp:attachment":[{"href":"https:\/\/annapisze.art\/index.php?rest_route=%2Fwp%2Fv2%2Fmedia&parent=1216"}],"wp:term":[{"taxonomy":"category","embeddable":true,"href":"https:\/\/annapisze.art\/index.php?rest_route=%2Fwp%2Fv2%2Fcategories&post=1216"},{"taxonomy":"post_tag","embeddable":true,"href":"https:\/\/annapisze.art\/index.php?rest_route=%2Fwp%2Fv2%2Ftags&post=1216"}],"curies":[{"name":"wp","href":"https:\/\/api.w.org\/{rel}","templated":true}]}}