{"id":1183,"date":"2019-03-04T10:38:49","date_gmt":"2019-03-04T09:38:49","guid":{"rendered":"http:\/\/annapisze.art\/?p=1183"},"modified":"2019-03-04T10:38:49","modified_gmt":"2019-03-04T09:38:49","slug":"ratuj-tuje","status":"publish","type":"post","link":"https:\/\/annapisze.art\/?p=1183","title":{"rendered":"Ratuj tuje"},"content":{"rendered":"<p>Korzystam z pogody i pr\u00f3buj\u0119 Szilk\u0119 oraz Skitsa wyci\u0105ga\u0107 po po\u0142udniu na d\u0142u\u017cszy spacer, im si\u0119 przyda i mnie te\u017c. Wieczorem ju\u017c ciemno, nie chce im si\u0119 chodzi\u0107. Z jeszcze innego powodu te\u017c &#8211; po ostatnim spacerku czeka na nie pe\u0142na micha:) W ci\u0105gu dnia maj\u0105 w swoich miseczkach kulki (= sucha karma) gdyby zg\u0142odnia\u0142y, ale najbardziej liczy si\u0119 to, co dostan\u0105 wieczorem. Nic dziwnego, \u017ce nie maj\u0105 ochoty i\u015b\u0107 daleko, szczeg\u00f3lnie gdy M\u0105\u017c sam z nimi wychodzi. My\u015bl\u0105 sobie pewnie, \u017ce ja w\u0142a\u015bnie w tej chwili szykuj\u0119 im pyszne jedzenie, no to biegiem trzeba do domu;))) W razie nag\u0142ej potrzeby mo\u017cna przecie\u017c wyj\u015b\u0107 do ogr\u00f3dka (Skitek, Szilka jest na to za porz\u0105dna).<br \/>\nA w ogr\u00f3dku dzikie wino zmienia kolor na purpurowy i w zestawieniu z zieleni\u0105 pozosta\u0142ych li\u015bci wygl\u0105da ob\u0142\u0119dnie. Groszki jeszcze kwitn\u0105, pelargonie te\u017c, rozchodniki przetrzyma\u0142y nawet przydeptywane przez Skitsa, kt\u00f3ry poza ogrodzeniem jest cichy i bezwonny, i boi si\u0119 wszystkiego, natomiast za siatk\u0105, &#8222;na w\u0142o\u015bciach&#8221; udaje bohatera i gro\u017anego psa oszczekuj\u0105c przechodz\u0105cych. Tratuje przy tym kwiatki rosn\u0105ce (tzn. mia\u0142y rosn\u0105\u0107) obok p\u0142otu.T<span style=\"font-size: 0.875em; line-height: 1.5;\">uje tylko jako\u015b marniej\u0105 i schn\u0105 od \u015brodka. Nie wiem, czy to w zwi\u0105zku z ciep\u0142ym, d\u0142ugim latem? Mo\u017ce maj\u0105 za sucho? Szkoda by ich by\u0142o, bo tworz\u0105 ochron\u0119 i oddzielaj\u0105 ogr\u00f3dek od uliczki. Dzi\u0119ki nim nas nie wida\u0107 i mo\u017cna si\u0119 swobodnie czu\u0107. Mam naw\u00f3z, podsypi\u0119, podlej\u0119 i mo\u017ce pomo\u017ce?\u00a0<\/span><\/p>\n<p><span style=\"font-size: 0.875em; line-height: 1.5;\">Nie wiem czemu mi si\u0119 litery zmniejszy\u0142y, czary czy co?<\/span><\/p>\n<p>11.10.2018<\/p>\n<div id=\"posts-container\" class=\"body\">\n<div id=\"comments-list\" class=\"comments-list\">\n<ul>\n<li><span class=\"guest\"><a href=\"http:\/\/polskie-ogloszenia.pl\/\">Go\u015b\u0107: [Ania z Polskie-Ogloszenia.PL]<\/a> <\/span><span class=\"host\">*.free.aero2.net.pl<\/span> <time title=\"2018\/10\/11 21:52:38\" datetime=\"11.10.2018\">5 miesi\u0119cy temu<\/time>Tez lubie te drzewa ..\n<p>Ania z Polskie-Ogloszenia.PL<\/li>\n<li><span class=\"guest\"><a href=\"http:\/\/polskie-ogloszenia.pl\/\">Go\u015b\u0107: [Ania z Polskie-Ogloszenia.PL]<\/a> <\/span><span class=\"host\">*.free.aero2.net.pl<\/span> <time title=\"2018\/10\/11 21:57:41\" datetime=\"11.10.2018\">5 miesi\u0119cy temu<\/time>Podpowiem Ci : przysyp grubo kora iglasta na 10 cm grubo [do kupienia w sklepie ogrodniczym lub mozna przywiezc z lasu z wyrebu] (trzyma wilgoc w korzeniach) i dodatkowo poloz grube kamienie wokol drzewek takie z 5-10 cm srednicy [zbieraja wilgoc].. i juz nie trzeba nawet w lecie podlewac..\n<p>Ja tak mam zrobione ..<\/p>\n<p>Ania z Polskie-Ogloszenia.PL<\/li>\n<li><a href=\"http:\/\/www.blox.pl\/html?page=userProfilePreview&amp;username=annazadroza\">annazadroza<\/a> <time title=\"2018\/10\/11 22:02:36\" datetime=\"11.10.2018\">5 miesi\u0119cy temu<\/time>Aniu:-) Dzi\u0119kuj\u0119 za rad\u0119. Szkoda by\u0142oby ich, iglaczk\u00f3w, bardzo. Pozdrawiam:)))<\/li>\n<li><a href=\"http:\/\/www.blox.pl\/html?page=userProfilePreview&amp;username=45gogula\">45gogula<\/a> <time title=\"2018\/10\/12 09:36:44\" datetime=\"12.10.2018\">5 miesi\u0119cy temu<\/time>zdecydowanie du\u017co kory ale najpierw porz\u0105dnie podla\u0107 , potem w razie potrzeby, gdyby listopad te\u017c by\u0142 suchy pola\u0107 przed zim\u0105 &#8230;zdecydowanie za sucho maj\u0105; i jeszcze &#8230;m\u00f3j futrzak te\u017c na podw\u00f3rku bohater a poza &#8230;pies zaczepno-obronny- on zaczepia a ja broni\u0119 :)))<\/li>\n<li><a href=\"http:\/\/www.dotykbolu.blox.pl\/\">bognna<\/a> <time title=\"2018\/10\/12 09:51:24\" datetime=\"12.10.2018\">5 miesi\u0119cy temu<\/time>Wielkosc liter mozesz &#8222;czarowac&#8221; sama. Z cala pewnoscia w starej wersji bloxa.<\/li>\n<li><a href=\"http:\/\/www.blox.pl\/html?page=userProfilePreview&amp;username=babciabezmohera\">babciabezmohera<\/a> <time title=\"2018\/10\/12 11:47:20\" datetime=\"12.10.2018\">5 miesi\u0119cy temu<\/time>U mnie te\u017c tuja rdzewieje. Suche lato to najbardziej prawdopodobna przyczyna.<\/li>\n<li><a href=\"http:\/\/niesfornedruty.blox.pl\/\">urszula97<\/a> <time title=\"2018\/10\/12 13:29:39\" datetime=\"12.10.2018\">5 miesi\u0119cy temu<\/time>Szkoda tui ,ja nie mam na dzia\u0142ce ale widzia\u0142am jak niekt\u00f3rzy latem szlauchem oblewali tuje w ca\u0142o\u015bci,inni jako\u015b wycinaj\u0105 suche ga\u0142\u0119zie i krzew odbija na nowo,<\/li>\n<li><a href=\"http:\/\/www.mycastle.blox.pl\/\">e.urlik<\/a> <time title=\"2018\/10\/12 13:35:23\" datetime=\"12.10.2018\">5 miesi\u0119cy temu<\/time>Mam na dzia\u0142ce dziesi\u0105tki sosen. One teraz zaczynaj\u0105 br\u0105zowie\u0107 lekko na zim\u0119. Mo\u017ce tuje te\u017c tak maj\u0105? U mnie to opr\u00f3cz sosen raczej cyprysy, s\u0105 bardziej odporne na upa\u0142y. Tak czy inaczej podla\u0107 przed zim\u0105 i tak trzeba i to du\u017co, bo znowu jest nieziemsko sucho \ud83d\ude41 W zesz\u0142ym roku na pobliskim cmentarzu wiele tui (tuj?) usch\u0142o, nie wiadomo dlaczego&#8230;<\/li>\n<li><a href=\"http:\/\/www.blox.pl\/html?page=userProfilePreview&amp;username=krzysztof213\">krzysztof213<\/a> <time title=\"2018\/10\/12 17:36:02\" datetime=\"12.10.2018\">5 miesi\u0119cy temu<\/time>Pozdrawiam<\/li>\n<li><a href=\"http:\/\/www.blox.pl\/html?page=userProfilePreview&amp;username=annazadroza\">annazadroza<\/a> <time title=\"2018\/10\/12 18:36:38\" datetime=\"12.10.2018\">5 miesi\u0119cy temu<\/time>Gogulko:-) Tak my\u015bla\u0142am, \u017ceby w weekend wielkie podlewanie zrobi\u0107. A mog\u0105 by\u0107 drobno poci\u0119te patyczki zamiast kory? Na razie, bo tego mam du\u017co pod r\u0119k\u0105, kor\u0119 dopiero trzeba kupi\u0107.<br \/>\nSkitu\u015b nawet si\u0119 broni\u0107 nie da, bo jest pioru\u0144sko silny i jak si\u0119 przestraszy, ledwo dwoma r\u0119kami go utrzyma\u0107 mog\u0119 i lec\u0119 na drugim ko\u0144cu sznurka;)))<\/li>\n<li><a href=\"http:\/\/www.blox.pl\/html?page=userProfilePreview&amp;username=annazadroza\">annazadroza<\/a> <time title=\"2018\/10\/12 18:41:41\" datetime=\"12.10.2018\">5 miesi\u0119cy temu<\/time>Bognna:-) Normalnie ju\u017c wiem jak regulowa\u0107 wielko\u015b\u0107 liter, tutaj mi si\u0119 wymyka spod kontroli jak np. cofn\u0119 tekst, albo nie wiem co z nim zrobi\u0119, bo nagle si\u0119 &#8222;robi co\u015b samo&#8221; daj\u0105c do zrozumienia, \u017ce jeszcze daleka droga przede mn\u0105;)))<\/li>\n<li><a href=\"http:\/\/www.blox.pl\/html?page=userProfilePreview&amp;username=annazadroza\">annazadroza<\/a> <time title=\"2018\/10\/12 18:44:47\" datetime=\"12.10.2018\">5 miesi\u0119cy temu<\/time>BBM:-) Pomy\u015bla\u0142am, \u017ce mog\u0142y si\u0119 os\u0142abi\u0107, bo jak\u0105\u015b olbrzymi\u0105 ilo\u015b\u0107 ma\u0142ych szyszeczek maj\u0105, a\u017c do przesady. Oberwa\u0142abym te nasionka, tylko s\u0105 na samej g\u00f3rze, a drzewka uros\u0142y sporo przez 8 lat, sadzi\u0142am je dok\u0142adnie w dzie\u0144 katastrofy smole\u0144skiej, tak wysz\u0142o.<\/li>\n<li><a href=\"http:\/\/www.blox.pl\/html?page=userProfilePreview&amp;username=annazadroza\">annazadroza<\/a> <time title=\"2018\/10\/12 18:52:38\" datetime=\"12.10.2018\">5 miesi\u0119cy temu<\/time>Urszulko:-) One z wierzchu wygl\u0105daj\u0105 \u0142adnie, ale jak si\u0119 poruszy, to lec\u0105 ze \u015brodka \u017c\u00f3\u0142te igie\u0142ki i drobne ga\u0142\u0105zki w ogromnych ilo\u015bciach. Naw\u00f3z jesienny mam, podsypi\u0119, podlej\u0119 i dalej b\u0119d\u0119 post\u0119powa\u0107 wed\u0142ug rad. Zobaczymy co si\u0119 zadzieje. Czy w og\u00f3le co\u015b;)))<\/li>\n<li><a href=\"http:\/\/www.blox.pl\/html?page=userProfilePreview&amp;username=annazadroza\">annazadroza<\/a> <time title=\"2018\/10\/12 19:06:13\" datetime=\"12.10.2018\">5 miesi\u0119cy temu<\/time>Ewuniu:-) Napisz: iglak\u00f3w;) Moja kole\u017canka Jadzia mawia\u0142a: je\u015bli nie wiesz jak si\u0119 pisze wtorek, pisz \u015broda;)))<br \/>\n\u017be podla\u0107 trzeba, to wiem. Ale chyba nie powinny \u017c\u00f3\u0142kn\u0105\u0107 bez powodu. A mo\u017ce one \u017c\u00f3\u0142kn\u0105 ze z\u0142o\u015bci?:)))<\/li>\n<li><a href=\"http:\/\/www.mycastle.blox.pl\/\">e.urlik<\/a> <time title=\"2018\/10\/12 19:15:18\" datetime=\"12.10.2018\">5 miesi\u0119cy temu<\/time>Ania, jeste\u015b dla mnie kopalni\u0105 zupe\u0142nie dla mnie nowych, nieznanych dot\u0105d fakt\u00f3w i dzia\u0142a\u0144. Gdzie by\u0142a\u015b ca\u0142e moje \u017cycie, powinna\u015b zawsze mnie prowadzi\u0107 prost\u0105 drog\u0105, a ja przez lata b\u0142\u0105dzi\u0142am w ciemno\u015bciach :-)))<br \/>\nTuje s\u0105 wbrew pozorom niezbyt wytrzyma\u0142e na ekstremalne warunki. Mo\u017ce woda je ura-tuje.<\/li>\n<li><a href=\"http:\/\/www.blox.pl\/html?page=userProfilePreview&amp;username=annazadroza\">annazadroza<\/a> <time title=\"2018\/10\/12 19:29:46\" datetime=\"12.10.2018\">5 miesi\u0119cy temu<\/time>Krzysztof:-) Dzi\u0119ki i wzajemnie, i korzystania z pi\u0119knej pogody:)))<\/li>\n<li><a href=\"http:\/\/www.blox.pl\/html?page=userProfilePreview&amp;username=emma_b\">emma_b<\/a> <time title=\"2018\/10\/12 21:41:31\" datetime=\"12.10.2018\">5 miesi\u0119cy temu<\/time>te\u017c mam dzikie wino, kt\u00f3re jest teraz bajecznie kolorowe. pa\u017adziernik to najpi\u0119kniejszy miesi\u0105c w roku.<\/li>\n<li><a href=\"http:\/\/www.blox.pl\/html?page=userProfilePreview&amp;username=45gogula\">45gogula<\/a> <time title=\"2018\/10\/13 10:10:50\" datetime=\"13.10.2018\">5 miesi\u0119cy temu<\/time>Tak Anno, mo\u017cna si\u0119 posi\u0142kowa\u0107 drobno poci\u0119tymi ga\u0142\u0105zkami<\/li>\n<li><a href=\"http:\/\/www.blox.pl\/html?page=userProfilePreview&amp;username=krzysztof213\">krzysztof213<\/a> <time title=\"2018\/10\/14 10:09:10\" datetime=\"14.10.2018\">5 miesi\u0119cy temu<\/time>Nie znasz si\u0119 na tak bardzo ma kwiatach wi\u0119c nic nie pomog\u0119 .<br \/>\nTylko ja fan ps\u00f3w ku\u017awa wczoraj takie wiadomo\u015bci ze ku\u017awa smutne.<br \/>\nA tak valjean4547_szary na Instagramie<\/li>\n<li><a href=\"http:\/\/www.blox.pl\/html?page=userProfilePreview&amp;username=annazadroza\">annazadroza<\/a> <time title=\"2018\/10\/15 16:40:21\" datetime=\"15.10.2018\">5 miesi\u0119cy temu<\/time>Gosiu:-) Dzi\u0119ki, poci\u0119\u0142am na drobno, babcia D. te\u017c przy tym pracowa\u0142a ochoczo, cz\u0119\u015b\u0107 zrobi\u0142am. Jutro o dalsze zadbam, mo\u017ce drzewka jako\u015b si\u0119 pozbieraj\u0105. Dzi\u0119kuj\u0119 jeszcze raz:)))<\/li>\n<li><a href=\"http:\/\/www.blox.pl\/html?page=userProfilePreview&amp;username=annazadroza\">annazadroza<\/a> <time title=\"2018\/10\/15 16:47:37\" datetime=\"15.10.2018\">5 miesi\u0119cy temu<\/time>Ewciu:-) A Ty co, objawienie jakie\u015b mia\u0142a\u015b czy ducha zobaczy\u0142a\u015b? A je\u015bli chodzi o \u015bcis\u0142o\u015b\u0107 to nie kopalni\u0105, bardziej kopalin\u0105&#8230; Buziaki:)))<\/li>\n<li><a href=\"http:\/\/www.blox.pl\/html?page=userProfilePreview&amp;username=annazadroza\">annazadroza<\/a> <time title=\"2018\/10\/15 16:51:48\" datetime=\"15.10.2018\">5 miesi\u0119cy temu<\/time>Krzysiu:-) Jak smutne to nie chc\u0119. Za du\u017co nieszcz\u0119\u015b\u0107 wok\u00f3\u0142 a pom\u00f3c nie mo\u017cna wszystkim:(<\/li>\n<\/ul>\n<\/div>\n<\/div>\n<footer id=\"footer\" class=\"body\">\u00a9 Anna Blog<br \/>\n<a href=\"http:\/\/www.blox.pl\/html\"><img loading=\"lazy\" decoding=\"async\" src=\"http:\/\/biv.gazeta.pl\/css\/blox\/themes\/glowny\/images\/blox-logo.png\" width=\"25\" height=\"25\" \/><\/a><\/p>\n<\/footer>\n<div class=\"fcbkbttn_buttons_block\" id=\"fcbkbttn_middle\"><div class=\"fcbkbttn_like \"><fb:like href=\"https:\/\/annapisze.art\/?p=1183\" action=\"like\" colorscheme=\"light\" layout=\"box_count\"  size=\"small\"><\/fb:like><\/div><div class=\"fb-share-button  \" data-href=\"https:\/\/annapisze.art\/?p=1183\" data-type=\"button_count\" data-size=\"small\"><\/div><\/div>","protected":false},"excerpt":{"rendered":"<p>Korzystam z pogody i pr\u00f3buj\u0119 Szilk\u0119 oraz Skitsa wyci\u0105ga\u0107 po po\u0142udniu na d\u0142u\u017cszy spacer, im si\u0119 przyda i mnie te\u017c. Wieczorem ju\u017c ciemno, nie chce im si\u0119 chodzi\u0107. Z jeszcze innego powodu te\u017c &#8211; po ostatnim spacerku czeka na nie &hellip; <a href=\"https:\/\/annapisze.art\/?p=1183\">Czytaj dalej <span class=\"meta-nav\">&rarr;<\/span><\/a><\/p>\n","protected":false},"author":1,"featured_media":0,"comment_status":"open","ping_status":"open","sticky":false,"template":"","format":"standard","meta":{"footnotes":""},"categories":[8],"tags":[],"class_list":["post-1183","post","type-post","status-publish","format-standard","hentry","category-mysle-sobie"],"_links":{"self":[{"href":"https:\/\/annapisze.art\/index.php?rest_route=\/wp\/v2\/posts\/1183","targetHints":{"allow":["GET"]}}],"collection":[{"href":"https:\/\/annapisze.art\/index.php?rest_route=\/wp\/v2\/posts"}],"about":[{"href":"https:\/\/annapisze.art\/index.php?rest_route=\/wp\/v2\/types\/post"}],"author":[{"embeddable":true,"href":"https:\/\/annapisze.art\/index.php?rest_route=\/wp\/v2\/users\/1"}],"replies":[{"embeddable":true,"href":"https:\/\/annapisze.art\/index.php?rest_route=%2Fwp%2Fv2%2Fcomments&post=1183"}],"version-history":[{"count":1,"href":"https:\/\/annapisze.art\/index.php?rest_route=\/wp\/v2\/posts\/1183\/revisions"}],"predecessor-version":[{"id":1184,"href":"https:\/\/annapisze.art\/index.php?rest_route=\/wp\/v2\/posts\/1183\/revisions\/1184"}],"wp:attachment":[{"href":"https:\/\/annapisze.art\/index.php?rest_route=%2Fwp%2Fv2%2Fmedia&parent=1183"}],"wp:term":[{"taxonomy":"category","embeddable":true,"href":"https:\/\/annapisze.art\/index.php?rest_route=%2Fwp%2Fv2%2Fcategories&post=1183"},{"taxonomy":"post_tag","embeddable":true,"href":"https:\/\/annapisze.art\/index.php?rest_route=%2Fwp%2Fv2%2Ftags&post=1183"}],"curies":[{"name":"wp","href":"https:\/\/api.w.org\/{rel}","templated":true}]}}