{"id":1157,"date":"2019-03-03T19:27:55","date_gmt":"2019-03-03T18:27:55","guid":{"rendered":"http:\/\/annapisze.art\/?p=1157"},"modified":"2019-03-03T19:27:55","modified_gmt":"2019-03-03T18:27:55","slug":"smieci","status":"publish","type":"post","link":"https:\/\/annapisze.art\/?p=1157","title":{"rendered":"\u015amieci"},"content":{"rendered":"<p>Id\u0105c z psiakami widz\u0119 \u015bmieci wyrzucane przez ludzi wprost na chodnik albo na trawniki, na pobocza. I szlag jasny na ten widok mnie trafia. Je\u015bli taki syf robimy wok\u00f3\u0142 siebie, sami, z w\u0142asnej i nieprzymuszonej woli, to jaki musimy mie\u0107 w g\u0142owach? Mo\u017ce tu tkwi problem i przyczyna naszych odwiecznych k\u0142opot\u00f3w, kl\u0119sk, k\u0142\u00f3tni, braku umiej\u0119tno\u015bci racjonalnego funkcjonowania w rzeczywistym \u015bwiecie?<br \/>\nZ pewno\u015bci\u0105 wynosi si\u0119 z domu wiele przyzwyczaje\u0144. Na przyk\u0142ad &#8211; idzie rodzic z dzieckiem, kt\u00f3re wyrzuca papierek po gumie, czy batoniku &#8211; a rodzic nic. Kiedy\u015b kaza\u0142by podnie\u015b\u0107 papierek i wrzuci\u0107 do kosza. C\u00f3\u017c, kosza nie ma, ale papierek mniej wa\u017cy od produktu nim owini\u0119tego, wi\u0119c zabierz go ze sob\u0105 i wyrzu\u0107, kiedy znajdziesz kosz. Utkwi\u0142a mi w pami\u0119ci opowie\u015b\u0107 przyjaciela taty o tym, jak przed wojn\u0105 wypad\u0142 mu papierek na ulic\u0119. Natychmiast znalaz\u0142 si\u0119 przy nim policjant i wystarczy\u0142o, \u017ce wskaza\u0142 ten papierek, nie musia\u0142 nic m\u00f3wi\u0107. Do ko\u0144ca \u017cycia zapami\u0119ta\u0142 \u00f3wczesny dzieciak t\u0119 nauk\u0119. A dzi\u015b? Dzi\u015b m\u0142odzi ludzie, nawet ju\u017c dzieci, odpowiadaj\u0105 agresj\u0105 na zwr\u00f3con\u0105 uwag\u0119. Strach si\u0119 odezwa\u0107, bo skopi\u0105, pobij\u0105, zabij\u0105.<br \/>\nMiejsca, w kt\u00f3rych odbywj\u0105 si\u0119 spotkania pod chmurk\u0105 po\u0142\u0105czone z konsumpcj\u0105 napoj\u00f3w wyskokowych &#8211; ich mark\u0119 mo\u017cna odczyta\u0107 na pozostawionych puszkach i butelkach &#8211; s\u0105 uwidocznieniem tego, co konsumenci maj\u0105 w g\u0142owach. Nie chc\u0119 nikogo obra\u017ca\u0107, ale czy nie przyjemniej by\u0142oby t\u0119 flaszk\u0119 otworzy\u0107 gdyby wok\u00f3\u0142 nie wala\u0142y si\u0119 i nie \u015bmierdzia\u0142y pozosta\u0142o\u015bci sprzed miesi\u0119cy? Rozmowy czasem dochodz\u0105ce z krzak\u00f3w to<br \/>\nobracanie, mielenie w z\u0119bach kilku &#8222;podstawowych&#8221; s\u0142\u00f3w\/przerywnik\u00f3w i \u017conglowanie nimi w r\u00f3\u017cnej intonacji. I taki &#8222;suweren&#8221; urz\u0105dza \u015bwiat, bo ma liczebn\u0105 przewag\u0119, a jak wr\u00f3ci do domu to pobije dziecko, bo p\u0142acze i przeszkadza&#8230;<\/p>\n<p>26.09.2018<\/p>\n<div id=\"posts-container\" class=\"body\">\n<div id=\"comments-list\" class=\"comments-list\">\n<ul>\n<li><a href=\"http:\/\/www.blox.pl\/html?page=userProfilePreview&amp;username=kotimyszkot\">kotimyszkot<\/a> <time title=\"2018\/09\/26 09:32:03\" datetime=\"26.09.2018\">6 miesi\u0119cy temu<\/time>Oj \u015bmiec\u0105, \u015bmiec\u0105.. Czasem a\u017c mi wstyd przed synem, kt\u00f3rego ka\u017cdego dnia ucz\u0119 porz\u0105dku, \u017ce nawet na drodze do przedszkola widzi rzucone butelki po piwsku, papiery, puszki, czy niedopa\u0142ki po papierochach w piaskownicy. A akurat na osiedlach koszy nie brakuje.. R\u0119ce za to opadaj\u0105.<\/li>\n<li><a href=\"http:\/\/www.blox.pl\/html?page=userProfilePreview&amp;username=fusilla\">fusilla<\/a> <time title=\"2018\/09\/26 13:42:23\" datetime=\"26.09.2018\">6 miesi\u0119cy temu<\/time>Ostatnio lepiej mi na rowerze ni\u017c pieszo! Tak nakaza\u0142 ortopeda i si\u0119 sprawdza. Ale ja nie o tym. Jad\u0119 sobie dzisiaj w po\u0142udnie nasz\u0105 promenad\u0105 nadjeziorn\u0105 i co chwil\u0119 trafia mnie szlag. Jacy\u015b wandale ko\u015blawymi kulfonami zamalowali i tablice og\u0142osze\u0144 i znaki informacyjno drogowe! Trzeba mie\u0107 nie po kolei w g\u0142owie aby co\u015b takiego wymy\u015bli\u0107! \u0141apy takim zwi\u0105za\u0107 do ty\u0142u by nie mogli sobie nawet portek podci\u0105gn\u0105\u0107 to ma\u0142o!!!<\/li>\n<li><a href=\"http:\/\/irsila.blox.pl\/html\">irsila<\/a> <time title=\"2018\/09\/26 14:44:15\" datetime=\"26.09.2018\">6 miesi\u0119cy temu<\/time>Ju\u017c ile\u015b lat temu, kiedy dzia\u0142k\u0119 za miastem mia\u0142am,<br \/>\nto wielokrotnie tego do\u015bwiadczy\u0142am,<br \/>\nkiedy mi \u015bmieci na moj\u0105 posesje wyrzucali,<br \/>\na w tym i szk\u0142a&#8230;<br \/>\na potem w ko\u0144cu mi j\u0105 spalili,<br \/>\noch jacy oni s\u0105 mili&#8230;.<\/li>\n<li><a href=\"http:\/\/niesfornedruty.blox.pl\/\">urszula97<\/a> <time title=\"2018\/09\/26 15:08:58\" datetime=\"26.09.2018\">6 miesi\u0119cy temu<\/time>Racja,prawda,\u015bmieci si\u0119 masowo,pod blokami s\u0105 pojemniki do segregacji \u015bmieci,na nic,sporo ludzi i tak nie segreguje mimo \u017ce przechodzi obok nich aby wyrzu\u0107i\u0107 \u015bmieci.Przy dzia\u0142kach te\u017c sporo butelek,plastik\u00f3w i r\u00f3\u017cnych rupieci.Byle dalej od siebie,nie wa\u017cne gdzie.<\/li>\n<li><a href=\"http:\/\/www.blox.pl\/html?page=userProfilePreview&amp;username=emma_b\">emma_b<\/a> <time title=\"2018\/09\/26 20:33:33\" datetime=\"26.09.2018\">6 miesi\u0119cy temu<\/time>mieszkam przy lesie nieustaj\u0105co za\u015bmiecanym. powiem tylko, \u017ce n\u00f3\u017c mi si\u0119 w kieszeni otwiera, a s\u0142\u00f3w cenzuralnych brakuje. cz\u0119sto te \u015bmieci zbieram, ale mam te\u017c okresy buntu.<\/li>\n<li><a href=\"http:\/\/www.blox.pl\/html?page=userProfilePreview&amp;username=marijana2\">marijana2<\/a> <time title=\"2018\/09\/26 21:53:01\" datetime=\"26.09.2018\">6 miesi\u0119cy temu<\/time>\u015amieci s\u0105 wsz\u0119dzie. Pami\u0119tam, \u017ce dawniej w g\u00f3rach nie zostawia\u0142o si\u0119 \u015bmieci. Upycha\u0142o si\u0119 je w bocznych kieszeniach plecaka i znosi\u0142o na d\u00f3\u0142. Z przykro\u015bci\u0105 stwierdzam, \u017ce zwyczaj ten zanik\u0142. Mi\u0142o\u015bnicy g\u00f3r na szlaku zostawiaj\u0105 \u015bmieci \ud83d\ude41<\/li>\n<li><a href=\"http:\/\/www.mycastle.blox.pl\/\">e.urlik<\/a> <time title=\"2018\/09\/27 12:46:23\" datetime=\"27.09.2018\">6 miesi\u0119cy temu<\/time>W moich pi\u0119knych lasach dooko\u0142a domu wi\u0119cej jest \u015bmieci ni\u017c trawy. Z roku na rok coraz wi\u0119cej. A s\u0105siad nigdy nie wystawia worka z plastikami, bo&#8230; pali nimi w piecu. Ludzki pan. I jaki m\u0105dry. P\u0142aka\u0107 si\u0119 chce<\/li>\n<li><a href=\"http:\/\/www.blox.pl\/html?page=userProfilePreview&amp;username=annazadroza\">annazadroza<\/a> <time title=\"2018\/09\/27 13:12:34\" datetime=\"27.09.2018\">6 miesi\u0119cy temu<\/time>Myszokocie:-) I jak tu dziecko uczy\u0107 porz\u0105dku? Naprawd\u0119 trudna sprawa, \u017ceby taki maluszek-przedszkolaczek poradzi\u0142 sobie z tym co mama m\u00f3wi w zestawieniu z tym, co widzi wok\u00f3\u0142. No i opadaj\u0105 te biedne r\u0119ce:(<\/li>\n<li><a href=\"http:\/\/www.blox.pl\/html?page=userProfilePreview&amp;username=annazadroza\">annazadroza<\/a> <time title=\"2018\/09\/27 13:15:32\" datetime=\"27.09.2018\">6 miesi\u0119cy temu<\/time>Fusilko:-) Jestem za Twoim pomys\u0142em, zwi\u0105za\u0107 \u0142apy i jeszcze do tego &#8211; cholera jasna &#8211; ozorem zlizywa\u0107 te bazgro\u0142y!<\/li>\n<li><a href=\"http:\/\/www.blox.pl\/html?page=userProfilePreview&amp;username=annazadroza\">annazadroza<\/a> <time title=\"2018\/09\/27 13:20:26\" datetime=\"27.09.2018\">6 miesi\u0119cy temu<\/time>Irsilo:-) Pod\u0142e jest to, jak jedni drugim bezinteresownie niszcz\u0105 prac\u0119, niwecz\u0105 trud w\u0142o\u017cony w utrzymanie dzia\u0142ki w dobrym stanie. Takie \u0142obuzy i na moj\u0105 si\u0119 w\u0142ama\u0142y , poniszczy\u0142y co si\u0119 da\u0142o, zr\u0105bali drzwi . W og\u00f3le szkoda m\u00f3wi\u0107, co za dra\u0144stwo. Pozby\u0142am si\u0119 dzia\u0142ki jak mi zniszczyli le\u017caki i poci\u0119tych szmat nawrzucali do domku.<\/li>\n<li><a href=\"http:\/\/www.blox.pl\/html?page=userProfilePreview&amp;username=annazadroza\">annazadroza<\/a> <time title=\"2018\/09\/27 13:24:37\" datetime=\"27.09.2018\">6 miesi\u0119cy temu<\/time>Urszulo:-) Pami\u0119tam, \u017ce jeszcze kiedy mieszka\u0142am w Opolu to w bloku na parterze sta\u0142a skrzynia na makulatur\u0119, na suchy chleb te\u017c by\u0142a. Kiedy\u015b nie marnowa\u0142o si\u0119 niczego, co mo\u017cna by\u0142o zu\u017cy\u0107. Teraz wok\u00f3\u0142 dzia\u0142ek szczeg\u00f3lnie du\u017co jest \u015bmieci, bo pijaczki przychodz\u0105 na libacj\u0119. Zdarza si\u0119 te\u017c, \u017ce dzia\u0142kowicze wyrzucaj\u0105 swoje my\u015bl\u0105c, \u017ce nikt ich nie widzi.<\/li>\n<li><a href=\"http:\/\/www.blox.pl\/html?page=userProfilePreview&amp;username=annazadroza\">annazadroza<\/a> <time title=\"2018\/09\/27 13:29:57\" datetime=\"27.09.2018\">6 miesi\u0119cy temu<\/time>Emmo:-) No i jak z takim chamstwem sobie radzi\u0107? Nie widz\u0119 sposobu. Jedni organizuj\u0105 akcj\u0119 sprz\u0105tania, a drudzy zaraz za nimi id\u0105 i \u015bmiec\u0105. Musia\u0142yby by\u0107 bardzo dolegliwe kary finansowe dla \u015bmiec\u0105cych, tylko to mog\u0142oby pom\u00f3c. Zreszt\u0105 za burdy na stadionach te\u017c powinny by\u0107 ogromne kary pieni\u0119\u017cne bez mo\u017cliwo\u015bci odwo\u0142ywania si\u0119 i wreszcie by\u0142by spok\u00f3j. Ale wiadomo, \u017ce nie b\u0119dzie, bo to rami\u0119 partii&#8230;<\/li>\n<li><a href=\"http:\/\/www.blox.pl\/html?page=userProfilePreview&amp;username=annazadroza\">annazadroza<\/a> <time title=\"2018\/09\/27 13:33:29\" datetime=\"27.09.2018\">6 miesi\u0119cy temu<\/time>Marijano:-) Kiedy\u015b w g\u00f3rach ludzie si\u0119 pozdrawiali na trasach. Teraz si\u0119 zdarza, \u017ce patrz\u0105 wilkiem i nie wiesz, czy w \u0142eb nie zarobisz, bo idziesz i psujesz widok&#8230; A jak \u015bmieci zostawiaj\u0105 na trasie nie zabieraj\u0105c tego, co przynie\u015bli to nie s\u0105 mi\u0142o\u015bnicy g\u00f3r tylko niszczyciele.<\/li>\n<li><a href=\"http:\/\/www.blox.pl\/html?page=userProfilePreview&amp;username=annazadroza\">annazadroza<\/a> <time title=\"2018\/09\/27 13:40:03\" datetime=\"27.09.2018\">6 miesi\u0119cy temu<\/time>Ewciu:-) Taki s\u0105siad to bandyta, okolic\u0119 truje i funduje nowotwory wszystkim wok\u00f3\u0142! Trzeba koniecznie uprzejmie zapoda\u0107 komu nale\u017cy o takim procederze, bo lepsze to ni\u017c mie\u0107 na sumieniu zdrowie niewinnych ludzi! Mo\u017ce mu list mi\u0142osny na pocz\u0105tek wys\u0142a\u0107?<\/li>\n<li><a href=\"http:\/\/inowroclawmojemiasto.blox.pl\/html\">solankino<\/a> <time title=\"2018\/10\/02 09:22:22\" datetime=\"02.10.2018\">5 miesi\u0119cy temu<\/time>Ma\u0142a \u015bwiadomo\u015b\u0107? lekcewa\u017cenie ? g\u0142upota ? czy mo\u017ce wszystko razem ? Mam nadziej\u0119, \u017ce powoli zmieni si\u0119 my\u015blenie. Teraz przy segregacji odpad\u00f3w, edukacji szkolnej, wycieczek w miejsca przetwarzania odpad\u00f3w powoli b\u0119dzie dochodzi\u0142o do m\u0142odych umys\u0142\u00f3w co w przysz\u0142o\u015bci da owoce. Oby tak by\u0142o. Du\u017co jednak wynosimy z domu. To przecie\u017c dla malucha rodzic jest przyk\u0142adem, przewodnikiem, autorytetem. Jak jest widzimy.<\/li>\n<li><a href=\"http:\/\/www.blox.pl\/html?page=userProfilePreview&amp;username=annazadroza\">annazadroza<\/a> <time title=\"2018\/10\/03 15:59:21\" datetime=\"03.10.2018\">5 miesi\u0119cy temu<\/time>Solankino:-) Chyba wszystko razem. Nie wiem, czy mam nadziej\u0119 na zmian\u0119, cho\u0107 si\u0119 m\u00f3wi, \u017ce nadzieja umiera ostatnia. Ale te\u017c si\u0119 m\u00f3wi, \u017ce jest matk\u0105 g\u0142upich.<br \/>\nOwszem, w szko\u0142ach bywa mowa o ekologii, znaczeniu segregowania \u015bmieci itd. Tylko, jak m\u00f3wisz, przyzwyczajenia wynosi si\u0119 g\u0142\u00f3wnie z domu, je\u015bli tatu\u015b puszk\u0119 po piwie rzuca przez okno do ogr\u00f3dka s\u0105siada to zrobi synek? Dla takiego rodzica na ka\u017cd\u0105 nauk\u0119 bywa za p\u00f3\u017ano., tak mi si\u0119 wydaje.<\/p>\n<p>\u00a9 Anna Blog<\/li>\n<\/ul>\n<\/div>\n<\/div>\n<p><a href=\"http:\/\/www.blox.pl\/html\"><img loading=\"lazy\" decoding=\"async\" src=\"http:\/\/biv.gazeta.pl\/css\/blox\/themes\/glowny\/images\/blox-logo.png\" width=\"25\" height=\"25\" \/><\/a><\/p>\n<div class=\"fcbkbttn_buttons_block\" id=\"fcbkbttn_middle\"><div class=\"fcbkbttn_like \"><fb:like href=\"https:\/\/annapisze.art\/?p=1157\" action=\"like\" colorscheme=\"light\" layout=\"box_count\"  size=\"small\"><\/fb:like><\/div><div class=\"fb-share-button  \" data-href=\"https:\/\/annapisze.art\/?p=1157\" data-type=\"button_count\" data-size=\"small\"><\/div><\/div>","protected":false},"excerpt":{"rendered":"<p>Id\u0105c z psiakami widz\u0119 \u015bmieci wyrzucane przez ludzi wprost na chodnik albo na trawniki, na pobocza. I szlag jasny na ten widok mnie trafia. Je\u015bli taki syf robimy wok\u00f3\u0142 siebie, sami, z w\u0142asnej i nieprzymuszonej woli, to jaki musimy mie\u0107 &hellip; <a href=\"https:\/\/annapisze.art\/?p=1157\">Czytaj dalej <span class=\"meta-nav\">&rarr;<\/span><\/a><\/p>\n","protected":false},"author":1,"featured_media":0,"comment_status":"open","ping_status":"open","sticky":false,"template":"","format":"standard","meta":{"footnotes":""},"categories":[8],"tags":[],"class_list":["post-1157","post","type-post","status-publish","format-standard","hentry","category-mysle-sobie"],"_links":{"self":[{"href":"https:\/\/annapisze.art\/index.php?rest_route=\/wp\/v2\/posts\/1157","targetHints":{"allow":["GET"]}}],"collection":[{"href":"https:\/\/annapisze.art\/index.php?rest_route=\/wp\/v2\/posts"}],"about":[{"href":"https:\/\/annapisze.art\/index.php?rest_route=\/wp\/v2\/types\/post"}],"author":[{"embeddable":true,"href":"https:\/\/annapisze.art\/index.php?rest_route=\/wp\/v2\/users\/1"}],"replies":[{"embeddable":true,"href":"https:\/\/annapisze.art\/index.php?rest_route=%2Fwp%2Fv2%2Fcomments&post=1157"}],"version-history":[{"count":1,"href":"https:\/\/annapisze.art\/index.php?rest_route=\/wp\/v2\/posts\/1157\/revisions"}],"predecessor-version":[{"id":1158,"href":"https:\/\/annapisze.art\/index.php?rest_route=\/wp\/v2\/posts\/1157\/revisions\/1158"}],"wp:attachment":[{"href":"https:\/\/annapisze.art\/index.php?rest_route=%2Fwp%2Fv2%2Fmedia&parent=1157"}],"wp:term":[{"taxonomy":"category","embeddable":true,"href":"https:\/\/annapisze.art\/index.php?rest_route=%2Fwp%2Fv2%2Fcategories&post=1157"},{"taxonomy":"post_tag","embeddable":true,"href":"https:\/\/annapisze.art\/index.php?rest_route=%2Fwp%2Fv2%2Ftags&post=1157"}],"curies":[{"name":"wp","href":"https:\/\/api.w.org\/{rel}","templated":true}]}}