{"id":1142,"date":"2019-03-03T18:56:03","date_gmt":"2019-03-03T17:56:03","guid":{"rendered":"http:\/\/annapisze.art\/?p=1142"},"modified":"2019-03-03T18:56:03","modified_gmt":"2019-03-03T17:56:03","slug":"pogodnego-tygodnia","status":"publish","type":"post","link":"https:\/\/annapisze.art\/?p=1142","title":{"rendered":"Pogodnego tygodnia:)"},"content":{"rendered":"<p>Calineczka wpad\u0142a z rodzicami na chwil\u0119, przywie\u017ali puszki dla Skitusia. Tym razem najbardziej zainteresowa\u0142 j\u0105 rowerek stacjonarny. Wyra\u017anie malutka ma rozwini\u0119ty zmys\u0142 techniczny (wprost przeciwnie ni\u017c babcia;)), poniewa\u017c kr\u0119ci\u0142a czym si\u0119 da\u0142o i szuka\u0142a efektu tym swoim dzia\u0142aniem wywo\u0142anego. Stawa\u0142a na n\u00f3\u017ckach trzymaj\u0105c si\u0119 rowerku, sama te\u017c potrafi ju\u017c sta\u0107, woli jednak bieganie na czworakach, pewniej si\u0119 czuje i porusza si\u0119 b\u0142yskawicznie:))), oka oczywi\u015bcie spu\u015bci\u0107 z malucha nie mo\u017cna.<br \/>\nJe\u015bli chodzi o najstarsz\u0105 cz\u0142onkini\u0119 rodziny, czyli babci\u0119 D. &#8211; mamy za sob\u0105 dwie wizyty w poradni alzheimerowskiej, rutynowe, jedn\u0105 u psychiatry, drug\u0105 u neurologa. Babcia spr\u0119\u017ca si\u0119, wygl\u0105da jak gwiazda filmowa i \u0142\u017ce jak z nut &#8211; czuje si\u0119 \u015bwietnie, je, \u015bpi, nie ma \u017cadnych problem\u00f3w, nic jej nie boli poza kr\u0119gos\u0142upem&#8230;itp. A przed obiema wizytami my prze\u017cywali\u015bmy horror &#8211; te\u017c ju\u017c normalka. Ona nie pojedzie, nie potrzebuje, sami sobie jed\u017acie, dajcie mi spok\u00f3j, syczy ze z\u0142o\u015bci, a za chwil\u0119 jest biedna, umieraj\u0105ca, nieszcz\u0119\u015bliwa, pokrzywdzona &#8211; ewidentnie w tym szale\u0144stwie jest metoda. \u017beby obraz sytuacji\u00a0pokaza\u0107 w ca\u0142o\u015bci &#8211; auto nie odpali\u0142o i trzeba by\u0142o wo\u0142a\u0107 taks\u00f3wk\u0119. Babcia do taks\u00f3wki nie wsi\u0105dzie, znowu zgin\u0105\u0142 jej zegarek i szuka, szuka, szuka ods\u0105dzaj\u0105c wszystkich od czci i wiary. Zegarek si\u0119 znalaz\u0142, pojecha\u0142a. Ale za taxi pod szpital wybuli\u0107 trzeba by\u0142o 140 z\u0142. tam i z powrotem, bo do autobusu babcia si\u0119 ju\u017c nie nadaje. Kupi\u0142 M\u0105\u017c prostownik &#8211; gucio, akumulator trup zupe\u0142ny, trzeba by\u0142o kupi\u0107 nowy. Tak wi\u0119c wydatk\u00f3w nagle si\u0119<br \/>\nnawarstwi\u0142o, \u017ce ho ho:((( Ale stwiedzi\u0142am, \u017ce i tak dobrze, \u017ce nie wysiad\u0142o co\u015b innego. Tak wi\u0119c M\u0105\u017c wsiad\u0142 wreszcie za k\u00f3\u0142ko i pojecha\u0107 za\u0142atwia\u0107 sprawy a ja w\u0142\u0105czy\u0142am Lapcia.<br \/>\nO wszystkich konwencjach, koalicjach, spotkaniach itp. wydarzeniach maj\u0105cych miejsce podczas weekendu m\u00f3wi\u0107 nie b\u0119d\u0119. Postanowi\u0142am omija\u0107 szerokim \u0142ukiem ca\u0142\u0105 kampani\u0119 przedwyborcz\u0105, dla w\u0142asnego zdrowia. Nie mog\u0119 s\u0142ucha\u0107 bzdur, k\u0142amstw tak grubymi ni\u0107mi szytych, \u017ce nie do wiary, i\u017c kto\u015b normalny mo\u017ce w nie uwierzy\u0107. A jednak&#8230; wi\u0119c &#8230; koniec z tym!&#8230; (cytuj\u0105c klasyczk\u0119, kt\u00f3ra lubi\u0142a na nas krzycze\u0107; t\u0119, co to jej si\u0119 nale\u017ca\u0142o). Niech ka\u017cdy wierzy w co chce, wszak wiara od wiedzy nieco si\u0119 r\u00f3\u017cni&#8230;<br \/>\nPoza tym jest pi\u0119knie, ranki i wieczory ch\u0142odne, ale s\u0142o\u0144ce w ci\u0105gu dnia \u015bwieci, grzeje, poprawia nastr\u00f3j, dodaje kwiatom kolor\u00f3w. U mnie kwitn\u0105 wci\u0105\u017c pelargonie. Podla\u0142am je od\u017cywk\u0105 do pelargonii i kwitn\u0105 jak szalone. Aksamitki poprzekwita\u0142y, nie wiem czemu, powinny jeszcze d\u0142ugo by\u0107 kolorowe, przecie\u017c dbam o nie i podlewam. Najwyra\u017aniej co\u015b im si\u0119 nie spodoba\u0142o. Rozchodniki zaczynaj\u0105 wybarwia\u0107 baldachimy na r\u00f3\u017cowo i s\u0105 bardzo dekoracyjne. Groszki wci\u0105\u017c jeszcze maj\u0105 nowe p\u0105ki. Wilce tylko gdzie\u015b znikn\u0119\u0142y, szkoda, bo s\u0105 pi\u0119kne i kwitn\u0105 do samych mroz\u00f3w dekoruj\u0105c siatk\u0119. Ale za to r\u00f3\u017ca ma jeszcze nowy p\u0105czek. R\u00f3\u017c\u0119 w doniczce kiedy\u015b dosta\u0142am od synowej, wsadzi\u0142am pod wierzb\u0105 i ro\u015bnie, jeszcze nigdy nie mia\u0142a tylu kwiat\u00f3w co w tym sezonie.<br \/>\nPoniewa\u017c mamy poniedzia\u0142ek, \u017cycz\u0119 spokojnego, pogodnego, dobrego ca\u0142ego tygodnia:)))<\/p>\n<p>17.09.2018<\/p>\n<div id=\"posts-container\" class=\"body\">\n<div id=\"comments-list\" class=\"comments-list\">\n<ul>\n<li><a href=\"http:\/\/www.blox.pl\/html?page=userProfilePreview&amp;username=kotimyszkot\">kotimyszkot<\/a> <time title=\"2018\/09\/17 12:50:55\" datetime=\"17.09.2018\">6 miesi\u0119cy temu<\/time>Jak wida\u0107 przypadki r\u00f3\u017cne nie chodz\u0105 parami tylko stadami \ud83d\ude09 Dobrze, \u017ce wybrn\u0119li\u015bcie i \u017ce Calineczka os\u0142adza to, co denerwuje.. Mi\u0142ego tygodnia i dla Ciebie \ud83d\ude42<\/li>\n<li><a href=\"http:\/\/www.blox.pl\/html?page=userProfilePreview&amp;username=fusilla\">fusilla<\/a> <time title=\"2018\/09\/17 14:24:48\" datetime=\"17.09.2018\">6 miesi\u0119cy temu<\/time>O! Pelargonie!!! W\u0142a\u015bnie zaczynaj\u0105 znowu kwitn\u0105\u0107, po baaardzo d\u0142ugiej przerwie , gdy zosta\u0142y zlane lipcowym d\u017cd\u017cem! I heliotropy te\u017c cudnie kwitn\u0105 bez ko\u0144ca, ku rado\u015bci pszcz\u00f3\u0142ek, motyli , trzmieli i inszych zapylajacych!<br \/>\nA dzisiaj rano ku w\u0142asnemu niebotycznemu zdumieniu zoczy\u0142am zwierz\u0105tko le\u015bne, kt\u00f3re co chwil\u0119 wypada\u0142o spod domku gospodarczego, stawa\u0142o s\u0142upka, i na powr\u00f3t pod domek wpada\u0142o. Ani chybi kuna! No i teraz nie wiem! Nie reagowac, bo toto niby odstrasza szczury, myszy i krety, czy co&#8230;.?<\/li>\n<li><span class=\"guest\">Go\u015b\u0107: [annazadroza] <\/span><span class=\"host\">*.nat.umts.dynamic.t-mobile.pl<\/span> <time title=\"2018\/09\/17 17:22:36\" datetime=\"17.09.2018\">6 miesi\u0119cy temu<\/time>Myszokocie:-) A \u017ceby jeszcze \u015bmieszniej by\u0142o, w niedziel\u0119 babcia D. si\u0119 wyszykowa\u0142a, zesz\u0142a na \u015bniadanie elegancka i czeka. Nie wiedzieli\u015bmy na co, wybiera si\u0119 gdzie\u015b? A ona \/- To o kt\u00f3rej jedziemy?\/ &#8211; Dok\u0105d?\/ &#8211; No do lekarza! \/- Ju\u017c by\u0142a\u015b, a dzi\u015b jest niedziela!<br \/>\nCalineczka faktycznie jest s\u0142odkim cukiereczkiem, lekiem na ca\u0142e z\u0142o:)<br \/>\nDzi\u0119ki i Tobie z Rodzink\u0105 samego dobrego:)))<\/li>\n<li><a href=\"http:\/\/www.blox.pl\/html?page=userProfilePreview&amp;username=annazadroza\">annazadroza<\/a> <time title=\"2018\/09\/17 17:31:52\" datetime=\"17.09.2018\">6 miesi\u0119cy temu<\/time>Fusilko:-) U mnie owady uwijaj\u0105 si\u0119 wok\u00f3\u0142 rozchodnik\u00f3w oraz dzikiego wina pn\u0105cego si\u0119 po siatce i troch\u0119 po \u015bcianie. Pe\u0142no kwiecia jest, cho\u0107 niepozorne, ale przyci\u0105ga te lataj\u0105ce stworki a\u017c ca\u0142a \u015bciana buczy. Mo\u017ce dlatego wci\u0105\u017c kwitnie, \u017ce obrywam jak si\u0119 owoce zaczynaj\u0105 tworzy\u0107.<br \/>\nZwierz\u0105tko mo\u017ce by\u0107 \u0142asic\u0105? Z dzieci\u0144stwa pami\u0119tam, \u017ce w\u0142a\u015bnie \u0142asice si\u0119 kr\u0119ci\u0142y oraz tch\u00f3rze. a mo\u017ce komu\u015b tch\u00f3rzofretka uciek\u0142a? Mo\u017ce si\u0119 uda ze zwierz\u0105tkiem zaprzyja\u017ani\u0107?<\/li>\n<\/ul>\n<\/div>\n<\/div>\n<footer id=\"footer\" class=\"body\">\u00a9 Anna Blog<br \/>\n<a href=\"http:\/\/www.blox.pl\/html\"><img loading=\"lazy\" decoding=\"async\" src=\"http:\/\/biv.gazeta.pl\/css\/blox\/themes\/glowny\/images\/blox-logo.png\" width=\"25\" height=\"25\" \/><\/a><\/p>\n<\/footer>\n<div class=\"fcbkbttn_buttons_block\" id=\"fcbkbttn_middle\"><div class=\"fcbkbttn_like \"><fb:like href=\"https:\/\/annapisze.art\/?p=1142\" action=\"like\" colorscheme=\"light\" layout=\"box_count\"  size=\"small\"><\/fb:like><\/div><div class=\"fb-share-button  \" data-href=\"https:\/\/annapisze.art\/?p=1142\" data-type=\"button_count\" data-size=\"small\"><\/div><\/div>","protected":false},"excerpt":{"rendered":"<p>Calineczka wpad\u0142a z rodzicami na chwil\u0119, przywie\u017ali puszki dla Skitusia. Tym razem najbardziej zainteresowa\u0142 j\u0105 rowerek stacjonarny. Wyra\u017anie malutka ma rozwini\u0119ty zmys\u0142 techniczny (wprost przeciwnie ni\u017c babcia;)), poniewa\u017c kr\u0119ci\u0142a czym si\u0119 da\u0142o i szuka\u0142a efektu tym swoim dzia\u0142aniem wywo\u0142anego. Stawa\u0142a &hellip; <a href=\"https:\/\/annapisze.art\/?p=1142\">Czytaj dalej <span class=\"meta-nav\">&rarr;<\/span><\/a><\/p>\n","protected":false},"author":1,"featured_media":0,"comment_status":"open","ping_status":"open","sticky":false,"template":"","format":"standard","meta":{"footnotes":""},"categories":[8],"tags":[],"class_list":["post-1142","post","type-post","status-publish","format-standard","hentry","category-mysle-sobie"],"_links":{"self":[{"href":"https:\/\/annapisze.art\/index.php?rest_route=\/wp\/v2\/posts\/1142","targetHints":{"allow":["GET"]}}],"collection":[{"href":"https:\/\/annapisze.art\/index.php?rest_route=\/wp\/v2\/posts"}],"about":[{"href":"https:\/\/annapisze.art\/index.php?rest_route=\/wp\/v2\/types\/post"}],"author":[{"embeddable":true,"href":"https:\/\/annapisze.art\/index.php?rest_route=\/wp\/v2\/users\/1"}],"replies":[{"embeddable":true,"href":"https:\/\/annapisze.art\/index.php?rest_route=%2Fwp%2Fv2%2Fcomments&post=1142"}],"version-history":[{"count":1,"href":"https:\/\/annapisze.art\/index.php?rest_route=\/wp\/v2\/posts\/1142\/revisions"}],"predecessor-version":[{"id":1143,"href":"https:\/\/annapisze.art\/index.php?rest_route=\/wp\/v2\/posts\/1142\/revisions\/1143"}],"wp:attachment":[{"href":"https:\/\/annapisze.art\/index.php?rest_route=%2Fwp%2Fv2%2Fmedia&parent=1142"}],"wp:term":[{"taxonomy":"category","embeddable":true,"href":"https:\/\/annapisze.art\/index.php?rest_route=%2Fwp%2Fv2%2Fcategories&post=1142"},{"taxonomy":"post_tag","embeddable":true,"href":"https:\/\/annapisze.art\/index.php?rest_route=%2Fwp%2Fv2%2Ftags&post=1142"}],"curies":[{"name":"wp","href":"https:\/\/api.w.org\/{rel}","templated":true}]}}