{"id":1138,"date":"2019-03-03T18:50:17","date_gmt":"2019-03-03T17:50:17","guid":{"rendered":"http:\/\/annapisze.art\/?p=1138"},"modified":"2019-03-03T18:50:17","modified_gmt":"2019-03-03T17:50:17","slug":"co-sie-dzieje","status":"publish","type":"post","link":"https:\/\/annapisze.art\/?p=1138","title":{"rendered":"Co si\u0119 dzieje"},"content":{"rendered":"<p>Nie wiem co si\u0119 dzieje z PAD-em, na pewno co\u015b z\u0142ego. Mo\u017ce ci\u0119\u017car stanowiska jest nie do ud\u017awigni\u0119cia dla tego cz\u0142owieka. Podczas wyst\u0105pie\u0144 wida\u0107 wyra\u017anie, \u017ce nie daje sobie rady z emocjami, z frustracj\u0105, kt\u00f3ra go wype\u0142nia po czubek g\u0142owy. Mo\u017ce to ura\u017cona ambicja, \u017ce tak naprawd\u0119 nic nie znaczy. Mo\u017ce strach przed tym, co go czeka za wszystkie dotychczasowe post\u0119pki. Mo\u017ce zacz\u0105\u0142 wreszcie sobie zdawa\u0107 spraw\u0119 z tego, w czym bierze udzia\u0142 wiedz\u0105c jednocze\u015bnie jak ko\u0144cz\u0105 si\u0119 kariery dyktatork\u00f3w r\u00f3\u017cnej ma\u015bci i ich poplecznik\u00f3w. Kiedy sta\u0142 razem z \u017con\u0105, biedna kobieta pr\u00f3bowa\u0142a go uspokoi\u0107 i sprowadzi\u0107 ze sceny. Jak jest sam &#8211; nic nie kr\u0119puje jego wypowiedzi i sprawia wra\u017cenie, \u017ce sam si\u0119 nakr\u0119ca w\u0142asnymi s\u0142owami, s\u0142uchaj\u0105c ich z lubo\u015bci\u0105, zachwytem, z ekstaz\u0105 wr\u0119cz si\u0119 napawaj\u0105c nimi. Na tle pa\u0142acyku wyremontowanego za pieni\u0105dze z Unii m\u00f3wi, \u017ce Unia to &#8222;wyimaginowana wsp\u00f3lnota&#8221;, z kt\u00f3rej dla Polski niewiele wynika. I jak tu cokolwiek komentowa\u0107? Oderwanie od rzeczywisto\u015bci, \u015bwiaty r\u00f3wnoleg\u0142e, choroba, przetr\u0105cenie psychiczne? Europa doskonale sobie radzi\u0142a bez Polski i w dalszym ci\u0105gu dobrze sobie radzi\u0107 b\u0119dzie. Natomiast my bez Europy nie istniejemy. Przed nami droga prosto w obj\u0119cia matki Rosji&#8230; Ewidentnie na to s\u0105 obliczone dzia\u0142ania &#8222;dobrej zmiany&#8221;, na Kremlu otwieraj\u0105 kolejnego szampana, lecz &#8222;zaimpregnowani na wiedz\u0119&#8221; tego nie widz\u0105. I nie zobacz\u0105, bo &#8222;pi\u0144cet plusy&#8221; przes\u0142aniaj\u0105 im \u015bwiat. A kolejne niemowl\u0119, dwumiesi\u0119czne male\u0144stwo tym razem, trafi\u0142o skatowane do szpitala, z po\u0142amanymi \u017cebrami, p\u0119kni\u0119t\u0105 czaszk\u0105.<br \/>\nLudzie, co si\u0119 z wami dzieje?!!!<\/p>\n<p>13.09.2018<\/p>\n<div id=\"posts-container\" class=\"body\">\n<div id=\"comments-list\" class=\"comments-list\">\n<ul>\n<li><a href=\"http:\/\/kolewoczy.blox.pl\/html\">kolewoczy<\/a> <time title=\"2018\/09\/13 09:16:17\" datetime=\"13.09.2018\">6 miesi\u0119cy temu<\/time>Dotacje unijne dzia\u0142aj\u0105 tak samo jak wy\u015bmiewane &#8222;pi\u0144set+&#8221; &#8211; niekt\u00f3rym przys\u0142aniaj\u0105 oczy na inne zjawiska. Mnie si\u0119 wydaje, \u017ce po obu stronach, a w\u0142a\u015bciwie niemal po wszystkich stronach naszego spo\u0142ecze\u0144stwa na czele priorytet\u00f3w stoj\u0105 warto\u015bci materialne. Jedni chc\u0105 ci\u0105gn\u0105\u0107 z rz\u0105du, to znaczy z kasy pa\u0144stwowej, czyli z naszych podatk\u00f3w, a inni ci\u0105gn\u0105 z kasy Unii, czyli de facto te\u017c z naszych podatk\u00f3w \ud83d\ude09 Nie powiedzia\u0142abym, \u017ce akurat ta wsp\u00f3lna unijna kasa oznacza jak\u0105\u015b wsp\u00f3lnot\u0119 g\u0142\u0119bsz\u0105. Nie tu szuka\u0142abym wsp\u00f3lnotowych wi\u0119zi, bo to tylko biznes. A w biznesie nie ma niczego za darmo.<\/li>\n<li><a href=\"http:\/\/www.blox.pl\/html?page=userProfilePreview&amp;username=babciabezmohera\">babciabezmohera<\/a> <time title=\"2018\/09\/13 13:22:17\" datetime=\"13.09.2018\">6 miesi\u0119cy temu<\/time>Mam nadziej\u0119, \u017ce jeszcze uda nam si\u0119 zatrzyma\u0107 to staczanie si\u0119 po r\u00f3wni pochy\u0142ej. Wybory wiele poka\u017c\u0105.<\/li>\n<li><a href=\"http:\/\/niesfornedruty.blox.pl\/\">urszula97<\/a> <time title=\"2018\/09\/14 14:29:17\" datetime=\"14.09.2018\">6 miesi\u0119cy temu<\/time>Coraz smutniej i przygn\u0119biaj\u0105ce,a wybor\u00f3w si\u0119 obawiam,czy b\u0119dzie fair ,<\/li>\n<li><a href=\"http:\/\/www.blox.pl\/html?page=userProfilePreview&amp;username=krzysztof213\">krzysztof213<\/a> <time title=\"2018\/09\/14 15:28:43\" datetime=\"14.09.2018\">6 miesi\u0119cy temu<\/time>Co si\u0119 dzieje<br \/>\nJ.J.R. Tolkien napisa\u0142 Mordor mo\u017ce si\u0119 obudzi\u0107 i oko Szarona nie \u015bpi i poch\u0142ania ludzi ka\u017cdego pokroju w ka\u017cdej warstwie spo\u0142ecznej<br \/>\nI nie wierze ju\u017c polityk\u0105 za co to zrobi\u0142o si\u0119 z tym krajem<br \/>\nGdzie Polacy chc\u0105 nie chc\u0105 musz\u0105 nieraz wyje\u017cd\u017ca\u0107<br \/>\nI cieszmy si\u0119 nieraz pokojem wgl\u0105dem \u015bwiata spokojem<\/li>\n<li><a href=\"http:\/\/www.mycastle.blox.pl\/\">e.urlik<\/a> <time title=\"2018\/09\/14 18:28:38\" datetime=\"14.09.2018\">6 miesi\u0119cy temu<\/time>Oby tylko zosta\u0107 w Unii, oby tylko zosta\u0107 w Unii. Bo je\u015bli nie, to b\u0119dziemy mie\u0107 Wenezuel\u0119, tylko z gorszym klimatem. Albo Uzbekistan&#8230; z lepszym klimatem :-\/<\/li>\n<li><a href=\"http:\/\/www.blox.pl\/html?page=userProfilePreview&amp;username=emma_b\">emma_b<\/a> <time title=\"2018\/09\/14 22:20:19\" datetime=\"14.09.2018\">6 miesi\u0119cy temu<\/time>straszliwy be\u0142kot PADa mo\u017ce nas wiele kosztowa\u0107. i co tu komentowa\u0107, zwyczajnie r\u0119ce opadaj\u0105 do piwnicy&#8230;<\/li>\n<li><a href=\"http:\/\/www.blox.pl\/html?page=userProfilePreview&amp;username=kobietawbarwachjesieni\">kobietawbarwachjesieni<\/a> <time title=\"2018\/09\/15 20:09:35\" datetime=\"15.09.2018\">6 miesi\u0119cy temu<\/time>A ja wci\u0105\u017c mam nadziej\u0119, \u017ce zobacz\u0119 jeszcze normalno\u015b\u0107 w kraju. A ci, kt\u00f3rzy podzielili spo\u0142ecze\u0144stwo, odpowiedz\u0105 za to.<\/li>\n<li><a href=\"http:\/\/www.blox.pl\/html?page=userProfilePreview&amp;username=annazadroza\">annazadroza<\/a> <time title=\"2018\/09\/17 12:37:27\" datetime=\"17.09.2018\">6 miesi\u0119cy temu<\/time>Kolewoczy:-) My\u015bl\u0119, \u017ce nie tylko o pieni\u0105dze tutaj chodzi. Dla jednych, owszem, tylko one wchodz\u0105 w rachub\u0119, ale &#8211; na szcz\u0119\u015bcie s\u0105 i tacy cz\u0142onkowie naszego spo\u0142ecze\u0144stwa, kt\u00f3rzy warto\u015bci europejskie ceni\u0105 i o ich zachowanie chc\u0105 walczy\u0107. Jestem po ich stronie.<\/li>\n<li><a href=\"http:\/\/www.blox.pl\/html?page=userProfilePreview&amp;username=annazadroza\">annazadroza<\/a> <time title=\"2018\/09\/17 12:40:39\" datetime=\"17.09.2018\">6 miesi\u0119cy temu<\/time>BBM:-) Mam w\u0105tpliwo\u015bci co do prawdziwo\u015bci wybor\u00f3w kontrolowanych:(<\/li>\n<li><a href=\"http:\/\/www.blox.pl\/html?page=userProfilePreview&amp;username=annazadroza\">annazadroza<\/a> <time title=\"2018\/09\/17 12:50:26\" datetime=\"17.09.2018\">6 miesi\u0119cy temu<\/time>Urszulo:-) Obawiam si\u0119 tego samego:(<\/li>\n<li><a href=\"http:\/\/www.blox.pl\/html?page=userProfilePreview&amp;username=annazadroza\">annazadroza<\/a> <time title=\"2018\/09\/17 12:54:31\" datetime=\"17.09.2018\">6 miesi\u0119cy temu<\/time>Krzysztof:-) Pok\u00f3j jest warto\u015bci\u0105 absolutnie nadrz\u0119dn\u0105, niedocenian\u0105 mo\u017ce przez ludzi m\u0142odych, kt\u00f3rzy my\u015bl\u0105, \u017ce wojna to gra komputerowa i zawsze mo\u017cna j\u0105 wy\u0142\u0105czy\u0107. Mamy najd\u0142u\u017cszy w historii okres pokoju, dbajmy, \u017ceby nikt tego nie zniszczy\u0142.<\/li>\n<li><a href=\"http:\/\/www.blox.pl\/html?page=userProfilePreview&amp;username=annazadroza\">annazadroza<\/a> <time title=\"2018\/09\/17 12:55:41\" datetime=\"17.09.2018\">6 miesi\u0119cy temu<\/time>Ewo:-) Oby tylko, oby tylko, oby tylko&#8230; popieram Twoje s\u0142owa z ca\u0142ych si\u0142.<\/li>\n<li><a href=\"http:\/\/www.blox.pl\/html?page=userProfilePreview&amp;username=annazadroza\">annazadroza<\/a> <time title=\"2018\/09\/17 12:59:56\" datetime=\"17.09.2018\">6 miesi\u0119cy temu<\/time>Emmo:-) Albo jeszcze ni\u017cej&#8230; Przy okazji ca\u0142y kraj te\u017c tam wpada, czyli w czarn\u0105 dziur\u0119&#8230;<\/li>\n<li><a href=\"http:\/\/www.blox.pl\/html?page=userProfilePreview&amp;username=annazadroza\">annazadroza<\/a> <time title=\"2018\/09\/17 13:03:12\" datetime=\"17.09.2018\">6 miesi\u0119cy temu<\/time>Marysiu:-) Nadzieja umiera ostatnia&#8230; Pociecha w tym, \u017ce dzieje \u015bwiata to sinusoida, to co teraz jest na g\u00f3rze, spadnie na sam d\u00f3\u0142, to nieuchronne. Tylko kiedy?<\/li>\n<li><a href=\"http:\/\/www.blox.pl\/html?page=userProfilePreview&amp;username=krzysztof213\">krzysztof213<\/a> <time title=\"2018\/09\/18 03:56:20\" datetime=\"18.09.2018\">6 miesi\u0119cy temu<\/time>I tak ka\u017cdy nieraz sam &#8230;<br \/>\nAle nie oto chodzi<br \/>\nWojna jest ca\u0142y czas ekonomiczna i spo\u0142eczna i co\u015b bym jeszcze znalaz\u0142 .<br \/>\nPozdrawiam serdecznie<br \/>\nMamy nadziej\u0119 \u017ce przez przez ten cyrk nie wyjdziemy z UNi co jest jaka jest ale przynajmniej troch\u0119 jeste\u015bmy za wschodni\u0105 granic\u0105 a nie zachodni\u0105 .<br \/>\nCho\u0107 i przemiany by mo\u017cna by\u0142o jeszcze raz zrobi\u0107 jak wszystko tak posz\u0142o \u017ce Polac wyje\u017cd\u017caj\u0105 na pot\u0119g\u0119 z swojego kraju<br \/>\ngdzie my si\u0119 zbli\u017camy&#8230;<br \/>\nW\u0142a\u015bnie to s\u0105 te przemiany i wojna spo\u0142eczno ekonomiczna gospodarcza .<\/li>\n<li><span class=\"guest\">Go\u015b\u0107: [annazadroza] <\/span><span class=\"host\">*.nat.umts.dynamic.t-mobile.pl<\/span> <time title=\"2018\/09\/20 12:45:34\" datetime=\"20.09.2018\">6 miesi\u0119cy temu<\/time>Krzysztof:-) Oby\u015bmy z Unii nie wyszli, oby\u015bmy w niej zostali&#8230; I oby nie dosz\u0142o do starcia militarnego, bo to by\u0142by prawdziwy koniec naszego \u015bwiata. Mam nadziej\u0119, \u017ce my\u015blenie rozs\u0105dne jednak przewa\u017cy, mam tak\u0105 nadziej\u0119&#8230;<\/li>\n<\/ul>\n<\/div>\n<\/div>\n<footer id=\"footer\" class=\"body\">\u00a9 Anna Blog<br \/>\n<a href=\"http:\/\/www.blox.pl\/html\"><img loading=\"lazy\" decoding=\"async\" src=\"http:\/\/biv.gazeta.pl\/css\/blox\/themes\/glowny\/images\/blox-logo.png\" width=\"25\" height=\"25\" \/><\/a><\/p>\n<\/footer>\n<div class=\"fcbkbttn_buttons_block\" id=\"fcbkbttn_middle\"><div class=\"fcbkbttn_like \"><fb:like href=\"https:\/\/annapisze.art\/?p=1138\" action=\"like\" colorscheme=\"light\" layout=\"box_count\"  size=\"small\"><\/fb:like><\/div><div class=\"fb-share-button  \" data-href=\"https:\/\/annapisze.art\/?p=1138\" data-type=\"button_count\" data-size=\"small\"><\/div><\/div>","protected":false},"excerpt":{"rendered":"<p>Nie wiem co si\u0119 dzieje z PAD-em, na pewno co\u015b z\u0142ego. Mo\u017ce ci\u0119\u017car stanowiska jest nie do ud\u017awigni\u0119cia dla tego cz\u0142owieka. Podczas wyst\u0105pie\u0144 wida\u0107 wyra\u017anie, \u017ce nie daje sobie rady z emocjami, z frustracj\u0105, kt\u00f3ra go wype\u0142nia po czubek g\u0142owy. &hellip; <a href=\"https:\/\/annapisze.art\/?p=1138\">Czytaj dalej <span class=\"meta-nav\">&rarr;<\/span><\/a><\/p>\n","protected":false},"author":1,"featured_media":0,"comment_status":"open","ping_status":"open","sticky":false,"template":"","format":"standard","meta":{"footnotes":""},"categories":[8],"tags":[],"class_list":["post-1138","post","type-post","status-publish","format-standard","hentry","category-mysle-sobie"],"_links":{"self":[{"href":"https:\/\/annapisze.art\/index.php?rest_route=\/wp\/v2\/posts\/1138","targetHints":{"allow":["GET"]}}],"collection":[{"href":"https:\/\/annapisze.art\/index.php?rest_route=\/wp\/v2\/posts"}],"about":[{"href":"https:\/\/annapisze.art\/index.php?rest_route=\/wp\/v2\/types\/post"}],"author":[{"embeddable":true,"href":"https:\/\/annapisze.art\/index.php?rest_route=\/wp\/v2\/users\/1"}],"replies":[{"embeddable":true,"href":"https:\/\/annapisze.art\/index.php?rest_route=%2Fwp%2Fv2%2Fcomments&post=1138"}],"version-history":[{"count":1,"href":"https:\/\/annapisze.art\/index.php?rest_route=\/wp\/v2\/posts\/1138\/revisions"}],"predecessor-version":[{"id":1139,"href":"https:\/\/annapisze.art\/index.php?rest_route=\/wp\/v2\/posts\/1138\/revisions\/1139"}],"wp:attachment":[{"href":"https:\/\/annapisze.art\/index.php?rest_route=%2Fwp%2Fv2%2Fmedia&parent=1138"}],"wp:term":[{"taxonomy":"category","embeddable":true,"href":"https:\/\/annapisze.art\/index.php?rest_route=%2Fwp%2Fv2%2Fcategories&post=1138"},{"taxonomy":"post_tag","embeddable":true,"href":"https:\/\/annapisze.art\/index.php?rest_route=%2Fwp%2Fv2%2Ftags&post=1138"}],"curies":[{"name":"wp","href":"https:\/\/api.w.org\/{rel}","templated":true}]}}