{"id":1088,"date":"2019-03-03T17:08:23","date_gmt":"2019-03-03T16:08:23","guid":{"rendered":"http:\/\/annapisze.art\/?p=1088"},"modified":"2019-03-03T17:08:23","modified_gmt":"2019-03-03T16:08:23","slug":"juz-po-niedzieli","status":"publish","type":"post","link":"https:\/\/annapisze.art\/?p=1088","title":{"rendered":"Ju\u017c po niedzieli"},"content":{"rendered":"<p>W nocy z pi\u0105tku na sobot\u0119 la\u0142o jak z cebra. Rano te\u017c, pada\u0142o, pada\u0142o, pada\u0142o i z psami wyj\u015b\u0107 si\u0119 nie da\u0142o. Skitula wypu\u015bci\u0142am do ogr\u00f3dka, on szybko za\u0142atwia sprawy i jest gotowy do powrotu w ciep\u0142e, suche, wygodne miejsce:) Wytar\u0142am go i natychmiast ulokowa\u0142 si\u0119 na kanapie, wszak jest psem kanapowym z natury, z wygl\u0105du nie &#8211; ale przecie\u017c on sobie wygl\u0105du nie wybiera\u0142;)<br \/>\nZe starych kaloszy mia\u0142am kiedy\u015b zrobi\u0107 pojemniki na kwiatki. Zobaczy\u0142am gdzie\u015b na zdj\u0119ciu najprzer\u00f3\u017cniejsze zu\u017cyte, stare przedmioty wykorzystane w\u0142a\u015bnie w ten spos\u00f3b. Dobrze, \u017ce tego nie zrobi\u0142am (nowych do tej pory nie kupi\u0142am), lenistwo akurat w tym przypadku &#8222;pop\u0142aci\u0142o&#8221;, przyda\u0142y si\u0119, w niczym innym nie da\u0142oby si\u0119 wyj\u015b\u0107 na zewn\u0105trz. Uliczka zamieni\u0142a si\u0119 w rw\u0105c\u0105 rzek\u0119, a \u0142\u0105ka w bajoro. Wyskoczy\u0142am z Szilk\u0105, bo ona musi wyj\u015b\u0107 poza teren, kt\u00f3ry uznaje za sw\u00f3j dom. Taka z niej porz\u0105dna dziewczyna:)<br \/>\nPotem si\u0119 wypogodzi\u0142o na niebie i w duszy te\u017c, bo poszli\u015bmy na bardzo d\u0142ugi spacer. Uszcz\u0119\u015bliwione psiaki z pocz\u0105tku biega\u0142y, potem &#8211; wraz ze\u00a0wzrostem przebytej odleg\u0142o\u015bci &#8211; ju\u017c tylko spokojnie sz\u0142y i po powrocie do domu pad\u0142y na zimn\u0105 pod\u0142og\u0119 jak d\u0142ugie i spa\u0142y.<br \/>\nW niedziel\u0119 dzieciaki przyjecha\u0142y z malutk\u0105. Wnusia K. za\u017cyczy\u0142a sobie zup\u0119 cebulow\u0105, gulasz, mizeri\u0119 i szarlotk\u0119. Oczywi\u015bcie zrobi\u0142am, \u017ceby dziecko by\u0142o szcz\u0119\u015bliwe. \u0141adne mi dziecko:) To znaczy bardzo \u0142adne, wiekiem m\u0142ode, ale wy\u017csze ju\u017c ode mnie sporo (wiadomo, \u017ce dzieci rosn\u0105 podczas wakacji), zgodnie z mod\u0105 ubrane w spodnie sk\u0142adaj\u0105ce si\u0119 g\u0142\u00f3wnie z dziur:))) Ale i tak widz\u0119 w niej siebie i swoje reakcje na r\u00f3\u017cne uwagi doros\u0142ych. Po prostu jakbym si\u0119 przenosi\u0142a w czas, kiedy by\u0142am w jej wieku.<br \/>\nDobrze, \u017ce Calineczka si\u0119 jeszcze trafi\u0142a, jest kogo na r\u0119ce wzi\u0105\u0107:) Szkrabunia jest s\u0142odka jak \u015bmietankowe ptasie mleczko:) Usn\u0119\u0142a u nas po raz pierwszy na wersalce, ju\u017c nie chce na r\u0119kach. Po obudzeniu si\u0119, jeszcze taka rozgrzana i zaspana &#8211; jedn\u0105 r\u0105czk\u0105 przeciera\u0142a oczka, a drug\u0105 pomacha\u0142a wszystkim obecnym wpatrzonym w ni\u0105 jak w obrazek. Poza jej siostr\u0105, kt\u00f3ra wpatrzona by\u0142a w ekranik telefonu i w Eda Sheerana widocznego na nim:)<br \/>\nDzi\u015b rano by\u0142o 16 stopni, niebo bez chmurki, lecz podobno burze nas czekaj\u0105 i ju\u017c zaczyna si\u0119 chmurzy\u0107. No i czy warto by\u0142o narzeka\u0107 na upa\u0142y? Lato jest po to, \u017ceby one by\u0142y, a potem b\u0119dzie ju\u017c tylko zimno.<br \/>\nAha, \u015bni\u0142y mi si\u0119 wszy, nie wiecie co to oznacza? Podobno pieni\u0105dze, ale jak mi si\u0119 \u015bni\u0142a du\u017ca kupa &#8211; to te\u017c mia\u0142y by\u0107 pieni\u0105dze i nic z tego, nieprawda, o\u015bwiadczam z ca\u0142\u0105 odpowiedzialno\u015bci\u0105, \u017ce \u017cadnych ponadplanowych nie by\u0142o. Mo\u017ce tym razem;)<br \/>\nDobrego tygodnia wszystkim \u017cycz\u0119:)))<\/p>\n<p>13.08.2018<\/p>\n<div id=\"posts-container\" class=\"body\">\n<div id=\"comments-list\" class=\"comments-list\">\n<ul>\n<li><a href=\"http:\/\/niesfornedruty.blox.pl\/\">urszula97<\/a> <time title=\"2018\/08\/13 13:11:47\" datetime=\"13.08.2018\">7 miesi\u0119cy temu<\/time>Mia\u0142as piekn\u0105 niedziel\u0119,u nas przylepa by\u0142a w sobot\u0119.Ja dalej narzekam na upa\u0142y,mimo \u017ce od czas do czasu jest deszcz to za chwil\u0119 zn\u00f3w duchota.Na dzia\u0142ce to totalnie patelnia,pod drzewami nie mam warzywnika i kwiat\u00f3w,a 7 pi\u0119tro tez robi swoje ale \u017cy\u0107 trzeba ,pozdrawiam.<\/li>\n<li><a href=\"http:\/\/www.blox.pl\/html?page=userProfilePreview&amp;username=kotimyszkot\">kotimyszkot<\/a> <time title=\"2018\/08\/13 20:06:31\" datetime=\"13.08.2018\">7 miesi\u0119cy temu<\/time>Ja tam nie narzeka\u0142am i nie zamierzam, jeszcze zd\u0105\u017cymy si\u0119 namarzn\u0105\u0107 \ud83d\ude09<br \/>\nNie dziwi\u0119 si\u0119, \u017ce wnuczki tak przyci\u0105gaj\u0105 uwag\u0119.. dzieci mo\u017cna obserwowa\u0107 non stop i jako\u015b si\u0119 to nie nudzi. Czasem \u0142api\u0119 moj\u0105 Mam\u0119, jak intensywnie mi si\u0119 przygl\u0105da.. te\u017c pewnie widzi we mnie siebie sprzed lat. Mam nadziej\u0119, \u017ce i dla Ciebie, to mi\u0142e wspomnienia \ud83d\ude42<\/li>\n<li><a href=\"http:\/\/www.blox.pl\/html?page=userProfilePreview&amp;username=emma_b\">emma_b<\/a> <time title=\"2018\/08\/13 22:50:01\" datetime=\"13.08.2018\">7 miesi\u0119cy temu<\/time>w Podd\u0105biu przed sklepem stoj\u0105 kalosze z kwiatkami i bardzo fajnie to wygl\u0105da. jak si\u0119 dorobisz nowych, koniecznie zrealizuj ten projekt. dobrego tygodnia:)<\/li>\n<li><a href=\"http:\/\/www.blox.pl\/html?page=userProfilePreview&amp;username=annazadroza\">annazadroza<\/a> <time title=\"2018\/08\/14 12:05:33\" datetime=\"14.08.2018\">7 miesi\u0119cy temu<\/time>Urszulko:-) Tak, mia\u0142am udan\u0105 niedziel\u0119, bo przecie\u017c taka ma\u0142a kruszynka sprawia, ze \u015bwiat pi\u0119knieje:) Starsza wnuczka te\u017c by\u0142a zadowolona, \u017ce mia\u0142a zam\u00f3wione smako\u0142yki oraz, \u017ce nikt jej nie przeszkadza\u0142 siedzie\u0107 z nosem w telefonie i pisa\u0107 sms-y z kole\u017cankami. Dzieli\u0142a si\u0119 pewnie wra\u017ceniami, bo poprzedniego dnia wr\u00f3ci\u0142a z kolonii.<br \/>\nSzkoda, \u017ce gor\u0105co zniszczy\u0142o Ci kwiaty i warzywnik, tego naprawd\u0119 \u017cal:(<br \/>\nU nas si\u0119 teraz robi parno jak przed burz\u0105, s\u0142o\u0144ce przys\u0142oni\u0142a jaka\u015b dziwna mgie\u0142ka.<br \/>\nPozdrawiam:)))<\/li>\n<li><a href=\"http:\/\/www.blox.pl\/html?page=userProfilePreview&amp;username=annazadroza\">annazadroza<\/a> <time title=\"2018\/08\/14 12:13:02\" datetime=\"14.08.2018\">7 miesi\u0119cy temu<\/time>Myszokocie:-) W dzieciach si\u0119 dostrzega r\u00f3\u017cne cechy, przynajmniej ja tak mam &#8211; raz malutka przypomina moj\u0105 babci\u0119, za chwil\u0119 robi mink\u0119 i mojego tat\u0119 w niej widz\u0119, a synowa pokazuje zdj\u0119cie swoje, kiedy by\u0142a ma\u0142a, jednocze\u015bnie ze zdj\u0119ciem Calineczki zrobionym przed chwil\u0105 &#8211; i wygl\u0105daj\u0105 jak to samo dziecko.<br \/>\nA patrz\u0105c w lustro widz\u0119 moj\u0105 mam\u0119, albo babci\u0119 &#8211; ale to nie ja! Ja przecie\u017c jestem t\u0105 dziewczynk\u0105, co siedzi po drugiej stronie sto\u0142u &#8230; No nie, to nie ja, to moja wnuczka&#8230; I tak ten czas robi mnie w konia p\u0119dz\u0105c nieprzytomnie do przodu&#8230;<\/li>\n<li><a href=\"http:\/\/www.blox.pl\/html?page=userProfilePreview&amp;username=annazadroza\">annazadroza<\/a> <time title=\"2018\/08\/14 12:21:37\" datetime=\"14.08.2018\">7 miesi\u0119cy temu<\/time>Emmo:-) Kwiatki ros\u0142y w starych garnkach, durszlaku, wiaderkach, cebrzykach, wanienkach, czajniku, butach glanach i w kaloszach. Fajne to jest, takie nowe \u017cycie starych przedmiot\u00f3w. Jak przyjdzie czas to zrobi\u0119.<br \/>\nU\u015bciski:)))<\/li>\n<\/ul>\n<\/div>\n<\/div>\n<footer id=\"footer\" class=\"body\">\u00a9 Anna Blog<br \/>\n<a href=\"http:\/\/www.blox.pl\/html\"><img loading=\"lazy\" decoding=\"async\" src=\"http:\/\/biv.gazeta.pl\/css\/blox\/themes\/glowny\/images\/blox-logo.png\" width=\"25\" height=\"25\" \/><\/a><\/p>\n<\/footer>\n<div class=\"fcbkbttn_buttons_block\" id=\"fcbkbttn_middle\"><div class=\"fcbkbttn_like \"><fb:like href=\"https:\/\/annapisze.art\/?p=1088\" action=\"like\" colorscheme=\"light\" layout=\"box_count\"  size=\"small\"><\/fb:like><\/div><div class=\"fb-share-button  \" data-href=\"https:\/\/annapisze.art\/?p=1088\" data-type=\"button_count\" data-size=\"small\"><\/div><\/div>","protected":false},"excerpt":{"rendered":"<p>W nocy z pi\u0105tku na sobot\u0119 la\u0142o jak z cebra. Rano te\u017c, pada\u0142o, pada\u0142o, pada\u0142o i z psami wyj\u015b\u0107 si\u0119 nie da\u0142o. Skitula wypu\u015bci\u0142am do ogr\u00f3dka, on szybko za\u0142atwia sprawy i jest gotowy do powrotu w ciep\u0142e, suche, wygodne miejsce:) &hellip; <a href=\"https:\/\/annapisze.art\/?p=1088\">Czytaj dalej <span class=\"meta-nav\">&rarr;<\/span><\/a><\/p>\n","protected":false},"author":1,"featured_media":0,"comment_status":"open","ping_status":"open","sticky":false,"template":"","format":"standard","meta":{"footnotes":""},"categories":[8],"tags":[],"class_list":["post-1088","post","type-post","status-publish","format-standard","hentry","category-mysle-sobie"],"_links":{"self":[{"href":"https:\/\/annapisze.art\/index.php?rest_route=\/wp\/v2\/posts\/1088","targetHints":{"allow":["GET"]}}],"collection":[{"href":"https:\/\/annapisze.art\/index.php?rest_route=\/wp\/v2\/posts"}],"about":[{"href":"https:\/\/annapisze.art\/index.php?rest_route=\/wp\/v2\/types\/post"}],"author":[{"embeddable":true,"href":"https:\/\/annapisze.art\/index.php?rest_route=\/wp\/v2\/users\/1"}],"replies":[{"embeddable":true,"href":"https:\/\/annapisze.art\/index.php?rest_route=%2Fwp%2Fv2%2Fcomments&post=1088"}],"version-history":[{"count":1,"href":"https:\/\/annapisze.art\/index.php?rest_route=\/wp\/v2\/posts\/1088\/revisions"}],"predecessor-version":[{"id":1089,"href":"https:\/\/annapisze.art\/index.php?rest_route=\/wp\/v2\/posts\/1088\/revisions\/1089"}],"wp:attachment":[{"href":"https:\/\/annapisze.art\/index.php?rest_route=%2Fwp%2Fv2%2Fmedia&parent=1088"}],"wp:term":[{"taxonomy":"category","embeddable":true,"href":"https:\/\/annapisze.art\/index.php?rest_route=%2Fwp%2Fv2%2Fcategories&post=1088"},{"taxonomy":"post_tag","embeddable":true,"href":"https:\/\/annapisze.art\/index.php?rest_route=%2Fwp%2Fv2%2Ftags&post=1088"}],"curies":[{"name":"wp","href":"https:\/\/api.w.org\/{rel}","templated":true}]}}