{"id":1081,"date":"2019-03-03T16:59:47","date_gmt":"2019-03-03T15:59:47","guid":{"rendered":"http:\/\/annapisze.art\/?p=1081"},"modified":"2019-03-03T16:59:47","modified_gmt":"2019-03-03T15:59:47","slug":"za-wczesnie","status":"publish","type":"post","link":"https:\/\/annapisze.art\/?p=1081","title":{"rendered":"Za wcze\u015bnie"},"content":{"rendered":"<p>&#8222;Wyznawa\u0142a religi\u0119 s\u0142o\u0144ca, wiatru i kwiat\u00f3w&#8221; &#8211; powiedzia\u0142 m\u0105\u017c Kory dzisiaj podczas pogrzebu. Patrzy\u0142am. Nie by\u0142am kiedy\u015b specjaln\u0105 fank\u0105 Kory, dopiero w sumie niedawno, gdy by\u0142a jurork\u0105 w muzycznym programie, przeczyta\u0142am jej wypowiedzi zanotowane podczas wywiad\u00f3w, ws\u0142ucha\u0142am si\u0119 w teksty i stwierdzi\u0142am, \u017ce jest, by\u0142a &#8211; bardzo m\u0105dr\u0105, siln\u0105 i odwa\u017cn\u0105 kobiet\u0105. Z gatunku ludzi, kt\u00f3rzy si\u0119 wrogom nie k\u0142aniaj\u0105. Wzruszy\u0142am si\u0119, gdy jej pi\u0119kny syn w jednej r\u0119ce ni\u00f3s\u0142 urn\u0119 z prochami matki, drug\u0105 za\u015b trzyma\u0142 za r\u0105czk\u0119 swojego synka. Widzia\u0142am te\u017c ulubion\u0105 bia\u0142\u0105 suni\u0119 Kory niesion\u0105 na r\u0119kach podczas przemarszu na miejsce spoczynku. Patrz\u0105c na portretowe zdj\u0119cie pe\u0142nej \u017cycia artystki, wyj\u0105tkowo pi\u0119kne, naprawd\u0119 trudno uwierzy\u0107, \u017ce ten wulkan energii zastyg\u0142, wygas\u0142 i stan\u0105\u0142 &#8222;ze s\u0142o\u0144cem twarz\u0105 w twarz&#8221;. Zdecydowanie za wcze\u015bnie.<\/p>\n<p>8.08.2018<\/p>\n<div id=\"posts-container\" class=\"body\">\n<div id=\"comments-list\" class=\"comments-list\">\n<ul>\n<li><a href=\"http:\/\/www.dotykbolu.blox.pl\/\">bognna<\/a> <time title=\"2018\/08\/08 16:19:52\" datetime=\"08.08.2018\">7 miesi\u0119cy temu<\/time>Fanka nigdy nie bylam i nadal nie jestem, ale faktycznie za wczesnie odeszla:(\n<p>Moze zle i niewlasciwie z oddali odbieram Jej smierc, ale jakos za duzo zamieszania i za duzo lansu roznych osob mniej lub bardziej z Kora zwiazanych.<\/li>\n<li><a href=\"http:\/\/www.blox.pl\/html?page=userProfilePreview&amp;username=emma_b\">emma_b<\/a> <time title=\"2018\/08\/08 21:19:49\" datetime=\"08.08.2018\">7 miesi\u0119cy temu<\/time>zdanie od kt\u00f3rego zacz\u0119\u0142a\u015b wpis powiedzia\u0142 Sipowicz zaraz po \u015bmierci Kory, wyja\u015bniaj\u0105c dlaczego nie przyj\u0119\u0142a ostatniego namaszczenia. je\u015bli pad\u0142o w czasie pogrzebu, to je powt\u00f3rzy\u0142. a warto by\u0142o, bo &#8222;religia s\u0142o\u0144ca, wiatru i kwiat\u00f3w&#8221; brzmi fantastycznie. zachwyci\u0142a mnie te\u017c urna z ptaszkami. do tego stopnia, \u017ce postanowi\u0142am sprawi\u0107 sobie podobn\u0105:)<\/li>\n<li><a href=\"http:\/\/kolewoczy.blox.pl\/html\">kolewoczy<\/a> <time title=\"2018\/08\/08 21:42:36\" datetime=\"08.08.2018\">7 miesi\u0119cy temu<\/time>Lubi\u0142am niekt\u00f3re jej piosenki, a nawet je\u015bli nie wszystkie, to tamte czasy kojarz\u0105 si\u0119 z moj\u0105 m\u0142odo\u015bci\u0105. I dlatego pozostan\u0105 we wspomnieniach.<\/li>\n<li><a href=\"http:\/\/www.blox.pl\/html?page=userProfilePreview&amp;username=tanczaca_w_deszczu\">tanczaca_w_deszczu<\/a> <time title=\"2018\/08\/08 22:19:33\" datetime=\"08.08.2018\">7 miesi\u0119cy temu<\/time>pi\u0119knie napisa\u0142a\u015b. Maanam to moja m\u0142odo\u015b\u0107. Kor\u0119 podziwia\u0142am za rewelacyjn\u0105 dykcj\u0119. Bez wzgl\u0119du na tempo utworu, ka\u017cde s\u0142owo by\u0142o wyra\u017ane. &#8230; za wcze\u015bnie<\/li>\n<li><a href=\"http:\/\/www.blox.pl\/html?page=userProfilePreview&amp;username=annazadroza\">annazadroza<\/a> <time title=\"2018\/08\/09 16:35:37\" datetime=\"09.08.2018\">7 miesi\u0119cy temu<\/time>Bognno:-) Wydaje mi si\u0119, ze w takich przypadkach mamy do czynienia z trzema grupami ludzi. Pierwsza uczestniczy i reaguje z potrzeby serca i duszy. Druga z ciekawo\u015bci. A trzecia &#8211; bo mo\u017ce przy tej okazji uda si\u0119 ugra\u0107 co\u015b dla siebie\/wylansowa\u0107 si\u0119\/ zareklamowa\u0107. Ostatnia mnie wkurza.<\/li>\n<li><a href=\"http:\/\/www.blox.pl\/html?page=userProfilePreview&amp;username=annazadroza\">annazadroza<\/a> <time title=\"2018\/08\/09 16:47:08\" datetime=\"09.08.2018\">7 miesi\u0119cy temu<\/time>Emmo:-) Powt\u00f3rzy\u0142. Mnie te s\u0142owa ca\u0142y czas chodz\u0105 po g\u0142owie. I jeszcze s\u0142ysz\u0119 g\u0142os, kt\u00f3rym m\u00f3wi\u0142a, kt\u00f3ry mnie nieraz denerwowa\u0142, kiedy by\u0142a jurork\u0105. Nieraz si\u0119 nie zgadza\u0142am, wkurza\u0142am si\u0119 jej ocenami &#8211; ale to w\u0142a\u015bnie by\u0142o spowodowane faktem, \u017ce nie da\u0142o si\u0119 by\u0107 wobec niej oboj\u0119tnym, wyzwala\u0142a emocje.<br \/>\nNa urn\u0119 te\u017c zwr\u00f3ci\u0142am uwag\u0119. taka &#8230;radosna&#8230;<br \/>\n&#8222;Religia s\u0142o\u0144ca, wiatru i kwiat\u00f3w&#8221;. Pi\u0119kne.<\/li>\n<li><a href=\"http:\/\/www.blox.pl\/html?page=userProfilePreview&amp;username=annazadroza\">annazadroza<\/a> <time title=\"2018\/08\/09 16:51:41\" datetime=\"09.08.2018\">7 miesi\u0119cy temu<\/time>Kolewoczy:-) Utwory z czasem stawa\u0142y si\u0119 coraz g\u0142\u0119bsze, bardziej przemawiaj\u0105ce do g\u0142\u0119bi duszy &#8211; tak si\u0119 dzieje w miar\u0119 rozwoju cz\u0142owieka.<br \/>\nZawsze wspomina si\u0119 z sentymentem wszystko, co zwi\u0105zane z czasem, gdy by\u0142y\u015bmy pi\u0119kne i m\u0142ode. Wiadomo, \u017ce teraz jeste\u015bmy tylko pi\u0119kne, przynajmniej ja;)))<\/li>\n<li><a href=\"http:\/\/www.blox.pl\/html?page=userProfilePreview&amp;username=annazadroza\">annazadroza<\/a> <time title=\"2018\/08\/09 16:56:01\" datetime=\"09.08.2018\">7 miesi\u0119cy temu<\/time>Ta\u0144cz\u0105ca:-) Dykcj\u0119 mia\u0142a doskona\u0142\u0105, wprost nie do uwierzenia, \u017ce tak dok\u0142adnie mo\u017cna wypowiada\u0107 teksty z szybko\u015bci\u0105 karabinu maszynowego. Nie do powt\u00f3rzenia.<br \/>\nSzkoda&#8230;<\/li>\n<\/ul>\n<\/div>\n<\/div>\n<footer id=\"footer\" class=\"body\">\u00a9 Anna Blog<br \/>\n<a href=\"http:\/\/www.blox.pl\/html\"><img loading=\"lazy\" decoding=\"async\" src=\"http:\/\/biv.gazeta.pl\/css\/blox\/themes\/glowny\/images\/blox-logo.png\" width=\"25\" height=\"25\" \/><\/a><\/p>\n<\/footer>\n<div class=\"fcbkbttn_buttons_block\" id=\"fcbkbttn_middle\"><div class=\"fcbkbttn_like \"><fb:like href=\"https:\/\/annapisze.art\/?p=1081\" action=\"like\" colorscheme=\"light\" layout=\"box_count\"  size=\"small\"><\/fb:like><\/div><div class=\"fb-share-button  \" data-href=\"https:\/\/annapisze.art\/?p=1081\" data-type=\"button_count\" data-size=\"small\"><\/div><\/div>","protected":false},"excerpt":{"rendered":"<p>&#8222;Wyznawa\u0142a religi\u0119 s\u0142o\u0144ca, wiatru i kwiat\u00f3w&#8221; &#8211; powiedzia\u0142 m\u0105\u017c Kory dzisiaj podczas pogrzebu. Patrzy\u0142am. Nie by\u0142am kiedy\u015b specjaln\u0105 fank\u0105 Kory, dopiero w sumie niedawno, gdy by\u0142a jurork\u0105 w muzycznym programie, przeczyta\u0142am jej wypowiedzi zanotowane podczas wywiad\u00f3w, ws\u0142ucha\u0142am si\u0119 w teksty &hellip; <a href=\"https:\/\/annapisze.art\/?p=1081\">Czytaj dalej <span class=\"meta-nav\">&rarr;<\/span><\/a><\/p>\n","protected":false},"author":1,"featured_media":0,"comment_status":"open","ping_status":"open","sticky":false,"template":"","format":"standard","meta":{"footnotes":""},"categories":[8],"tags":[],"class_list":["post-1081","post","type-post","status-publish","format-standard","hentry","category-mysle-sobie"],"_links":{"self":[{"href":"https:\/\/annapisze.art\/index.php?rest_route=\/wp\/v2\/posts\/1081","targetHints":{"allow":["GET"]}}],"collection":[{"href":"https:\/\/annapisze.art\/index.php?rest_route=\/wp\/v2\/posts"}],"about":[{"href":"https:\/\/annapisze.art\/index.php?rest_route=\/wp\/v2\/types\/post"}],"author":[{"embeddable":true,"href":"https:\/\/annapisze.art\/index.php?rest_route=\/wp\/v2\/users\/1"}],"replies":[{"embeddable":true,"href":"https:\/\/annapisze.art\/index.php?rest_route=%2Fwp%2Fv2%2Fcomments&post=1081"}],"version-history":[{"count":1,"href":"https:\/\/annapisze.art\/index.php?rest_route=\/wp\/v2\/posts\/1081\/revisions"}],"predecessor-version":[{"id":1082,"href":"https:\/\/annapisze.art\/index.php?rest_route=\/wp\/v2\/posts\/1081\/revisions\/1082"}],"wp:attachment":[{"href":"https:\/\/annapisze.art\/index.php?rest_route=%2Fwp%2Fv2%2Fmedia&parent=1081"}],"wp:term":[{"taxonomy":"category","embeddable":true,"href":"https:\/\/annapisze.art\/index.php?rest_route=%2Fwp%2Fv2%2Fcategories&post=1081"},{"taxonomy":"post_tag","embeddable":true,"href":"https:\/\/annapisze.art\/index.php?rest_route=%2Fwp%2Fv2%2Ftags&post=1081"}],"curies":[{"name":"wp","href":"https:\/\/api.w.org\/{rel}","templated":true}]}}