{"id":1050,"date":"2019-03-02T19:39:01","date_gmt":"2019-03-02T18:39:01","guid":{"rendered":"http:\/\/annapisze.art\/?p=1050"},"modified":"2019-03-02T19:39:01","modified_gmt":"2019-03-02T18:39:01","slug":"tylko-spokoj","status":"publish","type":"post","link":"https:\/\/annapisze.art\/?p=1050","title":{"rendered":"Tylko spok\u00f3j"},"content":{"rendered":"<p>Wisielczego humoru ci\u0105g dalszy. Spojrza\u0142am na wczorajszy wpis. Powinnam napisa\u0107, \u017ce ka\u017cdy zwyk\u0142y Kowalski, normalny szary cz\u0142owiek nie zdaje sobie sprawy, \u017ce ju\u017c jest albo za chwil\u0119 b\u0119dzie Szarym Cz\u0142owiekiem. Jaka kr\u00f3tka jest ludzka pami\u0119\u0107, zatrzymuje si\u0119 tylko nad tym, co potrzebne, co pasuje, co przydatne w danej chwili. O Nim ju\u017c wszyscy zapomnieli, a nale\u017cy Mu si\u0119 cze\u015b\u0107 i szacunek.<br \/>\nhttps:\/\/oko.press\/piotr-s-szary-czlowiek-zyje-czesc-pamieci\/<br \/>\nDzisiaj \u015awi\u0119to Policji, formacji, kt\u00f3ra cieszy\u0142a si\u0119 powa\u017caniem i zaufaniem spo\u0142ecze\u0144stwa. Teraz to spo\u0142ecze\u0144stwo zacznie si\u0119 zastanawia\u0107, czy wo\u0142a\u0107 &#8222;policja&#8221; w chwili zagro\u017cenia, czy &#8211; boj\u0105c si\u0119 tej policji w\u0142a\u015bnie &#8211; samo zacznie wymierza\u0107 sprawiedliwo\u015b\u0107. Boj\u0119 si\u0119. &#8222;Idzie dzie\u0144 s\u0105du przez Dzikie Pola&#8230;&#8221; . Ja tylko chc\u0119 spokojnie \u017cy\u0107 w normalnym pa\u0144stwie, nic wi\u0119cej.<\/p>\n<p>24.07.2018<\/p>\n<div id=\"posts-container\" class=\"body\">\n<div id=\"comments-list\" class=\"comments-list\">\n<ul>\n<li><a href=\"http:\/\/www.mycastle.blox.pl\/\">e.urlik<\/a> <time title=\"2018\/07\/24 10:57:12\" datetime=\"24.07.2018\">8 miesi\u0119cy temu<\/time>\u017by\u0107 normalnie i spokojnie chce wi\u0119kszo\u015b\u0107 ludzi na \u015bwiecie. Gdyby nie by\u0142o polityk\u00f3w, to mo\u017ce by\u0142oby to mo\u017cliwe? Ca\u0142uski pacyfistyczne.<\/li>\n<li><a href=\"http:\/\/www.blox.pl\/html?page=userProfilePreview&amp;username=annazadroza\">annazadroza<\/a> <time title=\"2018\/07\/25 10:18:46\" datetime=\"25.07.2018\">8 miesi\u0119cy temu<\/time>Ewu\u015b:-) Wystarczy ma\u0142a grupka, by rozkr\u0119ci\u0107 &#8222;imprez\u0119&#8221;, od kt\u00f3rej mo\u017ce \u015bwiat zap\u0142on\u0105\u0107. A takich idiot\u00f3w nigdy i nigdzie nie brakuje. Zauwa\u017cy\u0142a\u015b, \u017ce polityce to w wi\u0119kszo\u015bci ludzie, kt\u00f3rzy si\u0119 do niczego innego nie nadaj\u0105? Normalni ludzie pracuj\u0119, a jak komu si\u0119 nie chce &#8211; idzie do polityki. Czerepach z &#8222;Rancza&#8221; si\u0119 przypomina: &#8222;polityka z przyzwoito\u015bci\u0105 nie ma nic wsp\u00f3lnego&#8221;. I to by by\u0142o na tyle &#8211; te\u017c cytat.<br \/>\nU\u015bciskuj\u0119 mocno:)))<\/li>\n<\/ul>\n<\/div>\n<\/div>\n<footer id=\"footer\" class=\"body\">\u00a9 Anna Blog<br \/>\n<a href=\"http:\/\/www.blox.pl\/html\"><img loading=\"lazy\" decoding=\"async\" src=\"http:\/\/biv.gazeta.pl\/css\/blox\/themes\/glowny\/images\/blox-logo.png\" width=\"25\" height=\"25\" \/><\/a><\/p>\n<\/footer>\n<div class=\"fcbkbttn_buttons_block\" id=\"fcbkbttn_middle\"><div class=\"fcbkbttn_like \"><fb:like href=\"https:\/\/annapisze.art\/?p=1050\" action=\"like\" colorscheme=\"light\" layout=\"box_count\"  size=\"small\"><\/fb:like><\/div><div class=\"fb-share-button  \" data-href=\"https:\/\/annapisze.art\/?p=1050\" data-type=\"button_count\" data-size=\"small\"><\/div><\/div>","protected":false},"excerpt":{"rendered":"<p>Wisielczego humoru ci\u0105g dalszy. Spojrza\u0142am na wczorajszy wpis. Powinnam napisa\u0107, \u017ce ka\u017cdy zwyk\u0142y Kowalski, normalny szary cz\u0142owiek nie zdaje sobie sprawy, \u017ce ju\u017c jest albo za chwil\u0119 b\u0119dzie Szarym Cz\u0142owiekiem. Jaka kr\u00f3tka jest ludzka pami\u0119\u0107, zatrzymuje si\u0119 tylko nad tym, &hellip; <a href=\"https:\/\/annapisze.art\/?p=1050\">Czytaj dalej <span class=\"meta-nav\">&rarr;<\/span><\/a><\/p>\n","protected":false},"author":1,"featured_media":0,"comment_status":"open","ping_status":"open","sticky":false,"template":"","format":"standard","meta":{"footnotes":""},"categories":[8],"tags":[],"class_list":["post-1050","post","type-post","status-publish","format-standard","hentry","category-mysle-sobie"],"_links":{"self":[{"href":"https:\/\/annapisze.art\/index.php?rest_route=\/wp\/v2\/posts\/1050","targetHints":{"allow":["GET"]}}],"collection":[{"href":"https:\/\/annapisze.art\/index.php?rest_route=\/wp\/v2\/posts"}],"about":[{"href":"https:\/\/annapisze.art\/index.php?rest_route=\/wp\/v2\/types\/post"}],"author":[{"embeddable":true,"href":"https:\/\/annapisze.art\/index.php?rest_route=\/wp\/v2\/users\/1"}],"replies":[{"embeddable":true,"href":"https:\/\/annapisze.art\/index.php?rest_route=%2Fwp%2Fv2%2Fcomments&post=1050"}],"version-history":[{"count":1,"href":"https:\/\/annapisze.art\/index.php?rest_route=\/wp\/v2\/posts\/1050\/revisions"}],"predecessor-version":[{"id":1051,"href":"https:\/\/annapisze.art\/index.php?rest_route=\/wp\/v2\/posts\/1050\/revisions\/1051"}],"wp:attachment":[{"href":"https:\/\/annapisze.art\/index.php?rest_route=%2Fwp%2Fv2%2Fmedia&parent=1050"}],"wp:term":[{"taxonomy":"category","embeddable":true,"href":"https:\/\/annapisze.art\/index.php?rest_route=%2Fwp%2Fv2%2Fcategories&post=1050"},{"taxonomy":"post_tag","embeddable":true,"href":"https:\/\/annapisze.art\/index.php?rest_route=%2Fwp%2Fv2%2Ftags&post=1050"}],"curies":[{"name":"wp","href":"https:\/\/api.w.org\/{rel}","templated":true}]}}