{"id":1048,"date":"2019-03-02T19:36:19","date_gmt":"2019-03-02T18:36:19","guid":{"rendered":"http:\/\/annapisze.art\/?p=1048"},"modified":"2019-03-02T19:36:19","modified_gmt":"2019-03-02T18:36:19","slug":"lucia-berlin-instrukcja-dla-pan-sprzatajacych","status":"publish","type":"post","link":"https:\/\/annapisze.art\/?p=1048","title":{"rendered":"Lucia Berlin &#8222;Instrukcja dla pa\u0144 sprz\u0105taj\u0105cych&#8221;"},"content":{"rendered":"<p>20. VII.\u00a0Trudno jest si\u0119 skupi\u0107 na pracy nad powie\u015bci\u0105, poniewa\u017c ca\u0142y dzie\u0144 w tv idzie sprawozdanie z obrad sejmu. S\u0105 to tak wa\u017cne sprawy, \u017ce nie da rady oderwa\u0107 uwagi, cho\u0107 wola\u0142abym. W ko\u0144cu w tej chwili nie mam \u017cadnego wp\u0142ywu na sytuacj\u0119, ale nie mog\u0119, &#8222;co\u015b&#8221; mi ka\u017ce \u015bledzi\u0107 bie\u017c\u0105ce wydarzenia. Dowiedzia\u0142am si\u0119 nowej rzeczy, a mianowicie, \u017ce obywatele to chuliganeria. Do zdradzieckiej mordy i kanalii, drugiego sortu i in. ju\u017c przywyk\u0142am, a tu prosz\u0119, co\u015b nowego. Aha, a opozycja dosta\u0142a a\u017c (!) 30 sekund na wypowied\u017a. Rzeczywi\u015bcie, po co wi\u0119cej, zagada\u0107 si\u0119 mo\u017cna na \u015bmier\u0107 w tak d\u0142ugim czasie. Zachowanie i odzywki pisowych sztandarowych postaci jak Krystyna P. czy Stanis\u0142aw P. odwracaj\u0105 uwag\u0119 od wa\u017cnych spraw obra\u017caj\u0105c w prostacki spos\u00f3b swoich rodak\u00f3w.\u00a0Rok temu by\u0142y t\u0142umy ludzi przed s\u0105dami. Opozycja powtarza\u0142a &#8222;nie pozwolimy&#8221;. I co? Nic nie mo\u017ce. Naprawd\u0119 nic nie ma do powiedzenia, nie ma jej w\u0142a\u015bciwie, nie potrafi si\u0119 porozumie\u0107 nawet w imi\u0119 cel\u00f3w wy\u017cszych. A najgorsze, \u017ce nie ma programu, nie m\u00f3wi co po pisie. Ewentualnie oczywi\u015bcie, bo przecie\u017c pis rz\u0105dzi\u0107 chce co najmniej 1000 lat.<br \/>\nTeraz jest poniedzia\u0142ek 23.VII. Dopiero usiad\u0142am przy Lapciu, nie mia\u0142am czasu wcze\u015bniej.<br \/>\nWczoraj przeczyta\u0142am kilka opowiada\u0144 Lucii Berlin ze zbioru &#8222;Instrukcja dla pa\u0144 sprz\u0105taj\u0105cych&#8221;, zach\u0119cona recenzj\u0105. Zbi\u00f3r wydany po \u015bmierci autorki, z zachwytem przyj\u0119ty przez krytyk\u00f3w i czytelnik\u00f3w &#8211; jak napisano. Od\u0142o\u017cy\u0142am, bo w obecnej chwili teksty by\u0142y dla mnie zbyt przygn\u0119biaj\u0105ce. Mimo szczerych ch\u0119ci &#8211; tylko tyle w temacie.<br \/>\nW og\u00f3le &#8222;w czarnych barwach widz\u0119 \u015bwiat&#8221; dzi\u015b pod ka\u017cdym wzgl\u0119dem. Nie tylko politycznym, cho\u0107 w tym jest podstawowe \u017ar\u00f3d\u0142o problem\u00f3w i st\u0105d si\u0119 rozprzestrzenia na wszystkie dziedziny \u017cycia ka\u017cdego Szarego Cz\u0142owieka. Ludzie nie zdaj\u0105 sobie sprawy, \u017ce nawet tych nie chodz\u0105cych na wybory to dotknie, pr\u0119dzej czy p\u00f3\u017aniej. Ale nic wi\u0119cej nie powiem. Najtrafniej stre\u015bci\u0142a rzecz ca\u0142\u0105 Emma z Podd\u0105bia na swoim blogu w gazetce.<\/p>\n<p>23.07.2018<\/p>\n<div id=\"posts-container\" class=\"body\">\n<div id=\"comments-list\" class=\"comments-list\">\n<ul>\n<li><a href=\"http:\/\/www.blox.pl\/html?page=userProfilePreview&amp;username=babciabezmohera\">babciabezmohera<\/a> <time title=\"2018\/07\/23 19:44:50\" datetime=\"23.07.2018\">8 miesi\u0119cy temu<\/time>Dorzuc\u0119 jeszcze \u015bwirusy- wed\u0142ug marsza\u0142ka Karczewskiego. Coraz ciekawiej, prawda?<br \/>\nMo\u017ce im si\u0119 nie uda sfa\u0142szowa\u0107 wybor\u00f3w?&#8230;<\/li>\n<li><a href=\"http:\/\/niesfornedruty.blox.pl\/\">urszula97<\/a> <time title=\"2018\/07\/23 21:08:39\" datetime=\"23.07.2018\">8 miesi\u0119cy temu<\/time>Ja ju\u017c mam dosy\u0107 &#8222;takiej polityki&#8221;,niestety sporo os\u00f3b jeszcze im ufa,jakby mogli to by po r\u0119kach ca\u0142owali,pozdrawiam.<\/li>\n<li><a href=\"http:\/\/www.blox.pl\/html?page=userProfilePreview&amp;username=annazadroza\">annazadroza<\/a> <time title=\"2018\/07\/25 10:09:49\" datetime=\"25.07.2018\">8 miesi\u0119cy temu<\/time>BBM:-) Tak, jeszcze \u015bwiry, to te\u017c nowiutkie, \u015bwie\u017cutkie okre\u015blenie &#8211; a moja babcia m\u00f3wi\u0142a: jak kto kogo przezywa, tak si\u0119 sam nazywa&#8230;<br \/>\nNawet si\u0119 nie b\u0119d\u0105 bawi\u0107 w fa\u0142szowanie, ju\u017c nie musz\u0105&#8230; tak im si\u0119 przynajmniej zdaje&#8230;<br \/>\nTu si\u0119 k\u0142ania przys\u0142owie o indyku &#8211; my\u015bla\u0142 indyk o niedzieli, w sobot\u0119&#8230;.<\/li>\n<li><a href=\"http:\/\/www.blox.pl\/html?page=userProfilePreview&amp;username=annazadroza\">annazadroza<\/a> <time title=\"2018\/07\/25 10:13:26\" datetime=\"25.07.2018\">8 miesi\u0119cy temu<\/time>Urszulo:-) Jakby bielmo na oczach mieli. Ale &#8211; jak nie wiadomo o co chodzi to chodzi o pieni\u0105dze&#8230;<br \/>\nMimo wszystko &#8211; serdeczno\u015bci moc:)))<\/li>\n<li><a href=\"http:\/\/www.blox.pl\/html?page=userProfilePreview&amp;username=emma_b\">emma_b<\/a> <time title=\"2018\/07\/27 11:37:25\" datetime=\"27.07.2018\">8 miesi\u0119cy temu<\/time>jak dobrze, \u017ce nie mam telewizora, bo mo\u017ce bym nie wytrzyma\u0142a i w\u0142\u0105czy\u0142a. czuj\u0119 si\u0119 zaszczycona wzmiank\u0105 o mnie w Twoim wpisie. buziaki<\/li>\n<li><a href=\"http:\/\/www.blox.pl\/html?page=userProfilePreview&amp;username=annazadroza\">annazadroza<\/a> <time title=\"2018\/07\/27 18:34:30\" datetime=\"27.07.2018\">8 miesi\u0119cy temu<\/time>Emmo:-) To ja si\u0119 tak czuj\u0119, \u017ce trafi\u0142am do Ciebie i mog\u0119 u Ciebie bywa\u0107:) Buziaki:)))<\/li>\n<\/ul>\n<\/div>\n<\/div>\n<footer id=\"footer\" class=\"body\">\u00a9 Anna Blog<br \/>\n<a href=\"http:\/\/www.blox.pl\/html\"><img loading=\"lazy\" decoding=\"async\" src=\"http:\/\/biv.gazeta.pl\/css\/blox\/themes\/glowny\/images\/blox-logo.png\" width=\"25\" height=\"25\" \/><\/a><\/p>\n<\/footer>\n<div class=\"fcbkbttn_buttons_block\" id=\"fcbkbttn_middle\"><div class=\"fcbkbttn_like \"><fb:like href=\"https:\/\/annapisze.art\/?p=1048\" action=\"like\" colorscheme=\"light\" layout=\"box_count\"  size=\"small\"><\/fb:like><\/div><div class=\"fb-share-button  \" data-href=\"https:\/\/annapisze.art\/?p=1048\" data-type=\"button_count\" data-size=\"small\"><\/div><\/div>","protected":false},"excerpt":{"rendered":"<p>20. VII.\u00a0Trudno jest si\u0119 skupi\u0107 na pracy nad powie\u015bci\u0105, poniewa\u017c ca\u0142y dzie\u0144 w tv idzie sprawozdanie z obrad sejmu. S\u0105 to tak wa\u017cne sprawy, \u017ce nie da rady oderwa\u0107 uwagi, cho\u0107 wola\u0142abym. W ko\u0144cu w tej chwili nie mam \u017cadnego &hellip; <a href=\"https:\/\/annapisze.art\/?p=1048\">Czytaj dalej <span class=\"meta-nav\">&rarr;<\/span><\/a><\/p>\n","protected":false},"author":1,"featured_media":0,"comment_status":"open","ping_status":"open","sticky":false,"template":"","format":"standard","meta":{"footnotes":""},"categories":[8],"tags":[],"class_list":["post-1048","post","type-post","status-publish","format-standard","hentry","category-mysle-sobie"],"_links":{"self":[{"href":"https:\/\/annapisze.art\/index.php?rest_route=\/wp\/v2\/posts\/1048","targetHints":{"allow":["GET"]}}],"collection":[{"href":"https:\/\/annapisze.art\/index.php?rest_route=\/wp\/v2\/posts"}],"about":[{"href":"https:\/\/annapisze.art\/index.php?rest_route=\/wp\/v2\/types\/post"}],"author":[{"embeddable":true,"href":"https:\/\/annapisze.art\/index.php?rest_route=\/wp\/v2\/users\/1"}],"replies":[{"embeddable":true,"href":"https:\/\/annapisze.art\/index.php?rest_route=%2Fwp%2Fv2%2Fcomments&post=1048"}],"version-history":[{"count":1,"href":"https:\/\/annapisze.art\/index.php?rest_route=\/wp\/v2\/posts\/1048\/revisions"}],"predecessor-version":[{"id":1049,"href":"https:\/\/annapisze.art\/index.php?rest_route=\/wp\/v2\/posts\/1048\/revisions\/1049"}],"wp:attachment":[{"href":"https:\/\/annapisze.art\/index.php?rest_route=%2Fwp%2Fv2%2Fmedia&parent=1048"}],"wp:term":[{"taxonomy":"category","embeddable":true,"href":"https:\/\/annapisze.art\/index.php?rest_route=%2Fwp%2Fv2%2Fcategories&post=1048"},{"taxonomy":"post_tag","embeddable":true,"href":"https:\/\/annapisze.art\/index.php?rest_route=%2Fwp%2Fv2%2Ftags&post=1048"}],"curies":[{"name":"wp","href":"https:\/\/api.w.org\/{rel}","templated":true}]}}