{"id":1041,"date":"2019-03-02T19:26:08","date_gmt":"2019-03-02T18:26:08","guid":{"rendered":"http:\/\/annapisze.art\/?p=1041"},"modified":"2019-03-02T19:26:08","modified_gmt":"2019-03-02T18:26:08","slug":"dobrego-dnia","status":"publish","type":"post","link":"https:\/\/annapisze.art\/?p=1041","title":{"rendered":"Dobrego dnia:)"},"content":{"rendered":"<p>Czuj\u0119 si\u0119 jak w tropikach, wilgotno\u015b\u0107 powietrza musi by\u0107 wyj\u0105tkowo du\u017ca jak na nasze warunki, bo mam wra\u017cenie, \u017ce woda p\u0142ynie po mnie i wok\u00f3\u0142 mnie, a jak wci\u0105gam powietrze w p\u0142uca, to te\u017c z wod\u0105. Dopiero narzeka\u0142am na susz\u0119, a teraz&#8230; Nie, nie narzekam, gderam z przyzwyczajenia, bo wszak wszyscy gderanie mamy w genach. Na przek\u00f3r gderaniu &#8211; zachwycam si\u0119 i b\u0119d\u0119 si\u0119 zachwyca\u0107 \u015bwie\u017c\u0105 zieleni\u0105 i pachn\u0105cymi iglakami, kt\u00f3re chyba z rado\u015bci, \u017ce pada, pachn\u0105 niezwykle intensywnie:)<br \/>\nM\u0142oda \u015bpi, wytargowa\u0142a z rodzicami jeden dzie\u0144 wi\u0119cej pobytu u nas, co mnie ogromnie cieszy, bo potwierdza fakt, \u017ce jej tu dobrze:) Wyje\u017cd\u017caj\u0105 rodzinie na wakacje, wi\u0119c ten ponadplanowy dzie\u0144 to jej niezaprzeczalna zas\u0142uga. Skitu\u015b jest r\u00f3wnie uszcz\u0119\u015bliwiony:) Boki m\u00f3g\u0142by zrywa\u0107 ze \u015bmiechu kto\u015b, kto obserwowa\u0142by moje pr\u00f3by prze\u0142amania jego biernego oporu przy pr\u00f3bach zrzucenia go z \u0142\u00f3\u017cka K. Wreszcie, gdy mi si\u0119 uda, zamykam pok\u00f3j, \u017ceby K. spokojnie sobie pospa\u0142a, a Skitek p\u0119dzi na d\u00f3\u0142, bo mu si\u0119 przypomina, \u017ce ma potrzeb\u0119 wyj\u015bcia na zewn\u0105trz. Cyrk po prostu:)))<br \/>\nKo\u0144cz\u0119, bo chc\u0119 wnusi przygotowa\u0107 co\u015b dobrego zanim wstanie:) Wczoraj by\u0142y dodatkowo nale\u015bniki, budy\u0144 i murzynek:)<\/p>\n<p>Trzymajcie si\u0119, kochani, i spokojnego, dobrego dnia:)))<\/p>\n<p>18.07.2018<\/p>\n<div id=\"posts-container\" class=\"body\">\n<div id=\"comments-list\" class=\"comments-list\">\n<ul>\n<li><a href=\"http:\/\/www.blox.pl\/html?page=userProfilePreview&amp;username=kotimyszkot\">otimyszkot<\/a> <time title=\"2018\/07\/18 08:57:17\" datetime=\"18.07.2018\">8 miesi\u0119cy temu<\/time>Nic dziwnego, \u017ce wnuczka chce zosta\u0107 d\u0142u\u017cej.. Rozpieszczaj\u0105ca babcia, pyszno\u015bci, zierzaki i pachn\u0105ce iglaki.. zestaw idealny \ud83d\ude42<\/li>\n<li><a href=\"http:\/\/www.blox.pl\/html?page=userProfilePreview&amp;username=marijana2\">marijana2<\/a> <time title=\"2018\/07\/18 10:43:14\" datetime=\"18.07.2018\">8 miesi\u0119cy temu<\/time>Tyle rado\u015bci. Mi\u0142o, \u017ce wszyscy s\u0105 zadowoleni ze wsp\u00f3lnie sp\u0119dzanego czasu i nawet deszczowa aura nie psuje humoru. U mnie ju\u017c drugi dzie\u0144 kolorowe parasole o\u017cywiaj\u0105 przestrze\u0144 miejsk\u0105. Przesy\u0142am serdeczno\u015bci. \ud83d\ude42<\/li>\n<li><a href=\"http:\/\/www.mycastle.blox.pl\/\">e.urlik<\/a> <time title=\"2018\/07\/18 13:30:46\" datetime=\"18.07.2018\">8 miesi\u0119cy temu<\/time>Ania, jaka ty wspania\u0142a jeste\u015b, nawet nie wiesz. Czasem kiedy czytam twoje posty, to zdarza mi si\u0119 pop\u0142aka\u0107 ze wzruszenia i z rado\u015bci, \u017ce takie czarodziejki s\u0105 na \u015bwiecie.<\/li>\n<li><a href=\"http:\/\/www.blox.pl\/html?page=userProfilePreview&amp;username=fusilla\">fusilla<\/a> <time title=\"2018\/07\/18 13:30:56\" datetime=\"18.07.2018\">8 miesi\u0119cy temu<\/time>A ja dzi\u015b skoro \u015bwit, zabra\u0142am wszystkie chmury deszczowe ze sob\u0105, z miejsca, gdzie Bug do Narwi wpada, i przemie\u015bci\u0142am je nad nasze Bory! Okaza\u0142o si\u0119 jednak, \u017ce tam ju\u017c d\u017cd\u017cysto by\u0142o od paru dni, wi\u0119c nie dziwota, \u017ce prawie na pami\u0119\u0107 w strugach ulewy wraca\u0142am do domu!:-)))))<\/li>\n<li><a href=\"http:\/\/niesfornedruty.blox.pl\/\">urszula97<\/a> <time title=\"2018\/07\/18 20:29:30\" datetime=\"18.07.2018\">8 miesi\u0119cy temu<\/time>Dobrze u babci to si\u0119 korzysta i dobrze.U nas leje,w poniedzia\u0142ek mi\u0119dzy przerw\u0105 deszczow\u0105 uda\u0142o nam si\u0119 zerwa\u0107 20 kg renklod,zrobi\u0142am sok,synowa wzie\u0142a i przyjaci\u00f3\u0142ka,a na drzewie jeszcze chyba z 80 kg zosta\u0142o takie dojrza\u0142e,rodze\u0144stwo chcia\u0142o a\u017c sie boj\u0119 p\u00f3j\u015bc na dzia\u0142k\u0119 jutro i zobaczyc ile \u015bliw le\u017cy na ziemi do wyrzucenia.<\/li>\n<li><a href=\"http:\/\/www.blox.pl\/html?page=userProfilePreview&amp;username=annazadroza\">annazadroza<\/a> <time title=\"2018\/07\/19 08:14:11\" datetime=\"19.07.2018\">8 miesi\u0119cy temu<\/time>Myszokocie:-) Ja bym chcia\u0142a j\u0105 mie\u0107 przez ca\u0142e wakacje. Niemo\u017cliwe to oczywi\u015bcie, dobrze pami\u0119tam siebie w tym wieku, kiedy si\u0119 jest ciekawym \u015bwiata, a podr\u00f3\u017ce n\u0119c\u0105. Ciesz\u0119 si\u0119, \u017ce lubi u nas by\u0107:)))<\/li>\n<li><a href=\"http:\/\/www.blox.pl\/html?page=userProfilePreview&amp;username=annazadroza\">annazadroza<\/a> <time title=\"2018\/07\/19 08:19:07\" datetime=\"19.07.2018\">8 miesi\u0119cy temu<\/time>Marijano:-) Deszcz po okresie suszy to zbawienie dla natury. Szkoda, \u017ce nic nie mo\u017ce by\u0107 w normie. Jak susza &#8211; to niczym na Saharze, jak deszcz &#8211; od razu zagro\u017cenie powodziowe. \u017badnego umiaru;)<br \/>\nA rado\u015b\u0107 &#8211; jest ogromna, kiedy dzieci s\u0105 szcz\u0119\u015bliwe:)))<\/li>\n<li><a href=\"http:\/\/www.blox.pl\/html?page=userProfilePreview&amp;username=annazadroza\">annazadroza<\/a> <time title=\"2018\/07\/19 08:23:58\" datetime=\"19.07.2018\">8 miesi\u0119cy temu<\/time>Ewciu:-) Tym razem przesadzi\u0142a\u015b, ani ja wspania\u0142a, ani czarodziejka, najwy\u017cej Baba Jaga;) Ty jeste\u015b wra\u017cliw\u0105, dobr\u0105 istot\u0105 i dlatego si\u0119 wzruszasz. A do tego masz du\u017c\u0105 wyobra\u017ani\u0119. Poza tym je\u015bli kochasz zwierzaki to Ty jeste\u015b wspania\u0142a:)))<br \/>\nU\u015bciski najserdeczniejsze:)))<\/li>\n<li><a href=\"http:\/\/www.blox.pl\/html?page=userProfilePreview&amp;username=annazadroza\">annazadroza<\/a> <time title=\"2018\/07\/19 08:27:32\" datetime=\"19.07.2018\">8 miesi\u0119cy temu<\/time>Fusilko:-) Zach\u0142anno\u015b\u0107 nie pop\u0142aca;) Trzeba by\u0142o kilka chmur zostawi\u0107 na miejscu, nie zabiera\u0107 wszystkich, by\u0142oby Ci \u0142atwiej:))) Przy okazji sprawdzi\u0142a\u015b, \u017ce pami\u0119\u0107 masz dobr\u0105, skoro na pami\u0119\u0107 trafi\u0142a\u015b;)<br \/>\nMacham i \u015bciskam:)))<\/li>\n<li><a href=\"http:\/\/www.blox.pl\/html?page=userProfilePreview&amp;username=annazadroza\">annazadroza<\/a> <time title=\"2018\/07\/19 08:32:15\" datetime=\"19.07.2018\">8 miesi\u0119cy temu<\/time>Urszulo:-) Szkoda owoc\u00f3w zniszczonych przez ulewy. Sz\u0142am wczoraj ko\u0142o mirabelki, mn\u00f3stwo le\u017cy na ziemi nie do u\u017cytku. Dobrze, \u017ce troch\u0119 uda\u0142o Ci si\u0119 zebra\u0107, \u017cycz\u0119 pogody, aby jak najwi\u0119cej mo\u017cna by\u0142o uratowa\u0107. Renklody s\u0105 pyszne, ale takie delikatne, \u017ce szybko si\u0119 psuj\u0105.<\/li>\n<li><a href=\"http:\/\/www.mycastle.blox.pl\/\">e.urlik<\/a> <time title=\"2018\/07\/20 10:45:02\" datetime=\"20.07.2018\">8 miesi\u0119cy temu<\/time>Ankaaaaaa! Teraz to ty przesadzi\u0142a\u015b ;-)))<\/li>\n<li><a href=\"http:\/\/www.blox.pl\/html?page=userProfilePreview&amp;username=annazadroza\">annazadroza<\/a> <time title=\"2018\/07\/20 11:10:44\" datetime=\"20.07.2018\">8 miesi\u0119cy temu<\/time>Ewcia:-) Ja nie ogrodnik, \u017ceby przesadza\u0107;) Ogrodnik to teraz rz\u0105dzi rz\u0105dzi w sejmie i zaraz stra\u017cy swojej ka\u017ce do ludzi strzela\u0107:(<br \/>\nAni s\u0142owa nie cofam z tego, co napisa\u0142am o Tobie. Buzi:)))<\/li>\n<\/ul>\n<\/div>\n<\/div>\n<footer id=\"footer\" class=\"body\">\u00a9 Anna Blog<br \/>\n<a href=\"http:\/\/www.blox.pl\/html\"><img loading=\"lazy\" decoding=\"async\" src=\"http:\/\/biv.gazeta.pl\/css\/blox\/themes\/glowny\/images\/blox-logo.png\" width=\"25\" height=\"25\" \/><\/a><\/p>\n<\/footer>\n<div class=\"fcbkbttn_buttons_block\" id=\"fcbkbttn_middle\"><div class=\"fcbkbttn_like \"><fb:like href=\"https:\/\/annapisze.art\/?p=1041\" action=\"like\" colorscheme=\"light\" layout=\"box_count\"  size=\"small\"><\/fb:like><\/div><div class=\"fb-share-button  \" data-href=\"https:\/\/annapisze.art\/?p=1041\" data-type=\"button_count\" data-size=\"small\"><\/div><\/div>","protected":false},"excerpt":{"rendered":"<p>Czuj\u0119 si\u0119 jak w tropikach, wilgotno\u015b\u0107 powietrza musi by\u0107 wyj\u0105tkowo du\u017ca jak na nasze warunki, bo mam wra\u017cenie, \u017ce woda p\u0142ynie po mnie i wok\u00f3\u0142 mnie, a jak wci\u0105gam powietrze w p\u0142uca, to te\u017c z wod\u0105. Dopiero narzeka\u0142am na susz\u0119, &hellip; <a href=\"https:\/\/annapisze.art\/?p=1041\">Czytaj dalej <span class=\"meta-nav\">&rarr;<\/span><\/a><\/p>\n","protected":false},"author":1,"featured_media":0,"comment_status":"open","ping_status":"open","sticky":false,"template":"","format":"standard","meta":{"footnotes":""},"categories":[8],"tags":[],"class_list":["post-1041","post","type-post","status-publish","format-standard","hentry","category-mysle-sobie"],"_links":{"self":[{"href":"https:\/\/annapisze.art\/index.php?rest_route=\/wp\/v2\/posts\/1041","targetHints":{"allow":["GET"]}}],"collection":[{"href":"https:\/\/annapisze.art\/index.php?rest_route=\/wp\/v2\/posts"}],"about":[{"href":"https:\/\/annapisze.art\/index.php?rest_route=\/wp\/v2\/types\/post"}],"author":[{"embeddable":true,"href":"https:\/\/annapisze.art\/index.php?rest_route=\/wp\/v2\/users\/1"}],"replies":[{"embeddable":true,"href":"https:\/\/annapisze.art\/index.php?rest_route=%2Fwp%2Fv2%2Fcomments&post=1041"}],"version-history":[{"count":1,"href":"https:\/\/annapisze.art\/index.php?rest_route=\/wp\/v2\/posts\/1041\/revisions"}],"predecessor-version":[{"id":1042,"href":"https:\/\/annapisze.art\/index.php?rest_route=\/wp\/v2\/posts\/1041\/revisions\/1042"}],"wp:attachment":[{"href":"https:\/\/annapisze.art\/index.php?rest_route=%2Fwp%2Fv2%2Fmedia&parent=1041"}],"wp:term":[{"taxonomy":"category","embeddable":true,"href":"https:\/\/annapisze.art\/index.php?rest_route=%2Fwp%2Fv2%2Fcategories&post=1041"},{"taxonomy":"post_tag","embeddable":true,"href":"https:\/\/annapisze.art\/index.php?rest_route=%2Fwp%2Fv2%2Ftags&post=1041"}],"curies":[{"name":"wp","href":"https:\/\/api.w.org\/{rel}","templated":true}]}}