{"id":1021,"date":"2019-03-02T18:58:54","date_gmt":"2019-03-02T17:58:54","guid":{"rendered":"http:\/\/annapisze.art\/?p=1021"},"modified":"2019-03-02T18:58:54","modified_gmt":"2019-03-02T17:58:54","slug":"mowili","status":"publish","type":"post","link":"https:\/\/annapisze.art\/?p=1021","title":{"rendered":"M\u00f3wili"},"content":{"rendered":"<p>M\u00f3wili w tv, \u017ce lato wraca. Lato jest po to, \u017ceby by\u0142o ciep\u0142o i dlatego nie narzekam na upa\u0142y. Przecie\u017c tak szybko minie, \u017ce ani si\u0119 obejrzymy jak przyjdzie jesie\u0144. Ju\u017c si\u0119 dzie\u0144 zacz\u0105\u0142 skraca\u0107:(<br \/>\nGor\u0105co w polityce, ale nie b\u0119d\u0119 komentowa\u0107 innych spraw, nawet tego, co widz\u0119 w tej chwili na ekranie, czyli uderzenie w twarz przez rz\u0105dzicieli. My\u015bla\u0142am wczoraj o tym, \u017ce obchodz\u0105 mnie w tej chwili kobiety, ich los i los dzieci. Ka\u017cdych, niepe\u0142nosprawnych doros\u0142ych te\u017c. Dla matki dziecko jest zawsze dzieckiem, bez wzgl\u0119du na to, ile ma lat. I uwa\u017cam, \u017ce na ten temat nie maj\u0105 nic do powiedzenia osoby, kt\u00f3re w czasie pobytu matek w sejmie nie potrafi\u0142y tam przyj\u015b\u0107, nie mia\u0142y odwagi spojrze\u0107 w oczy ani matkom, ani ich kalekim dzieciom. Nie maj\u0105 prawa odzywa\u0107 si\u0119 osoby, kt\u00f3re nie przyzna\u0142y im 500 z\u0142. dodatku na \u017cycie, a miliony z naszych, podatnik\u00f3w, pieni\u0119dzy maj\u0105 czelno\u015b\u0107 przekazywa\u0107 biznesmenowi w sukience. Tak\u017ce nie powinny zabiera\u0107 g\u0142osu osoby, kt\u00f3re dzieci nie maj\u0105, rodzin nie za\u0142o\u017cy\u0142y, czyli tak zwane kiedy\u015b stare panny i starzy kawalerowie (nie myli\u0107 z singlami, bo to inna para kaloszy jest).<br \/>\nNie musia\u0142am podejmowa\u0107 decyzji o aborcji, los mi tego oszcz\u0119dzi\u0142, ale my\u015bl\u0119, \u017ce gdybym mia\u0142a w oczach przysz\u0142o\u015b\u0107 mojego dziecka w postaci jego cierpienia przez ca\u0142e \u017cycie, niemo\u017cno\u015b\u0107 porozumienia si\u0119 z nim, braku sposobu ul\u017cenia mu i \u015bwiadomo\u015b\u0107, \u017ce b\u0119dzie traktowane jak przedmiot, \u017ce po mojej \u015bmierci kto\u015b b\u0119dzie si\u0119 nad nim zn\u0119ca\u0142, ewentualnie b\u0119dzie s\u0142u\u017cy\u0142 bogatym jako &#8222;zbi\u00f3r&#8221; organ\u00f3w do przeszczepu &#8211; to &#8222;nie zrobi\u0142abym mojemu dziecku tego, \u017ceby je mie\u0107&#8221;. Cytat pochodzi z wypowiedzi pewnego m\u0142odego cz\u0142owieka.<br \/>\nI jeszcze pytanie mi si\u0119 nasun\u0119\u0142o &#8211; ilu z pos\u0142\u00f3w czy innych os\u00f3b g\u0142osuj\u0105cych za zakazem usuwania ci\u0105\u017cy w przypadku ci\u0119\u017ckiego i nieodwracalnego uszkodzenia p\u0142odu we\u017amie do swojego domu takie dziecko urodzone przez kobiet\u0119 do tego zmuszon\u0105, wbrew jej woli zmuszon\u0105 do donoszenia ci\u0105\u017cy i urodzenia? Ju\u017c widz\u0119, jak pos\u0142owie z pisu ustawiaj\u0105 si\u0119 w kolejce &#8230; Szczeg\u00f3lnie ci, kt\u00f3rym matki w sejmie przeszkadza\u0142y do tego stopnia, \u017ce si\u0119 z nimi szarpali, wychodzi\u0107 na zewn\u0105trz nie pozwolili, odcinali im dost\u0119p do wind i toalet &#8230;<br \/>\nPrzeczyta\u0142am na pasku w tv, \u017ce ko\u0142o Lubartowa znaleziono w piecu zw\u0119glone zw\u0142oki noworodka, z uszkodzeniami g\u0142owy i klatki piersiowej. Co chwil\u0119 dowiadujemy si\u0119 o zamordowanych dzieciach, o noworodkach w beczkach czy na \u015bmietnikach. Do takich okrucie\u0144stw dokonywanych na urodzonych ju\u017c dzieciach prowadzi zakaz. Ale przecie\u017c urodzone si\u0119 nie licz\u0105, prawda? Liczy si\u0119 tylko krzyk w obronie kilku kom\u00f3rek. Kiedy si\u0119 ju\u017c rozwin\u0105 i przekszta\u0142c\u0105 w urodzonego cz\u0142owieka, przestaj\u0105 si\u0119 liczy\u0107. Gorzkie to&#8230;<\/p>\n<p>4.07.2018<\/p>\n<div id=\"posts-container\" class=\"body\">\n<div id=\"comments-list\" class=\"comments-list\">\n<ul>\n<li><a href=\"http:\/\/www.dotykbolu.blox.pl\/\">bognna<\/a> <time title=\"2018\/07\/04 09:25:38\" datetime=\"04.07.2018\">8 miesi\u0119cy temu<\/time>Bardzo, bardzo gorzkie:(<br \/>\nCo sadze na ten temat opublikowalam u siebie.<\/p>\n<p>P.S.<br \/>\nTutaj upaly straszne:(((((((((<\/li>\n<li><a href=\"http:\/\/www.blox.pl\/html?page=userProfilePreview&amp;username=annazadroza\">annazadroza<\/a> <time title=\"2018\/07\/04 09:54:32\" datetime=\"04.07.2018\">8 miesi\u0119cy temu<\/time>Bognno:-) Moje rozmy\u015blania tym w\u0142a\u015bnie faktem, o kt\u00f3rym wspomnia\u0142a\u015b, by\u0142y spowodowane.<br \/>\nDzi\u015b cieplej:)<\/li>\n<li><a href=\"http:\/\/www.blox.pl\/html?page=userProfilePreview&amp;username=kotimyszkot\">kotimyszkot<\/a> <time title=\"2018\/07\/04 12:01:31\" datetime=\"04.07.2018\">8 miesi\u0119cy temu<\/time>Fakty s\u0105 przera\u017caj\u0105ce.. ci\u0119\u017cki i smutny los chorych i ich bliskich, a Twoje rozmy\u015blania ubieraj\u0105 w s\u0142owa moje. Nie pisz\u0119 o tym, bo m\u00f3j blog to pami\u0119tnik dla dziecka (o naszych zwyk\u0142ych codziennych sprawach). Ale jak najbardziej uwa\u017cam, \u017ce ka\u017cdy powinien mie\u0107 mo\u017cliwo\u015b\u0107 decydowania o sobie i swoich przysz\u0142ych dzieciach..<\/li>\n<li><a href=\"http:\/\/www.mycastle.blox.pl\/\">e.urlik<\/a> <time title=\"2018\/07\/04 14:39:06\" datetime=\"04.07.2018\">8 miesi\u0119cy temu<\/time>A w\u0142a\u015bciwie dlaczego pozwalamy im sob\u0105 pomiata\u0107?<\/li>\n<li><a href=\"http:\/\/www.blox.pl\/html?page=userProfilePreview&amp;username=annazadroza\">annazadroza<\/a> <time title=\"2018\/07\/05 06:46:27\" datetime=\"05.07.2018\">8 miesi\u0119cy temu<\/time>Myszokocie:-) A zauwa\u017cy\u0142a\u015b, \u017ce innym urz\u0105dza\u0107 \u017cycie cz\u0119sto chc\u0105 tacy &#8222;wybrakowani&#8221; ludzie, kt\u00f3rzy ze swoim sobie poradzi\u0107 nie mog\u0105? Rekompensuj\u0105 to sobie wy\u017cywaj\u0105c si\u0119 na otoczeniu. W zale\u017cno\u015bci od sytuacji i mo\u017cliwo\u015bci &#8211; w skali rodziny, gminy, kraju, a niekt\u00f3rzy ca\u0142y \u015bwiat trzymaliby ch\u0119tnie pod swoim butem.<\/li>\n<li><a href=\"http:\/\/www.blox.pl\/html?page=userProfilePreview&amp;username=annazadroza\">annazadroza<\/a> <time title=\"2018\/07\/05 06:57:52\" datetime=\"05.07.2018\">8 miesi\u0119cy temu<\/time>Ewo:-) Bo chyba mamy dusze niewolnik\u00f3w albo ch\u0142op\u00f3w pa\u0144szczy\u017anianych, kt\u00f3rzy nie potrafi\u0105 samodzielnie funkcjonowa\u0107 i my\u015bl\u0105 si\u0119ga\u0107 dalej ni\u017c zagroda najbli\u017cszego s\u0105siada. A my\u015bl dotyczy tylko jednego &#8211; \u017ceby jemu by\u0142o gorzej ni\u017c mnie. Nie &#8211; aby, mnie si\u0119 poprawi\u0142o i by\u0142o tak dobrze jak jemu, tylko jemu gorzej. Nie dojrzeli\u015bmy do miana spo\u0142ecze\u0144stwa obywatelskiego.<br \/>\nDruga my\u015bl &#8211; nie wygrasz z kim\u015b, kto choruje na s\u0142owotok wylewaj\u0105cy si\u0119 z niego, zawieraj\u0105cy wyuczony &#8222;przekaz dnia&#8221;. Bez wzgl\u0119du na pytanie ka\u017cdy odpowiada tak samo, zakrzykuj\u0105c innych i nie pr\u00f3buj\u0105c zrozumie\u0107 ani s\u0142owa. Tylko czy to mo\u017cliwe, \u017ceby a\u017c tak wielu mia\u0142o bielmo na oczach? Chyba raczej maj\u0105 w tym interes. To tak jak z czerwonym suknem wyszarpywanym umieraj\u0105cemu, co ksi\u0105\u017c\u0119 Bogus\u0142aw t\u0142umaczy\u0142 Kmicicowi.<\/li>\n<li><a href=\"http:\/\/www.blox.pl\/html?page=userProfilePreview&amp;username=babciabezmohera\">babciabezmohera<\/a> <time title=\"2018\/07\/05 20:42:57\" datetime=\"05.07.2018\">8 miesi\u0119cy temu<\/time>Czekam z ut\u0119sknieniem, \u017ceby ta nieludzka partia znikn\u0119\u0142a z powierzchni ziemi, \u017ceby najmniejszy nawet \u015blad po niej nie pozosta\u0142!!<\/li>\n<li><a href=\"http:\/\/www.blox.pl\/html?page=userProfilePreview&amp;username=annazadroza\">annazadroza<\/a> <time title=\"2018\/07\/05 21:29:54\" datetime=\"05.07.2018\">8 miesi\u0119cy temu<\/time>BBM:-) Wielu na to czeka. Oby wi\u0119cej na oczy przejrza\u0142o.<\/li>\n<li><a href=\"http:\/\/www.blox.pl\/html?page=userProfilePreview&amp;username=marijana2\">marijana2<\/a> <time title=\"2018\/07\/05 21:43:18\" datetime=\"05.07.2018\">8 miesi\u0119cy temu<\/time>Gorzko prawdziwe jest to, co napisa\u0142a\u015b i to, co przeczyta\u0142am w komentarzach. Podpisuj\u0119 si\u0119 pod ka\u017cdym s\u0142owem.<\/li>\n<li><a href=\"http:\/\/www.blox.pl\/html?page=userProfilePreview&amp;username=annazadroza\">annazadroza<\/a> <time title=\"2018\/07\/06 07:44:43\" datetime=\"06.07.2018\">8 miesi\u0119cy temu<\/time>Marijanko:-) Co tu wi\u0119cej m\u00f3wi\u0107? U\u015bciski serdeczne posy\u0142am:)<\/li>\n<\/ul>\n<\/div>\n<\/div>\n<footer id=\"footer\" class=\"body\">\u00a9 Anna Blog<br \/>\n<a href=\"http:\/\/www.blox.pl\/html\"><img loading=\"lazy\" decoding=\"async\" src=\"http:\/\/biv.gazeta.pl\/css\/blox\/themes\/glowny\/images\/blox-logo.png\" width=\"25\" height=\"25\" \/><\/a><\/p>\n<\/footer>\n<div class=\"fcbkbttn_buttons_block\" id=\"fcbkbttn_middle\"><div class=\"fcbkbttn_like \"><fb:like href=\"https:\/\/annapisze.art\/?p=1021\" action=\"like\" colorscheme=\"light\" layout=\"box_count\"  size=\"small\"><\/fb:like><\/div><div class=\"fb-share-button  \" data-href=\"https:\/\/annapisze.art\/?p=1021\" data-type=\"button_count\" data-size=\"small\"><\/div><\/div>","protected":false},"excerpt":{"rendered":"<p>M\u00f3wili w tv, \u017ce lato wraca. Lato jest po to, \u017ceby by\u0142o ciep\u0142o i dlatego nie narzekam na upa\u0142y. Przecie\u017c tak szybko minie, \u017ce ani si\u0119 obejrzymy jak przyjdzie jesie\u0144. Ju\u017c si\u0119 dzie\u0144 zacz\u0105\u0142 skraca\u0107:( Gor\u0105co w polityce, ale nie &hellip; <a href=\"https:\/\/annapisze.art\/?p=1021\">Czytaj dalej <span class=\"meta-nav\">&rarr;<\/span><\/a><\/p>\n","protected":false},"author":1,"featured_media":0,"comment_status":"open","ping_status":"open","sticky":false,"template":"","format":"standard","meta":{"footnotes":""},"categories":[8],"tags":[],"class_list":["post-1021","post","type-post","status-publish","format-standard","hentry","category-mysle-sobie"],"_links":{"self":[{"href":"https:\/\/annapisze.art\/index.php?rest_route=\/wp\/v2\/posts\/1021","targetHints":{"allow":["GET"]}}],"collection":[{"href":"https:\/\/annapisze.art\/index.php?rest_route=\/wp\/v2\/posts"}],"about":[{"href":"https:\/\/annapisze.art\/index.php?rest_route=\/wp\/v2\/types\/post"}],"author":[{"embeddable":true,"href":"https:\/\/annapisze.art\/index.php?rest_route=\/wp\/v2\/users\/1"}],"replies":[{"embeddable":true,"href":"https:\/\/annapisze.art\/index.php?rest_route=%2Fwp%2Fv2%2Fcomments&post=1021"}],"version-history":[{"count":1,"href":"https:\/\/annapisze.art\/index.php?rest_route=\/wp\/v2\/posts\/1021\/revisions"}],"predecessor-version":[{"id":1022,"href":"https:\/\/annapisze.art\/index.php?rest_route=\/wp\/v2\/posts\/1021\/revisions\/1022"}],"wp:attachment":[{"href":"https:\/\/annapisze.art\/index.php?rest_route=%2Fwp%2Fv2%2Fmedia&parent=1021"}],"wp:term":[{"taxonomy":"category","embeddable":true,"href":"https:\/\/annapisze.art\/index.php?rest_route=%2Fwp%2Fv2%2Fcategories&post=1021"},{"taxonomy":"post_tag","embeddable":true,"href":"https:\/\/annapisze.art\/index.php?rest_route=%2Fwp%2Fv2%2Ftags&post=1021"}],"curies":[{"name":"wp","href":"https:\/\/api.w.org\/{rel}","templated":true}]}}